{"id":1072,"date":"2019-03-10T03:00:00","date_gmt":"2019-03-10T03:00:00","guid":{"rendered":"faifaculdade.com.br\/portal\/index.php\/2019\/03\/10\/alunos-e-professores-de-enfermagem-da-fai-implantam-grupo-de-estudos-e-pesquisa-em-urgencias-clinicas\/"},"modified":"2019-03-10T03:00:00","modified_gmt":"2019-03-10T03:00:00","slug":"alunos-e-professores-de-enfermagem-da-fai-implantam-grupo-de-estudos-e-pesquisa-em-urgencias-clinicas","status":"publish","type":"post","link":"https:\/\/faifaculdade.com.br\/portal\/alunos-e-professores-de-enfermagem-da-fai-implantam-grupo-de-estudos-e-pesquisa-em-urgencias-clinicas\/","title":{"rendered":"ALUNOS E PROFESSORES DE ENFERMAGEM DA FAI IMPLANTAM GRUPO DE ESTUDOS E PESQUISA EM URG\u00caNCIAS CL\u00cdNICAS"},"content":{"rendered":"<p><big>Alunos do 9&ordm; semestre do curso de Enfermagem da FAI, tendo como coordenador o professor Edilson Filho, no &uacute;ltimo dia 26 de fevereiro realizaram a implementa&ccedil;&atilde;o do Grupo de Estudos e Pesquisa em Urg&ecirc;ncias Cl&iacute;nicas (GEPUC). Durante o evento, foi apresentada a proposta do grupo aos alunos e docentes da institui&ccedil;&atilde;o, al&eacute;m de uma mesa redonda onde se abordou o tema das Centrais de regula&ccedil;&atilde;o e o uso da ferramenta de classifica&ccedil;&atilde;o de risco.<\/big><\/p>\n<p><big>Al&eacute;m de alunos e professores da FAI, participaram do debate a Enfermeira Silvia Claudia, coordenadora do Centro de Regula&ccedil;&atilde;o de Urg&ecirc;ncia &#8211; CRU &#8211; da macro regi&atilde;o centro norte; a m&eacute;dica reguladora da CRU Sarah Guimar&atilde;es e Claudio Jos&eacute;, enfermeiro da unidade de emerg&ecirc;ncia do hospital de refer&ecirc;ncia da regi&atilde;o de Irec&ecirc;.<\/big><\/p>\n<p><big>De acordo com a Coordenadora do curso de Enfermagem da FAI, N&aacute;dja Shirley, a abertura do Grupo de Estudos foi um momento de muito aprendizado e troca de experi&ecirc;ncias. &quot;O GEPUC veio para ficar, esta &eacute; apenas uma semente do grande trabalho que iremos realizar&quot;, afirmou, entusiasmada, a Coordenadora.<\/big><\/p>\n","protected":false},"excerpt":{"rendered":"<p>Alunos do 9&ordm; semestre do curso de Enfermagem da FAI, tendo como coordenador o professor Edilson Filho, no &uacute;ltimo dia<\/p>\n","protected":false},"author":1,"featured_media":1073,"comment_status":"closed","ping_status":"closed","sticky":false,"template":"","format":"standard","meta":{"_editorskit_title_hidden":false,"_editorskit_reading_time":0,"_editorskit_is_block_options_detached":false,"_editorskit_block_options_position":"{}","footnotes":""},"categories":[25],"tags":[],"class_list":["post-1072","post","type-post","status-publish","format-standard","has-post-thumbnail","hentry","category-noticias"],"yoast_head":"<!-- This site is optimized with the Yoast SEO plugin v25.3 - https:\/\/yoast.com\/wordpress\/plugins\/seo\/ -->\n<title>ALUNOS E PROFESSORES DE ENFERMAGEM DA FAI IMPLANTAM GRUPO DE ESTUDOS E PESQUISA EM URG\u00caNCIAS CL\u00cdNICAS - FAI - Faculdade Irec\u00ea<\/title>\n<meta name=\"robots\" content=\"index, follow, max-snippet:-1, max-image-preview:large, max-video-preview:-1\" \/>\n<link rel=\"canonical\" href=\"https:\/\/faifaculdade.com.br\/portal\/alunos-e-professores-de-enfermagem-da-fai-implantam-grupo-de-estudos-e-pesquisa-em-urgencias-clinicas\/\" \/>\n<meta property=\"og:locale\" content=\"pt_BR\" \/>\n<meta property=\"og:type\" content=\"article\" \/>\n<meta property=\"og:title\" content=\"ALUNOS E PROFESSORES DE ENFERMAGEM DA FAI IMPLANTAM GRUPO DE ESTUDOS E PESQUISA EM URG\u00caNCIAS CL\u00cdNICAS - FAI - Faculdade Irec\u00ea\" \/>\n<meta property=\"og:description\" content=\"Alunos do 9&ordm; semestre do curso de Enfermagem da FAI, tendo como coordenador o professor Edilson Filho, no &uacute;ltimo dia\" \/>\n<meta property=\"og:url\" content=\"https:\/\/faifaculdade.com.br\/portal\/alunos-e-professores-de-enfermagem-da-fai-implantam-grupo-de-estudos-e-pesquisa-em-urgencias-clinicas\/\" \/>\n<meta property=\"og:site_name\" content=\"FAI - Faculdade Irec\u00ea\" \/>\n<meta property=\"article:publisher\" content=\"https:\/\/www.facebook.com\/faifaculdade\" \/>\n<meta property=\"article:published_time\" content=\"2019-03-10T03:00:00+00:00\" \/>\n<meta property=\"og:image\" content=\"https:\/\/faifaculdade.com.br\/portal\/wp-content\/uploads\/2022\/04\/noticia_201903011044.png\" \/>\n\t<meta property=\"og:image:width\" content=\"900\" \/>\n\t<meta property=\"og:image:height\" content=\"900\" \/>\n\t<meta property=\"og:image:type\" content=\"image\/png\" \/>\n<meta name=\"author\" content=\"fai-admin\" \/>\n<meta name=\"twitter:card\" content=\"summary_large_image\" \/>\n<meta name=\"twitter:label1\" content=\"Escrito por\" \/>\n\t<meta name=\"twitter:data1\" content=\"fai-admin\" \/>\n\t<meta name=\"twitter:label2\" content=\"Est. tempo de leitura\" \/>\n\t<meta name=\"twitter:data2\" content=\"1 minuto\" \/>\n<script type=\"application\/ld+json\" class=\"yoast-schema-graph\">{\"@context\":\"https:\/\/schema.org\",\"@graph\":[{\"@type\":\"Article\",\"@id\":\"https:\/\/faifaculdade.com.br\/portal\/alunos-e-professores-de-enfermagem-da-fai-implantam-grupo-de-estudos-e-pesquisa-em-urgencias-clinicas\/#article\",\"isPartOf\":{\"@id\":\"https:\/\/faifaculdade.com.br\/portal\/alunos-e-professores-de-enfermagem-da-fai-implantam-grupo-de-estudos-e-pesquisa-em-urgencias-clinicas\/\"},\"author\":{\"name\":\"fai-admin\",\"@id\":\"https:\/\/faifaculdade.com.br\/portal\/#\/schema\/person\/cd0e880fdb968293d4d102e4acd90aac\"},\"headline\":\"ALUNOS E PROFESSORES DE ENFERMAGEM DA FAI IMPLANTAM GRUPO DE ESTUDOS E PESQUISA EM URG\u00caNCIAS CL\u00cdNICAS\",\"datePublished\":\"2019-03-10T03:00:00+00:00\",\"mainEntityOfPage\":{\"@id\":\"https:\/\/faifaculdade.com.br\/portal\/alunos-e-professores-de-enfermagem-da-fai-implantam-grupo-de-estudos-e-pesquisa-em-urgencias-clinicas\/\"},\"wordCount\":238,\"publisher\":{\"@id\":\"https:\/\/faifaculdade.com.br\/portal\/#organization\"},\"image\":{\"@id\":\"https:\/\/faifaculdade.com.br\/portal\/alunos-e-professores-de-enfermagem-da-fai-implantam-grupo-de-estudos-e-pesquisa-em-urgencias-clinicas\/#primaryimage\"},\"thumbnailUrl\":\"https:\/\/faifaculdade.com.br\/portal\/wp-content\/uploads\/2022\/04\/noticia_201903011044.png\",\"articleSection\":[\"Not\u00edcias\"],\"inLanguage\":\"pt-BR\"},{\"@type\":\"WebPage\",\"@id\":\"https:\/\/faifaculdade.com.br\/portal\/alunos-e-professores-de-enfermagem-da-fai-implantam-grupo-de-estudos-e-pesquisa-em-urgencias-clinicas\/\",\"url\":\"https:\/\/faifaculdade.com.br\/portal\/alunos-e-professores-de-enfermagem-da-fai-implantam-grupo-de-estudos-e-pesquisa-em-urgencias-clinicas\/\",\"name\":\"ALUNOS E PROFESSORES DE ENFERMAGEM DA FAI IMPLANTAM GRUPO DE ESTUDOS E PESQUISA EM URG\u00caNCIAS CL\u00cdNICAS - FAI - Faculdade Irec\u00ea\",\"isPartOf\":{\"@id\":\"https:\/\/faifaculdade.com.br\/portal\/#website\"},\"primaryImageOfPage\":{\"@id\":\"https:\/\/faifaculdade.com.br\/portal\/alunos-e-professores-de-enfermagem-da-fai-implantam-grupo-de-estudos-e-pesquisa-em-urgencias-clinicas\/#primaryimage\"},\"image\":{\"@id\":\"https:\/\/faifaculdade.com.br\/portal\/alunos-e-professores-de-enfermagem-da-fai-implantam-grupo-de-estudos-e-pesquisa-em-urgencias-clinicas\/#primaryimage\"},\"thumbnailUrl\":\"https:\/\/faifaculdade.com.br\/portal\/wp-content\/uploads\/2022\/04\/noticia_201903011044.png\",\"datePublished\":\"2019-03-10T03:00:00+00:00\",\"breadcrumb\":{\"@id\":\"https:\/\/faifaculdade.com.br\/portal\/alunos-e-professores-de-enfermagem-da-fai-implantam-grupo-de-estudos-e-pesquisa-em-urgencias-clinicas\/#breadcrumb\"},\"inLanguage\":\"pt-BR\",\"potentialAction\":[{\"@type\":\"ReadAction\",\"target\":[\"https:\/\/faifaculdade.com.br\/portal\/alunos-e-professores-de-enfermagem-da-fai-implantam-grupo-de-estudos-e-pesquisa-em-urgencias-clinicas\/\"]}]},{\"@type\":\"ImageObject\",\"inLanguage\":\"pt-BR\",\"@id\":\"https:\/\/faifaculdade.com.br\/portal\/alunos-e-professores-de-enfermagem-da-fai-implantam-grupo-de-estudos-e-pesquisa-em-urgencias-clinicas\/#primaryimage\",\"url\":\"https:\/\/faifaculdade.com.br\/portal\/wp-content\/uploads\/2022\/04\/noticia_201903011044.png\",\"contentUrl\":\"https:\/\/faifaculdade.com.br\/portal\/wp-content\/uploads\/2022\/04\/noticia_201903011044.png\",\"width\":900,\"height\":900},{\"@type\":\"BreadcrumbList\",\"@id\":\"https:\/\/faifaculdade.com.br\/portal\/alunos-e-professores-de-enfermagem-da-fai-implantam-grupo-de-estudos-e-pesquisa-em-urgencias-clinicas\/#breadcrumb\",\"itemListElement\":[{\"@type\":\"ListItem\",\"position\":1,\"name\":\"In\u00edcio\",\"item\":\"https:\/\/faifaculdade.com.br\/portal\/\"},{\"@type\":\"ListItem\",\"position\":2,\"name\":\"ALUNOS E PROFESSORES DE ENFERMAGEM DA FAI IMPLANTAM GRUPO DE ESTUDOS E PESQUISA EM URG\u00caNCIAS CL\u00cdNICAS\"}]},{\"@type\":\"WebSite\",\"@id\":\"https:\/\/faifaculdade.com.br\/portal\/#website\",\"url\":\"https:\/\/faifaculdade.com.br\/portal\/\",\"name\":\"FAI - Faculdade Irec\u00ea\",\"description\":\"Portal da Faculdade Irec\u00ea\",\"publisher\":{\"@id\":\"https:\/\/faifaculdade.com.br\/portal\/#organization\"},\"potentialAction\":[{\"@type\":\"SearchAction\",\"target\":{\"@type\":\"EntryPoint\",\"urlTemplate\":\"https:\/\/faifaculdade.com.br\/portal\/?s={search_term_string}\"},\"query-input\":{\"@type\":\"PropertyValueSpecification\",\"valueRequired\":true,\"valueName\":\"search_term_string\"}}],\"inLanguage\":\"pt-BR\"},{\"@type\":\"Organization\",\"@id\":\"https:\/\/faifaculdade.com.br\/portal\/#organization\",\"name\":\"FAI - Faculdade Irec\u00ea\",\"url\":\"https:\/\/faifaculdade.com.br\/portal\/\",\"logo\":{\"@type\":\"ImageObject\",\"inLanguage\":\"pt-BR\",\"@id\":\"https:\/\/faifaculdade.com.br\/portal\/#\/schema\/logo\/image\/\",\"url\":\"https:\/\/faifaculdade.com.br\/portal\/wp-content\/uploads\/2023\/04\/cropped-FAI.png\",\"contentUrl\":\"https:\/\/faifaculdade.com.br\/portal\/wp-content\/uploads\/2023\/04\/cropped-FAI.png\",\"width\":3000,\"height\":1201,\"caption\":\"FAI - Faculdade Irec\u00ea\"},\"image\":{\"@id\":\"https:\/\/faifaculdade.com.br\/portal\/#\/schema\/logo\/image\/\"},\"sameAs\":[\"https:\/\/www.facebook.com\/faifaculdade\",\"https:\/\/www.instagram.com\/faifaculdade\/\"]},{\"@type\":\"Person\",\"@id\":\"https:\/\/faifaculdade.com.br\/portal\/#\/schema\/person\/cd0e880fdb968293d4d102e4acd90aac\",\"name\":\"fai-admin\",\"image\":{\"@type\":\"ImageObject\",\"inLanguage\":\"pt-BR\",\"@id\":\"https:\/\/faifaculdade.com.br\/portal\/#\/schema\/person\/image\/\",\"url\":\"https:\/\/secure.gravatar.com\/avatar\/baf9a0dc93f1d972c87f8d3e9f1151ae6f621afbcdf9d89d4d70411885770c3f?s=96&d=mm&r=g\",\"contentUrl\":\"https:\/\/secure.gravatar.com\/avatar\/baf9a0dc93f1d972c87f8d3e9f1151ae6f621afbcdf9d89d4d70411885770c3f?s=96&d=mm&r=g\",\"caption\":\"fai-admin\"},\"sameAs\":[\"http:\/\/faifaculdade.com.br\"],\"url\":\"https:\/\/faifaculdade.com.br\/portal\/author\/fai-admin\/\"}]}<\/script>\n<!-- \/ Yoast SEO plugin. -->","yoast_head_json":{"title":"ALUNOS E PROFESSORES DE ENFERMAGEM DA FAI IMPLANTAM GRUPO DE ESTUDOS E PESQUISA EM URG\u00caNCIAS CL\u00cdNICAS - FAI - Faculdade Irec\u00ea","robots":{"index":"index","follow":"follow","max-snippet":"max-snippet:-1","max-image-preview":"max-image-preview:large","max-video-preview":"max-video-preview:-1"},"canonical":"https:\/\/faifaculdade.com.br\/portal\/alunos-e-professores-de-enfermagem-da-fai-implantam-grupo-de-estudos-e-pesquisa-em-urgencias-clinicas\/","og_locale":"pt_BR","og_type":"article","og_title":"ALUNOS E PROFESSORES DE ENFERMAGEM DA FAI IMPLANTAM GRUPO DE ESTUDOS E PESQUISA EM URG\u00caNCIAS CL\u00cdNICAS - FAI - Faculdade Irec\u00ea","og_description":"Alunos do 9&ordm; semestre do curso de Enfermagem da FAI, tendo como coordenador o professor Edilson Filho, no &uacute;ltimo dia","og_url":"https:\/\/faifaculdade.com.br\/portal\/alunos-e-professores-de-enfermagem-da-fai-implantam-grupo-de-estudos-e-pesquisa-em-urgencias-clinicas\/","og_site_name":"FAI - Faculdade Irec\u00ea","article_publisher":"https:\/\/www.facebook.com\/faifaculdade","article_published_time":"2019-03-10T03:00:00+00:00","og_image":[{"width":900,"height":900,"url":"https:\/\/faifaculdade.com.br\/portal\/wp-content\/uploads\/2022\/04\/noticia_201903011044.png","type":"image\/png"}],"author":"fai-admin","twitter_card":"summary_large_image","twitter_misc":{"Escrito por":"fai-admin","Est. tempo de leitura":"1 minuto"},"schema":{"@context":"https:\/\/schema.org","@graph":[{"@type":"Article","@id":"https:\/\/faifaculdade.com.br\/portal\/alunos-e-professores-de-enfermagem-da-fai-implantam-grupo-de-estudos-e-pesquisa-em-urgencias-clinicas\/#article","isPartOf":{"@id":"https:\/\/faifaculdade.com.br\/portal\/alunos-e-professores-de-enfermagem-da-fai-implantam-grupo-de-estudos-e-pesquisa-em-urgencias-clinicas\/"},"author":{"name":"fai-admin","@id":"https:\/\/faifaculdade.com.br\/portal\/#\/schema\/person\/cd0e880fdb968293d4d102e4acd90aac"},"headline":"ALUNOS E PROFESSORES DE ENFERMAGEM DA FAI IMPLANTAM GRUPO DE ESTUDOS E PESQUISA EM URG\u00caNCIAS CL\u00cdNICAS","datePublished":"2019-03-10T03:00:00+00:00","mainEntityOfPage":{"@id":"https:\/\/faifaculdade.com.br\/portal\/alunos-e-professores-de-enfermagem-da-fai-implantam-grupo-de-estudos-e-pesquisa-em-urgencias-clinicas\/"},"wordCount":238,"publisher":{"@id":"https:\/\/faifaculdade.com.br\/portal\/#organization"},"image":{"@id":"https:\/\/faifaculdade.com.br\/portal\/alunos-e-professores-de-enfermagem-da-fai-implantam-grupo-de-estudos-e-pesquisa-em-urgencias-clinicas\/#primaryimage"},"thumbnailUrl":"https:\/\/faifaculdade.com.br\/portal\/wp-content\/uploads\/2022\/04\/noticia_201903011044.png","articleSection":["Not\u00edcias"],"inLanguage":"pt-BR"},{"@type":"WebPage","@id":"https:\/\/faifaculdade.com.br\/portal\/alunos-e-professores-de-enfermagem-da-fai-implantam-grupo-de-estudos-e-pesquisa-em-urgencias-clinicas\/","url":"https:\/\/faifaculdade.com.br\/portal\/alunos-e-professores-de-enfermagem-da-fai-implantam-grupo-de-estudos-e-pesquisa-em-urgencias-clinicas\/","name":"ALUNOS E PROFESSORES DE ENFERMAGEM DA FAI IMPLANTAM GRUPO DE ESTUDOS E PESQUISA EM URG\u00caNCIAS CL\u00cdNICAS - FAI - Faculdade Irec\u00ea","isPartOf":{"@id":"https:\/\/faifaculdade.com.br\/portal\/#website"},"primaryImageOfPage":{"@id":"https:\/\/faifaculdade.com.br\/portal\/alunos-e-professores-de-enfermagem-da-fai-implantam-grupo-de-estudos-e-pesquisa-em-urgencias-clinicas\/#primaryimage"},"image":{"@id":"https:\/\/faifaculdade.com.br\/portal\/alunos-e-professores-de-enfermagem-da-fai-implantam-grupo-de-estudos-e-pesquisa-em-urgencias-clinicas\/#primaryimage"},"thumbnailUrl":"https:\/\/faifaculdade.com.br\/portal\/wp-content\/uploads\/2022\/04\/noticia_201903011044.png","datePublished":"2019-03-10T03:00:00+00:00","breadcrumb":{"@id":"https:\/\/faifaculdade.com.br\/portal\/alunos-e-professores-de-enfermagem-da-fai-implantam-grupo-de-estudos-e-pesquisa-em-urgencias-clinicas\/#breadcrumb"},"inLanguage":"pt-BR","potentialAction":[{"@type":"ReadAction","target":["https:\/\/faifaculdade.com.br\/portal\/alunos-e-professores-de-enfermagem-da-fai-implantam-grupo-de-estudos-e-pesquisa-em-urgencias-clinicas\/"]}]},{"@type":"ImageObject","inLanguage":"pt-BR","@id":"https:\/\/faifaculdade.com.br\/portal\/alunos-e-professores-de-enfermagem-da-fai-implantam-grupo-de-estudos-e-pesquisa-em-urgencias-clinicas\/#primaryimage","url":"https:\/\/faifaculdade.com.br\/portal\/wp-content\/uploads\/2022\/04\/noticia_201903011044.png","contentUrl":"https:\/\/faifaculdade.com.br\/portal\/wp-content\/uploads\/2022\/04\/noticia_201903011044.png","width":900,"height":900},{"@type":"BreadcrumbList","@id":"https:\/\/faifaculdade.com.br\/portal\/alunos-e-professores-de-enfermagem-da-fai-implantam-grupo-de-estudos-e-pesquisa-em-urgencias-clinicas\/#breadcrumb","itemListElement":[{"@type":"ListItem","position":1,"name":"In\u00edcio","item":"https:\/\/faifaculdade.com.br\/portal\/"},{"@type":"ListItem","position":2,"name":"ALUNOS E PROFESSORES DE ENFERMAGEM DA FAI IMPLANTAM GRUPO DE ESTUDOS E PESQUISA EM URG\u00caNCIAS CL\u00cdNICAS"}]},{"@type":"WebSite","@id":"https:\/\/faifaculdade.com.br\/portal\/#website","url":"https:\/\/faifaculdade.com.br\/portal\/","name":"FAI - Faculdade Irec\u00ea","description":"Portal da Faculdade Irec\u00ea","publisher":{"@id":"https:\/\/faifaculdade.com.br\/portal\/#organization"},"potentialAction":[{"@type":"SearchAction","target":{"@type":"EntryPoint","urlTemplate":"https:\/\/faifaculdade.com.br\/portal\/?s={search_term_string}"},"query-input":{"@type":"PropertyValueSpecification","valueRequired":true,"valueName":"search_term_string"}}],"inLanguage":"pt-BR"},{"@type":"Organization","@id":"https:\/\/faifaculdade.com.br\/portal\/#organization","name":"FAI - Faculdade Irec\u00ea","url":"https:\/\/faifaculdade.com.br\/portal\/","logo":{"@type":"ImageObject","inLanguage":"pt-BR","@id":"https:\/\/faifaculdade.com.br\/portal\/#\/schema\/logo\/image\/","url":"https:\/\/faifaculdade.com.br\/portal\/wp-content\/uploads\/2023\/04\/cropped-FAI.png","contentUrl":"https:\/\/faifaculdade.com.br\/portal\/wp-content\/uploads\/2023\/04\/cropped-FAI.png","width":3000,"height":1201,"caption":"FAI - Faculdade Irec\u00ea"},"image":{"@id":"https:\/\/faifaculdade.com.br\/portal\/#\/schema\/logo\/image\/"},"sameAs":["https:\/\/www.facebook.com\/faifaculdade","https:\/\/www.instagram.com\/faifaculdade\/"]},{"@type":"Person","@id":"https:\/\/faifaculdade.com.br\/portal\/#\/schema\/person\/cd0e880fdb968293d4d102e4acd90aac","name":"fai-admin","image":{"@type":"ImageObject","inLanguage":"pt-BR","@id":"https:\/\/faifaculdade.com.br\/portal\/#\/schema\/person\/image\/","url":"https:\/\/secure.gravatar.com\/avatar\/baf9a0dc93f1d972c87f8d3e9f1151ae6f621afbcdf9d89d4d70411885770c3f?s=96&d=mm&r=g","contentUrl":"https:\/\/secure.gravatar.com\/avatar\/baf9a0dc93f1d972c87f8d3e9f1151ae6f621afbcdf9d89d4d70411885770c3f?s=96&d=mm&r=g","caption":"fai-admin"},"sameAs":["http:\/\/faifaculdade.com.br"],"url":"https:\/\/faifaculdade.com.br\/portal\/author\/fai-admin\/"}]}},"_links":{"self":[{"href":"https:\/\/faifaculdade.com.br\/portal\/wp-json\/wp\/v2\/posts\/1072","targetHints":{"allow":["GET"]}}],"collection":[{"href":"https:\/\/faifaculdade.com.br\/portal\/wp-json\/wp\/v2\/posts"}],"about":[{"href":"https:\/\/faifaculdade.com.br\/portal\/wp-json\/wp\/v2\/types\/post"}],"author":[{"embeddable":true,"href":"https:\/\/faifaculdade.com.br\/portal\/wp-json\/wp\/v2\/users\/1"}],"replies":[{"embeddable":true,"href":"https:\/\/faifaculdade.com.br\/portal\/wp-json\/wp\/v2\/comments?post=1072"}],"version-history":[{"count":0,"href":"https:\/\/faifaculdade.com.br\/portal\/wp-json\/wp\/v2\/posts\/1072\/revisions"}],"wp:featuredmedia":[{"embeddable":true,"href":"https:\/\/faifaculdade.com.br\/portal\/wp-json\/wp\/v2\/media\/1073"}],"wp:attachment":[{"href":"https:\/\/faifaculdade.com.br\/portal\/wp-json\/wp\/v2\/media?parent=1072"}],"wp:term":[{"taxonomy":"category","embeddable":true,"href":"https:\/\/faifaculdade.com.br\/portal\/wp-json\/wp\/v2\/categories?post=1072"},{"taxonomy":"post_tag","embeddable":true,"href":"https:\/\/faifaculdade.com.br\/portal\/wp-json\/wp\/v2\/tags?post=1072"}],"curies":[{"name":"wp","href":"https:\/\/api.w.org\/{rel}","templated":true}]}}