{"id":1225,"date":"2020-06-16T00:00:00","date_gmt":"2020-06-16T00:00:00","guid":{"rendered":"faifaculdade.com.br\/portal\/index.php\/2020\/06\/16\/fai-realizou-sua-1o-webconferencia-da-saude-n-a-saude-em-tempos-de-coronavirus\/"},"modified":"2020-06-16T00:00:00","modified_gmt":"2020-06-16T00:00:00","slug":"fai-realizou-sua-1o-webconferencia-da-saude-n-a-saude-em-tempos-de-coronavirus","status":"publish","type":"post","link":"https:\/\/faifaculdade.com.br\/portal\/fai-realizou-sua-1o-webconferencia-da-saude-n-a-saude-em-tempos-de-coronavirus\/","title":{"rendered":"FAI REALIZOU SUA 1\u00aa WEBCONFER\u00caNCIA DA SA\u00daDE \u2013 A SA\u00daDE EM TEMPOS DE CORONAV\u00cdRUS"},"content":{"rendered":"<p>O Novo Coronav&iacute;rus foi tema da webconfer&ecirc;ncia realizada nos dias 3, 4 e 5 de junho de 2020. A FAI, por meio dos cursos de Enfermagem, Farm&aacute;cia e Psicologia, trouxe a tem&aacute;tica &ldquo;A sa&uacute;de em tempos de coronav&iacute;rus&rdquo; para os acad&ecirc;micos, profissionais de sa&uacute;de e &aacute;reas afins.<\/p>\n<p>A webconfer&ecirc;ncia discutiu diversas tem&aacute;ticas, como o Sus e os desafios da sa&uacute;de durante a pand&ecirc;mia, Responsabilidade Social, Diagn&oacute;stico Cl&iacute;nico, Tratamentos e Potencias Tratamentos, Manejo cl&iacute;nico e Aspectos Psicol&oacute;gicos relacionados a como lidar com os desafios da sa&uacute;de mental frente &agrave; pandemia.<\/p>\n<p>O evento foi GRATUITO e contou com a participa&ccedil;&atilde;o de diversos professores e pesquisadores da &aacute;rea de sa&uacute;de que apresentaram temas neste evento ao vivo, realizado pela plataforma Zoom.<\/p>\n<p>Para as Coordenadoras dos cursos de Farm&aacute;cia, Enfermagem e Psicologia (Joseneide Alves, N&aacute;dja Shirlley e Edilana Campos), o objetivo do evento foi agregar conhecimento &agrave; comunidade acad&ecirc;mica ao debater sobre os desafios e a import&acirc;ncia da &aacute;rea de Sa&uacute;de durante a pandemia de Covid-19. Todos os temas foram de grande relev&acirc;ncia neste contexto atual, o que possibilitou diversos e enriquecedores di&aacute;logos para a &aacute;rea de Sa&uacute;de. A FAI agradece a todos profissionais farmac&ecirc;uticos, enfermeiros, psic&oacute;logos e m&eacute;dicos de refer&ecirc;ncia municipal e estadual que contribu&iacute;ram para o sucesso desta Webconfer&ecirc;ncia da Sa&uacute;de.<\/p>\n","protected":false},"excerpt":{"rendered":"<p>O Novo Coronav&iacute;rus foi tema da webconfer&ecirc;ncia realizada nos dias 3, 4 e 5 de junho de 2020. A FAI,<\/p>\n","protected":false},"author":1,"featured_media":1226,"comment_status":"closed","ping_status":"closed","sticky":false,"template":"","format":"standard","meta":{"_editorskit_title_hidden":false,"_editorskit_reading_time":0,"_editorskit_is_block_options_detached":false,"_editorskit_block_options_position":"{}","footnotes":""},"categories":[25],"tags":[],"class_list":["post-1225","post","type-post","status-publish","format-standard","has-post-thumbnail","hentry","category-noticias"],"yoast_head":"<!-- This site is optimized with the Yoast SEO plugin v25.3 - https:\/\/yoast.com\/wordpress\/plugins\/seo\/ -->\n<title>FAI REALIZOU SUA 1\u00aa WEBCONFER\u00caNCIA DA SA\u00daDE \u2013 A SA\u00daDE EM TEMPOS DE CORONAV\u00cdRUS - FAI - Faculdade Irec\u00ea<\/title>\n<meta name=\"robots\" content=\"index, follow, max-snippet:-1, max-image-preview:large, max-video-preview:-1\" \/>\n<link rel=\"canonical\" href=\"https:\/\/faifaculdade.com.br\/portal\/fai-realizou-sua-1o-webconferencia-da-saude-n-a-saude-em-tempos-de-coronavirus\/\" \/>\n<meta property=\"og:locale\" content=\"pt_BR\" \/>\n<meta property=\"og:type\" content=\"article\" \/>\n<meta property=\"og:title\" content=\"FAI REALIZOU SUA 1\u00aa WEBCONFER\u00caNCIA DA SA\u00daDE \u2013 A SA\u00daDE EM TEMPOS DE CORONAV\u00cdRUS - FAI - Faculdade Irec\u00ea\" \/>\n<meta property=\"og:description\" content=\"O Novo Coronav&iacute;rus foi tema da webconfer&ecirc;ncia realizada nos dias 3, 4 e 5 de junho de 2020. A FAI,\" \/>\n<meta property=\"og:url\" content=\"https:\/\/faifaculdade.com.br\/portal\/fai-realizou-sua-1o-webconferencia-da-saude-n-a-saude-em-tempos-de-coronavirus\/\" \/>\n<meta property=\"og:site_name\" content=\"FAI - Faculdade Irec\u00ea\" \/>\n<meta property=\"article:publisher\" content=\"https:\/\/www.facebook.com\/faifaculdade\" \/>\n<meta property=\"article:published_time\" content=\"2020-06-16T00:00:00+00:00\" \/>\n<meta property=\"og:image\" content=\"https:\/\/faifaculdade.com.br\/portal\/wp-content\/uploads\/2022\/04\/noticia_202006160156.png\" \/>\n\t<meta property=\"og:image:width\" content=\"1000\" \/>\n\t<meta property=\"og:image:height\" content=\"1000\" \/>\n\t<meta property=\"og:image:type\" content=\"image\/png\" \/>\n<meta name=\"author\" content=\"fai-admin\" \/>\n<meta name=\"twitter:card\" content=\"summary_large_image\" \/>\n<meta name=\"twitter:label1\" content=\"Escrito por\" \/>\n\t<meta name=\"twitter:data1\" content=\"fai-admin\" \/>\n\t<meta name=\"twitter:label2\" content=\"Est. tempo de leitura\" \/>\n\t<meta name=\"twitter:data2\" content=\"1 minuto\" \/>\n<script type=\"application\/ld+json\" class=\"yoast-schema-graph\">{\"@context\":\"https:\/\/schema.org\",\"@graph\":[{\"@type\":\"Article\",\"@id\":\"https:\/\/faifaculdade.com.br\/portal\/fai-realizou-sua-1o-webconferencia-da-saude-n-a-saude-em-tempos-de-coronavirus\/#article\",\"isPartOf\":{\"@id\":\"https:\/\/faifaculdade.com.br\/portal\/fai-realizou-sua-1o-webconferencia-da-saude-n-a-saude-em-tempos-de-coronavirus\/\"},\"author\":{\"name\":\"fai-admin\",\"@id\":\"https:\/\/faifaculdade.com.br\/portal\/#\/schema\/person\/cd0e880fdb968293d4d102e4acd90aac\"},\"headline\":\"FAI REALIZOU SUA 1\u00aa WEBCONFER\u00caNCIA DA SA\u00daDE \u2013 A SA\u00daDE EM TEMPOS DE CORONAV\u00cdRUS\",\"datePublished\":\"2020-06-16T00:00:00+00:00\",\"mainEntityOfPage\":{\"@id\":\"https:\/\/faifaculdade.com.br\/portal\/fai-realizou-sua-1o-webconferencia-da-saude-n-a-saude-em-tempos-de-coronavirus\/\"},\"wordCount\":296,\"publisher\":{\"@id\":\"https:\/\/faifaculdade.com.br\/portal\/#organization\"},\"image\":{\"@id\":\"https:\/\/faifaculdade.com.br\/portal\/fai-realizou-sua-1o-webconferencia-da-saude-n-a-saude-em-tempos-de-coronavirus\/#primaryimage\"},\"thumbnailUrl\":\"https:\/\/faifaculdade.com.br\/portal\/wp-content\/uploads\/2022\/04\/noticia_202006160156.png\",\"articleSection\":[\"Not\u00edcias\"],\"inLanguage\":\"pt-BR\"},{\"@type\":\"WebPage\",\"@id\":\"https:\/\/faifaculdade.com.br\/portal\/fai-realizou-sua-1o-webconferencia-da-saude-n-a-saude-em-tempos-de-coronavirus\/\",\"url\":\"https:\/\/faifaculdade.com.br\/portal\/fai-realizou-sua-1o-webconferencia-da-saude-n-a-saude-em-tempos-de-coronavirus\/\",\"name\":\"FAI REALIZOU SUA 1\u00aa WEBCONFER\u00caNCIA DA SA\u00daDE \u2013 A SA\u00daDE EM TEMPOS DE CORONAV\u00cdRUS - FAI - Faculdade Irec\u00ea\",\"isPartOf\":{\"@id\":\"https:\/\/faifaculdade.com.br\/portal\/#website\"},\"primaryImageOfPage\":{\"@id\":\"https:\/\/faifaculdade.com.br\/portal\/fai-realizou-sua-1o-webconferencia-da-saude-n-a-saude-em-tempos-de-coronavirus\/#primaryimage\"},\"image\":{\"@id\":\"https:\/\/faifaculdade.com.br\/portal\/fai-realizou-sua-1o-webconferencia-da-saude-n-a-saude-em-tempos-de-coronavirus\/#primaryimage\"},\"thumbnailUrl\":\"https:\/\/faifaculdade.com.br\/portal\/wp-content\/uploads\/2022\/04\/noticia_202006160156.png\",\"datePublished\":\"2020-06-16T00:00:00+00:00\",\"breadcrumb\":{\"@id\":\"https:\/\/faifaculdade.com.br\/portal\/fai-realizou-sua-1o-webconferencia-da-saude-n-a-saude-em-tempos-de-coronavirus\/#breadcrumb\"},\"inLanguage\":\"pt-BR\",\"potentialAction\":[{\"@type\":\"ReadAction\",\"target\":[\"https:\/\/faifaculdade.com.br\/portal\/fai-realizou-sua-1o-webconferencia-da-saude-n-a-saude-em-tempos-de-coronavirus\/\"]}]},{\"@type\":\"ImageObject\",\"inLanguage\":\"pt-BR\",\"@id\":\"https:\/\/faifaculdade.com.br\/portal\/fai-realizou-sua-1o-webconferencia-da-saude-n-a-saude-em-tempos-de-coronavirus\/#primaryimage\",\"url\":\"https:\/\/faifaculdade.com.br\/portal\/wp-content\/uploads\/2022\/04\/noticia_202006160156.png\",\"contentUrl\":\"https:\/\/faifaculdade.com.br\/portal\/wp-content\/uploads\/2022\/04\/noticia_202006160156.png\",\"width\":1000,\"height\":1000},{\"@type\":\"BreadcrumbList\",\"@id\":\"https:\/\/faifaculdade.com.br\/portal\/fai-realizou-sua-1o-webconferencia-da-saude-n-a-saude-em-tempos-de-coronavirus\/#breadcrumb\",\"itemListElement\":[{\"@type\":\"ListItem\",\"position\":1,\"name\":\"In\u00edcio\",\"item\":\"https:\/\/faifaculdade.com.br\/portal\/\"},{\"@type\":\"ListItem\",\"position\":2,\"name\":\"FAI REALIZOU SUA 1\u00aa WEBCONFER\u00caNCIA DA SA\u00daDE \u2013 A SA\u00daDE EM TEMPOS DE CORONAV\u00cdRUS\"}]},{\"@type\":\"WebSite\",\"@id\":\"https:\/\/faifaculdade.com.br\/portal\/#website\",\"url\":\"https:\/\/faifaculdade.com.br\/portal\/\",\"name\":\"FAI - Faculdade Irec\u00ea\",\"description\":\"Portal da Faculdade Irec\u00ea\",\"publisher\":{\"@id\":\"https:\/\/faifaculdade.com.br\/portal\/#organization\"},\"potentialAction\":[{\"@type\":\"SearchAction\",\"target\":{\"@type\":\"EntryPoint\",\"urlTemplate\":\"https:\/\/faifaculdade.com.br\/portal\/?s={search_term_string}\"},\"query-input\":{\"@type\":\"PropertyValueSpecification\",\"valueRequired\":true,\"valueName\":\"search_term_string\"}}],\"inLanguage\":\"pt-BR\"},{\"@type\":\"Organization\",\"@id\":\"https:\/\/faifaculdade.com.br\/portal\/#organization\",\"name\":\"FAI - Faculdade Irec\u00ea\",\"url\":\"https:\/\/faifaculdade.com.br\/portal\/\",\"logo\":{\"@type\":\"ImageObject\",\"inLanguage\":\"pt-BR\",\"@id\":\"https:\/\/faifaculdade.com.br\/portal\/#\/schema\/logo\/image\/\",\"url\":\"https:\/\/faifaculdade.com.br\/portal\/wp-content\/uploads\/2023\/04\/cropped-FAI.png\",\"contentUrl\":\"https:\/\/faifaculdade.com.br\/portal\/wp-content\/uploads\/2023\/04\/cropped-FAI.png\",\"width\":3000,\"height\":1201,\"caption\":\"FAI - Faculdade Irec\u00ea\"},\"image\":{\"@id\":\"https:\/\/faifaculdade.com.br\/portal\/#\/schema\/logo\/image\/\"},\"sameAs\":[\"https:\/\/www.facebook.com\/faifaculdade\",\"https:\/\/www.instagram.com\/faifaculdade\/\"]},{\"@type\":\"Person\",\"@id\":\"https:\/\/faifaculdade.com.br\/portal\/#\/schema\/person\/cd0e880fdb968293d4d102e4acd90aac\",\"name\":\"fai-admin\",\"image\":{\"@type\":\"ImageObject\",\"inLanguage\":\"pt-BR\",\"@id\":\"https:\/\/faifaculdade.com.br\/portal\/#\/schema\/person\/image\/\",\"url\":\"https:\/\/secure.gravatar.com\/avatar\/baf9a0dc93f1d972c87f8d3e9f1151ae6f621afbcdf9d89d4d70411885770c3f?s=96&d=mm&r=g\",\"contentUrl\":\"https:\/\/secure.gravatar.com\/avatar\/baf9a0dc93f1d972c87f8d3e9f1151ae6f621afbcdf9d89d4d70411885770c3f?s=96&d=mm&r=g\",\"caption\":\"fai-admin\"},\"sameAs\":[\"http:\/\/faifaculdade.com.br\"],\"url\":\"https:\/\/faifaculdade.com.br\/portal\/author\/fai-admin\/\"}]}<\/script>\n<!-- \/ Yoast SEO plugin. -->","yoast_head_json":{"title":"FAI REALIZOU SUA 1\u00aa WEBCONFER\u00caNCIA DA SA\u00daDE \u2013 A SA\u00daDE EM TEMPOS DE CORONAV\u00cdRUS - FAI - Faculdade Irec\u00ea","robots":{"index":"index","follow":"follow","max-snippet":"max-snippet:-1","max-image-preview":"max-image-preview:large","max-video-preview":"max-video-preview:-1"},"canonical":"https:\/\/faifaculdade.com.br\/portal\/fai-realizou-sua-1o-webconferencia-da-saude-n-a-saude-em-tempos-de-coronavirus\/","og_locale":"pt_BR","og_type":"article","og_title":"FAI REALIZOU SUA 1\u00aa WEBCONFER\u00caNCIA DA SA\u00daDE \u2013 A SA\u00daDE EM TEMPOS DE CORONAV\u00cdRUS - FAI - Faculdade Irec\u00ea","og_description":"O Novo Coronav&iacute;rus foi tema da webconfer&ecirc;ncia realizada nos dias 3, 4 e 5 de junho de 2020. A FAI,","og_url":"https:\/\/faifaculdade.com.br\/portal\/fai-realizou-sua-1o-webconferencia-da-saude-n-a-saude-em-tempos-de-coronavirus\/","og_site_name":"FAI - Faculdade Irec\u00ea","article_publisher":"https:\/\/www.facebook.com\/faifaculdade","article_published_time":"2020-06-16T00:00:00+00:00","og_image":[{"width":1000,"height":1000,"url":"https:\/\/faifaculdade.com.br\/portal\/wp-content\/uploads\/2022\/04\/noticia_202006160156.png","type":"image\/png"}],"author":"fai-admin","twitter_card":"summary_large_image","twitter_misc":{"Escrito por":"fai-admin","Est. tempo de leitura":"1 minuto"},"schema":{"@context":"https:\/\/schema.org","@graph":[{"@type":"Article","@id":"https:\/\/faifaculdade.com.br\/portal\/fai-realizou-sua-1o-webconferencia-da-saude-n-a-saude-em-tempos-de-coronavirus\/#article","isPartOf":{"@id":"https:\/\/faifaculdade.com.br\/portal\/fai-realizou-sua-1o-webconferencia-da-saude-n-a-saude-em-tempos-de-coronavirus\/"},"author":{"name":"fai-admin","@id":"https:\/\/faifaculdade.com.br\/portal\/#\/schema\/person\/cd0e880fdb968293d4d102e4acd90aac"},"headline":"FAI REALIZOU SUA 1\u00aa WEBCONFER\u00caNCIA DA SA\u00daDE \u2013 A SA\u00daDE EM TEMPOS DE CORONAV\u00cdRUS","datePublished":"2020-06-16T00:00:00+00:00","mainEntityOfPage":{"@id":"https:\/\/faifaculdade.com.br\/portal\/fai-realizou-sua-1o-webconferencia-da-saude-n-a-saude-em-tempos-de-coronavirus\/"},"wordCount":296,"publisher":{"@id":"https:\/\/faifaculdade.com.br\/portal\/#organization"},"image":{"@id":"https:\/\/faifaculdade.com.br\/portal\/fai-realizou-sua-1o-webconferencia-da-saude-n-a-saude-em-tempos-de-coronavirus\/#primaryimage"},"thumbnailUrl":"https:\/\/faifaculdade.com.br\/portal\/wp-content\/uploads\/2022\/04\/noticia_202006160156.png","articleSection":["Not\u00edcias"],"inLanguage":"pt-BR"},{"@type":"WebPage","@id":"https:\/\/faifaculdade.com.br\/portal\/fai-realizou-sua-1o-webconferencia-da-saude-n-a-saude-em-tempos-de-coronavirus\/","url":"https:\/\/faifaculdade.com.br\/portal\/fai-realizou-sua-1o-webconferencia-da-saude-n-a-saude-em-tempos-de-coronavirus\/","name":"FAI REALIZOU SUA 1\u00aa WEBCONFER\u00caNCIA DA SA\u00daDE \u2013 A SA\u00daDE EM TEMPOS DE CORONAV\u00cdRUS - FAI - Faculdade Irec\u00ea","isPartOf":{"@id":"https:\/\/faifaculdade.com.br\/portal\/#website"},"primaryImageOfPage":{"@id":"https:\/\/faifaculdade.com.br\/portal\/fai-realizou-sua-1o-webconferencia-da-saude-n-a-saude-em-tempos-de-coronavirus\/#primaryimage"},"image":{"@id":"https:\/\/faifaculdade.com.br\/portal\/fai-realizou-sua-1o-webconferencia-da-saude-n-a-saude-em-tempos-de-coronavirus\/#primaryimage"},"thumbnailUrl":"https:\/\/faifaculdade.com.br\/portal\/wp-content\/uploads\/2022\/04\/noticia_202006160156.png","datePublished":"2020-06-16T00:00:00+00:00","breadcrumb":{"@id":"https:\/\/faifaculdade.com.br\/portal\/fai-realizou-sua-1o-webconferencia-da-saude-n-a-saude-em-tempos-de-coronavirus\/#breadcrumb"},"inLanguage":"pt-BR","potentialAction":[{"@type":"ReadAction","target":["https:\/\/faifaculdade.com.br\/portal\/fai-realizou-sua-1o-webconferencia-da-saude-n-a-saude-em-tempos-de-coronavirus\/"]}]},{"@type":"ImageObject","inLanguage":"pt-BR","@id":"https:\/\/faifaculdade.com.br\/portal\/fai-realizou-sua-1o-webconferencia-da-saude-n-a-saude-em-tempos-de-coronavirus\/#primaryimage","url":"https:\/\/faifaculdade.com.br\/portal\/wp-content\/uploads\/2022\/04\/noticia_202006160156.png","contentUrl":"https:\/\/faifaculdade.com.br\/portal\/wp-content\/uploads\/2022\/04\/noticia_202006160156.png","width":1000,"height":1000},{"@type":"BreadcrumbList","@id":"https:\/\/faifaculdade.com.br\/portal\/fai-realizou-sua-1o-webconferencia-da-saude-n-a-saude-em-tempos-de-coronavirus\/#breadcrumb","itemListElement":[{"@type":"ListItem","position":1,"name":"In\u00edcio","item":"https:\/\/faifaculdade.com.br\/portal\/"},{"@type":"ListItem","position":2,"name":"FAI REALIZOU SUA 1\u00aa WEBCONFER\u00caNCIA DA SA\u00daDE \u2013 A SA\u00daDE EM TEMPOS DE CORONAV\u00cdRUS"}]},{"@type":"WebSite","@id":"https:\/\/faifaculdade.com.br\/portal\/#website","url":"https:\/\/faifaculdade.com.br\/portal\/","name":"FAI - Faculdade Irec\u00ea","description":"Portal da Faculdade Irec\u00ea","publisher":{"@id":"https:\/\/faifaculdade.com.br\/portal\/#organization"},"potentialAction":[{"@type":"SearchAction","target":{"@type":"EntryPoint","urlTemplate":"https:\/\/faifaculdade.com.br\/portal\/?s={search_term_string}"},"query-input":{"@type":"PropertyValueSpecification","valueRequired":true,"valueName":"search_term_string"}}],"inLanguage":"pt-BR"},{"@type":"Organization","@id":"https:\/\/faifaculdade.com.br\/portal\/#organization","name":"FAI - Faculdade Irec\u00ea","url":"https:\/\/faifaculdade.com.br\/portal\/","logo":{"@type":"ImageObject","inLanguage":"pt-BR","@id":"https:\/\/faifaculdade.com.br\/portal\/#\/schema\/logo\/image\/","url":"https:\/\/faifaculdade.com.br\/portal\/wp-content\/uploads\/2023\/04\/cropped-FAI.png","contentUrl":"https:\/\/faifaculdade.com.br\/portal\/wp-content\/uploads\/2023\/04\/cropped-FAI.png","width":3000,"height":1201,"caption":"FAI - Faculdade Irec\u00ea"},"image":{"@id":"https:\/\/faifaculdade.com.br\/portal\/#\/schema\/logo\/image\/"},"sameAs":["https:\/\/www.facebook.com\/faifaculdade","https:\/\/www.instagram.com\/faifaculdade\/"]},{"@type":"Person","@id":"https:\/\/faifaculdade.com.br\/portal\/#\/schema\/person\/cd0e880fdb968293d4d102e4acd90aac","name":"fai-admin","image":{"@type":"ImageObject","inLanguage":"pt-BR","@id":"https:\/\/faifaculdade.com.br\/portal\/#\/schema\/person\/image\/","url":"https:\/\/secure.gravatar.com\/avatar\/baf9a0dc93f1d972c87f8d3e9f1151ae6f621afbcdf9d89d4d70411885770c3f?s=96&d=mm&r=g","contentUrl":"https:\/\/secure.gravatar.com\/avatar\/baf9a0dc93f1d972c87f8d3e9f1151ae6f621afbcdf9d89d4d70411885770c3f?s=96&d=mm&r=g","caption":"fai-admin"},"sameAs":["http:\/\/faifaculdade.com.br"],"url":"https:\/\/faifaculdade.com.br\/portal\/author\/fai-admin\/"}]}},"_links":{"self":[{"href":"https:\/\/faifaculdade.com.br\/portal\/wp-json\/wp\/v2\/posts\/1225","targetHints":{"allow":["GET"]}}],"collection":[{"href":"https:\/\/faifaculdade.com.br\/portal\/wp-json\/wp\/v2\/posts"}],"about":[{"href":"https:\/\/faifaculdade.com.br\/portal\/wp-json\/wp\/v2\/types\/post"}],"author":[{"embeddable":true,"href":"https:\/\/faifaculdade.com.br\/portal\/wp-json\/wp\/v2\/users\/1"}],"replies":[{"embeddable":true,"href":"https:\/\/faifaculdade.com.br\/portal\/wp-json\/wp\/v2\/comments?post=1225"}],"version-history":[{"count":0,"href":"https:\/\/faifaculdade.com.br\/portal\/wp-json\/wp\/v2\/posts\/1225\/revisions"}],"wp:featuredmedia":[{"embeddable":true,"href":"https:\/\/faifaculdade.com.br\/portal\/wp-json\/wp\/v2\/media\/1226"}],"wp:attachment":[{"href":"https:\/\/faifaculdade.com.br\/portal\/wp-json\/wp\/v2\/media?parent=1225"}],"wp:term":[{"taxonomy":"category","embeddable":true,"href":"https:\/\/faifaculdade.com.br\/portal\/wp-json\/wp\/v2\/categories?post=1225"},{"taxonomy":"post_tag","embeddable":true,"href":"https:\/\/faifaculdade.com.br\/portal\/wp-json\/wp\/v2\/tags?post=1225"}],"curies":[{"name":"wp","href":"https:\/\/api.w.org\/{rel}","templated":true}]}}