{"id":1228,"date":"2020-06-22T00:00:00","date_gmt":"2020-06-22T00:00:00","guid":{"rendered":"faifaculdade.com.br\/portal\/index.php\/2020\/06\/22\/i-seminario-digital-de-agroveterinaria-da-fai\/"},"modified":"2020-06-22T00:00:00","modified_gmt":"2020-06-22T00:00:00","slug":"i-seminario-digital-de-agroveterinaria-da-fai","status":"publish","type":"post","link":"https:\/\/faifaculdade.com.br\/portal\/i-seminario-digital-de-agroveterinaria-da-fai\/","title":{"rendered":"I SEMIN\u00c1RIO DIGITAL DE AGROVETERIN\u00c1RIA DA FAI"},"content":{"rendered":"<p>Os cursos de Medicina Veterin&aacute;ria e Agronomia da FAI promovem o I Semin&aacute;rio Digital de Agroveterin&aacute;ria. O evento acontecer&aacute; dias 25 e 26 de junho, trazendo duas palestras ministradas via plataforma Zoom, com os seguintes temas &quot;Indicadores de fertilidade do solo e interpreta&ccedil;&atilde;o de an&aacute;lises&quot;, com a Profa. Dra. C&iacute;ntia Maria Teixeira Lins (UFRPE) e &quot;Tuberculose animal: aspectos hist&oacute;ricos e epidemiol&oacute;gicos&quot;, com o Prof&ordm; Dr. Severino&nbsp;Silvano dos Santos Higino (UFCG). Esse evento &eacute; destinado tanto aos estudantes da FAI, como ao p&uacute;blico externo e &eacute; GRATUITO. A participa&ccedil;&atilde;o &eacute; restrita aos usu&aacute;rios inscritos que ter&atilde;o acesso ao encontro. Para garantir sua vaga, realize agora sua inscri&ccedil;&atilde;o atrav&eacute;s do link:&nbsp;<a href=\"https:\/\/l.facebook.com\/l.php?u=https%3A%2F%2Fdoity.com.br%2Fseminariodigitalfai%3Ffbclid%3DIwAR3O9N3hXtQFMgyVdP8pY0kNffL7yQI2m2buv3QiJPUCP4vvIQDa4zXrbaA&amp;h=AT3ZC3ilDZcs0V6xy2D7k4lFpSmN2zewTN_yVTW2idgi_jZ0i640HviSUyFM9yVscBp3JeSriKRLZgEE8k6j4PB2jQPjobNJ0VB5l8qXte9H69M2AIsp6PwJx760iTMh6MC7pnO4XxU-pjaD8MQKyhYGog0M7O_6gskjGqsWB_GRZVqp4mbF_Lm3v3vzxrQXFeGmwsK5Hx5YGZqSSMCQaOwGJ9aUZWRGlh6ossPwUnBRp4weTx48SZiIPfDr8xf90aeYF8uZNJbvBIGOqwmzNqrdYg_fTuPwZwlgW936JInegF7S_8U-JTtSmmtmiAw4YH4UOUNVKlxO5kyzCqjvjoLEAnlEdMO53tuE0bsdaif985RU6AI3nLq9t8AJvocoYBsHkP3t4buCjaIfCFYQjiJ35WuCJAUCC_9BsJsEYl-cYmRD-R3rle58QV-SSy-oPj8md26TF7VAPoaGRqxjTwtPHfRQA-wyjmV6V1EncPREIUlCviGyHPr8gFdgf0BrN6yUljcL7KhGFOuaTKFXe6msgKUuPcqACv2ySvWwkqzfQEe-_blMgcdGkyHD008XRkxbksmaZaeoPogkeqKQGgZvtOzVU6zp-qH-KrNX5Bz3O8UOB-mVIEHTbN6GHeuXyyt_HLzCYF4\" rel=\"noopener nofollow\" target=\"_blank\">https:\/\/doity.com.br\/seminariodigitalfai<\/a><\/p>\n<p><a href=\"https:\/\/www.facebook.com\/hashtag\/medicinaveterinaria?__eep__=6&amp;source=feed_text&amp;epa=HASHTAG&amp;__xts__%5B0%5D=68.ARBDkNSxBf7FtsXyOgmdqKy2Tuf_qdNRx7s8Tms079mLrk_a022dZVSjl4t3Vr-NA32VXilPI3wc9GCrKX2AnPQzmwb9D330ZaVWBzmhgU_axDAklnJrdNqcs5d05E1ynqvBzNyS_s3FJKX1C3D2rK6hEta9yQShdLMLz3ilOjaKRYXtvEo4nj-F_JqbnbsKXrFeA7t-yCFSlXemI7Bm0mPfFuifDZc02cTGhdj7VvDfdwyTlPbZD8GGK6fKADNn_ZlxF1wVKFNo3dby8U1sHBa8gPahYyisXqFkQnf--2WUkfgJ9KSkSGIEVSbESd83EUkOKxnNFpWAGdMXOKgFzHCexg&amp;__tn__=%2ANK-R\">#medicinaveterinaria<\/a>&nbsp;<a href=\"https:\/\/www.facebook.com\/hashtag\/agronomia?__eep__=6&amp;source=feed_text&amp;epa=HASHTAG&amp;__xts__%5B0%5D=68.ARBDkNSxBf7FtsXyOgmdqKy2Tuf_qdNRx7s8Tms079mLrk_a022dZVSjl4t3Vr-NA32VXilPI3wc9GCrKX2AnPQzmwb9D330ZaVWBzmhgU_axDAklnJrdNqcs5d05E1ynqvBzNyS_s3FJKX1C3D2rK6hEta9yQShdLMLz3ilOjaKRYXtvEo4nj-F_JqbnbsKXrFeA7t-yCFSlXemI7Bm0mPfFuifDZc02cTGhdj7VvDfdwyTlPbZD8GGK6fKADNn_ZlxF1wVKFNo3dby8U1sHBa8gPahYyisXqFkQnf--2WUkfgJ9KSkSGIEVSbESd83EUkOKxnNFpWAGdMXOKgFzHCexg&amp;__tn__=%2ANK-R\">#agronomia<\/a>&nbsp;<a href=\"https:\/\/www.facebook.com\/hashtag\/fai?__eep__=6&amp;source=feed_text&amp;epa=HASHTAG&amp;__xts__%5B0%5D=68.ARBDkNSxBf7FtsXyOgmdqKy2Tuf_qdNRx7s8Tms079mLrk_a022dZVSjl4t3Vr-NA32VXilPI3wc9GCrKX2AnPQzmwb9D330ZaVWBzmhgU_axDAklnJrdNqcs5d05E1ynqvBzNyS_s3FJKX1C3D2rK6hEta9yQShdLMLz3ilOjaKRYXtvEo4nj-F_JqbnbsKXrFeA7t-yCFSlXemI7Bm0mPfFuifDZc02cTGhdj7VvDfdwyTlPbZD8GGK6fKADNn_ZlxF1wVKFNo3dby8U1sHBa8gPahYyisXqFkQnf--2WUkfgJ9KSkSGIEVSbESd83EUkOKxnNFpWAGdMXOKgFzHCexg&amp;__tn__=%2ANK-R\">#fai<\/a>&nbsp;<a href=\"https:\/\/www.facebook.com\/hashtag\/faculdadeirece?__eep__=6&amp;source=feed_text&amp;epa=HASHTAG&amp;__xts__%5B0%5D=68.ARBDkNSxBf7FtsXyOgmdqKy2Tuf_qdNRx7s8Tms079mLrk_a022dZVSjl4t3Vr-NA32VXilPI3wc9GCrKX2AnPQzmwb9D330ZaVWBzmhgU_axDAklnJrdNqcs5d05E1ynqvBzNyS_s3FJKX1C3D2rK6hEta9yQShdLMLz3ilOjaKRYXtvEo4nj-F_JqbnbsKXrFeA7t-yCFSlXemI7Bm0mPfFuifDZc02cTGhdj7VvDfdwyTlPbZD8GGK6fKADNn_ZlxF1wVKFNo3dby8U1sHBa8gPahYyisXqFkQnf--2WUkfgJ9KSkSGIEVSbESd83EUkOKxnNFpWAGdMXOKgFzHCexg&amp;__tn__=%2ANK-R\">#faculdadeirece<\/a>&nbsp;<a href=\"https:\/\/www.facebook.com\/hashtag\/ufrpe?__eep__=6&amp;source=feed_text&amp;epa=HASHTAG&amp;__xts__%5B0%5D=68.ARBDkNSxBf7FtsXyOgmdqKy2Tuf_qdNRx7s8Tms079mLrk_a022dZVSjl4t3Vr-NA32VXilPI3wc9GCrKX2AnPQzmwb9D330ZaVWBzmhgU_axDAklnJrdNqcs5d05E1ynqvBzNyS_s3FJKX1C3D2rK6hEta9yQShdLMLz3ilOjaKRYXtvEo4nj-F_JqbnbsKXrFeA7t-yCFSlXemI7Bm0mPfFuifDZc02cTGhdj7VvDfdwyTlPbZD8GGK6fKADNn_ZlxF1wVKFNo3dby8U1sHBa8gPahYyisXqFkQnf--2WUkfgJ9KSkSGIEVSbESd83EUkOKxnNFpWAGdMXOKgFzHCexg&amp;__tn__=%2ANK-R\">#ufrpe<\/a>&nbsp;<a href=\"https:\/\/www.facebook.com\/hashtag\/ufcg?__eep__=6&amp;source=feed_text&amp;epa=HASHTAG&amp;__xts__%5B0%5D=68.ARBDkNSxBf7FtsXyOgmdqKy2Tuf_qdNRx7s8Tms079mLrk_a022dZVSjl4t3Vr-NA32VXilPI3wc9GCrKX2AnPQzmwb9D330ZaVWBzmhgU_axDAklnJrdNqcs5d05E1ynqvBzNyS_s3FJKX1C3D2rK6hEta9yQShdLMLz3ilOjaKRYXtvEo4nj-F_JqbnbsKXrFeA7t-yCFSlXemI7Bm0mPfFuifDZc02cTGhdj7VvDfdwyTlPbZD8GGK6fKADNn_ZlxF1wVKFNo3dby8U1sHBa8gPahYyisXqFkQnf--2WUkfgJ9KSkSGIEVSbESd83EUkOKxnNFpWAGdMXOKgFzHCexg&amp;__tn__=%2ANK-R\">#ufcg<\/a>&nbsp;<a href=\"https:\/\/www.facebook.com\/hashtag\/irece?__eep__=6&amp;source=feed_text&amp;epa=HASHTAG&amp;__xts__%5B0%5D=68.ARBDkNSxBf7FtsXyOgmdqKy2Tuf_qdNRx7s8Tms079mLrk_a022dZVSjl4t3Vr-NA32VXilPI3wc9GCrKX2AnPQzmwb9D330ZaVWBzmhgU_axDAklnJrdNqcs5d05E1ynqvBzNyS_s3FJKX1C3D2rK6hEta9yQShdLMLz3ilOjaKRYXtvEo4nj-F_JqbnbsKXrFeA7t-yCFSlXemI7Bm0mPfFuifDZc02cTGhdj7VvDfdwyTlPbZD8GGK6fKADNn_ZlxF1wVKFNo3dby8U1sHBa8gPahYyisXqFkQnf--2WUkfgJ9KSkSGIEVSbESd83EUkOKxnNFpWAGdMXOKgFzHCexg&amp;__tn__=%2ANK-R\">#irece<\/a>&nbsp;<a href=\"https:\/\/www.facebook.com\/hashtag\/irec%C3%AA?__eep__=6&amp;source=feed_text&amp;epa=HASHTAG&amp;__xts__%5B0%5D=68.ARBDkNSxBf7FtsXyOgmdqKy2Tuf_qdNRx7s8Tms079mLrk_a022dZVSjl4t3Vr-NA32VXilPI3wc9GCrKX2AnPQzmwb9D330ZaVWBzmhgU_axDAklnJrdNqcs5d05E1ynqvBzNyS_s3FJKX1C3D2rK6hEta9yQShdLMLz3ilOjaKRYXtvEo4nj-F_JqbnbsKXrFeA7t-yCFSlXemI7Bm0mPfFuifDZc02cTGhdj7VvDfdwyTlPbZD8GGK6fKADNn_ZlxF1wVKFNo3dby8U1sHBa8gPahYyisXqFkQnf--2WUkfgJ9KSkSGIEVSbESd83EUkOKxnNFpWAGdMXOKgFzHCexg&amp;__tn__=%2ANK-R\">#irec&ecirc;<\/a>&nbsp;<a href=\"https:\/\/www.facebook.com\/hashtag\/bahia?__eep__=6&amp;source=feed_text&amp;epa=HASHTAG&amp;__xts__%5B0%5D=68.ARBDkNSxBf7FtsXyOgmdqKy2Tuf_qdNRx7s8Tms079mLrk_a022dZVSjl4t3Vr-NA32VXilPI3wc9GCrKX2AnPQzmwb9D330ZaVWBzmhgU_axDAklnJrdNqcs5d05E1ynqvBzNyS_s3FJKX1C3D2rK6hEta9yQShdLMLz3ilOjaKRYXtvEo4nj-F_JqbnbsKXrFeA7t-yCFSlXemI7Bm0mPfFuifDZc02cTGhdj7VvDfdwyTlPbZD8GGK6fKADNn_ZlxF1wVKFNo3dby8U1sHBa8gPahYyisXqFkQnf--2WUkfgJ9KSkSGIEVSbESd83EUkOKxnNFpWAGdMXOKgFzHCexg&amp;__tn__=%2ANK-R\">#bahia<\/a>&nbsp;<a href=\"https:\/\/www.facebook.com\/hashtag\/brasil?__eep__=6&amp;source=feed_text&amp;epa=HASHTAG&amp;__xts__%5B0%5D=68.ARBDkNSxBf7FtsXyOgmdqKy2Tuf_qdNRx7s8Tms079mLrk_a022dZVSjl4t3Vr-NA32VXilPI3wc9GCrKX2AnPQzmwb9D330ZaVWBzmhgU_axDAklnJrdNqcs5d05E1ynqvBzNyS_s3FJKX1C3D2rK6hEta9yQShdLMLz3ilOjaKRYXtvEo4nj-F_JqbnbsKXrFeA7t-yCFSlXemI7Bm0mPfFuifDZc02cTGhdj7VvDfdwyTlPbZD8GGK6fKADNn_ZlxF1wVKFNo3dby8U1sHBa8gPahYyisXqFkQnf--2WUkfgJ9KSkSGIEVSbESd83EUkOKxnNFpWAGdMXOKgFzHCexg&amp;__tn__=%2ANK-R\">#brasil<\/a>&nbsp;@Irec&ecirc;, Bahia, Brazil<\/p>\n","protected":false},"excerpt":{"rendered":"<p>Os cursos de Medicina Veterin&aacute;ria e Agronomia da FAI promovem o I Semin&aacute;rio Digital de Agroveterin&aacute;ria. O evento acontecer&aacute; dias<\/p>\n","protected":false},"author":1,"featured_media":1229,"comment_status":"closed","ping_status":"closed","sticky":false,"template":"","format":"standard","meta":{"_editorskit_title_hidden":false,"_editorskit_reading_time":0,"_editorskit_is_block_options_detached":false,"_editorskit_block_options_position":"{}","footnotes":""},"categories":[25],"tags":[],"class_list":["post-1228","post","type-post","status-publish","format-standard","has-post-thumbnail","hentry","category-noticias"],"yoast_head":"<!-- This site is optimized with the Yoast SEO plugin v25.3 - https:\/\/yoast.com\/wordpress\/plugins\/seo\/ -->\n<title>I SEMIN\u00c1RIO DIGITAL DE AGROVETERIN\u00c1RIA DA FAI - FAI - Faculdade Irec\u00ea<\/title>\n<meta name=\"robots\" content=\"index, follow, max-snippet:-1, max-image-preview:large, max-video-preview:-1\" \/>\n<link rel=\"canonical\" href=\"https:\/\/faifaculdade.com.br\/portal\/i-seminario-digital-de-agroveterinaria-da-fai\/\" \/>\n<meta property=\"og:locale\" content=\"pt_BR\" \/>\n<meta property=\"og:type\" content=\"article\" \/>\n<meta property=\"og:title\" content=\"I SEMIN\u00c1RIO DIGITAL DE AGROVETERIN\u00c1RIA DA FAI - FAI - Faculdade Irec\u00ea\" \/>\n<meta property=\"og:description\" content=\"Os cursos de Medicina Veterin&aacute;ria e Agronomia da FAI promovem o I Semin&aacute;rio Digital de Agroveterin&aacute;ria. O evento acontecer&aacute; dias\" \/>\n<meta property=\"og:url\" content=\"https:\/\/faifaculdade.com.br\/portal\/i-seminario-digital-de-agroveterinaria-da-fai\/\" \/>\n<meta property=\"og:site_name\" content=\"FAI - Faculdade Irec\u00ea\" \/>\n<meta property=\"article:publisher\" content=\"https:\/\/www.facebook.com\/faifaculdade\" \/>\n<meta property=\"article:published_time\" content=\"2020-06-22T00:00:00+00:00\" \/>\n<meta property=\"og:image\" content=\"https:\/\/faifaculdade.com.br\/portal\/wp-content\/uploads\/2022\/04\/noticia_202006220350.png\" \/>\n\t<meta property=\"og:image:width\" content=\"1000\" \/>\n\t<meta property=\"og:image:height\" content=\"1000\" \/>\n\t<meta property=\"og:image:type\" content=\"image\/png\" \/>\n<meta name=\"author\" content=\"fai-admin\" \/>\n<meta name=\"twitter:card\" content=\"summary_large_image\" \/>\n<meta name=\"twitter:label1\" content=\"Escrito por\" \/>\n\t<meta name=\"twitter:data1\" content=\"fai-admin\" \/>\n\t<meta name=\"twitter:label2\" content=\"Est. tempo de leitura\" \/>\n\t<meta name=\"twitter:data2\" content=\"1 minuto\" \/>\n<script type=\"application\/ld+json\" class=\"yoast-schema-graph\">{\"@context\":\"https:\/\/schema.org\",\"@graph\":[{\"@type\":\"Article\",\"@id\":\"https:\/\/faifaculdade.com.br\/portal\/i-seminario-digital-de-agroveterinaria-da-fai\/#article\",\"isPartOf\":{\"@id\":\"https:\/\/faifaculdade.com.br\/portal\/i-seminario-digital-de-agroveterinaria-da-fai\/\"},\"author\":{\"name\":\"fai-admin\",\"@id\":\"https:\/\/faifaculdade.com.br\/portal\/#\/schema\/person\/cd0e880fdb968293d4d102e4acd90aac\"},\"headline\":\"I SEMIN\u00c1RIO DIGITAL DE AGROVETERIN\u00c1RIA DA FAI\",\"datePublished\":\"2020-06-22T00:00:00+00:00\",\"mainEntityOfPage\":{\"@id\":\"https:\/\/faifaculdade.com.br\/portal\/i-seminario-digital-de-agroveterinaria-da-fai\/\"},\"wordCount\":186,\"publisher\":{\"@id\":\"https:\/\/faifaculdade.com.br\/portal\/#organization\"},\"image\":{\"@id\":\"https:\/\/faifaculdade.com.br\/portal\/i-seminario-digital-de-agroveterinaria-da-fai\/#primaryimage\"},\"thumbnailUrl\":\"https:\/\/faifaculdade.com.br\/portal\/wp-content\/uploads\/2022\/04\/noticia_202006220350.png\",\"articleSection\":[\"Not\u00edcias\"],\"inLanguage\":\"pt-BR\"},{\"@type\":\"WebPage\",\"@id\":\"https:\/\/faifaculdade.com.br\/portal\/i-seminario-digital-de-agroveterinaria-da-fai\/\",\"url\":\"https:\/\/faifaculdade.com.br\/portal\/i-seminario-digital-de-agroveterinaria-da-fai\/\",\"name\":\"I SEMIN\u00c1RIO DIGITAL DE AGROVETERIN\u00c1RIA DA FAI - FAI - Faculdade Irec\u00ea\",\"isPartOf\":{\"@id\":\"https:\/\/faifaculdade.com.br\/portal\/#website\"},\"primaryImageOfPage\":{\"@id\":\"https:\/\/faifaculdade.com.br\/portal\/i-seminario-digital-de-agroveterinaria-da-fai\/#primaryimage\"},\"image\":{\"@id\":\"https:\/\/faifaculdade.com.br\/portal\/i-seminario-digital-de-agroveterinaria-da-fai\/#primaryimage\"},\"thumbnailUrl\":\"https:\/\/faifaculdade.com.br\/portal\/wp-content\/uploads\/2022\/04\/noticia_202006220350.png\",\"datePublished\":\"2020-06-22T00:00:00+00:00\",\"breadcrumb\":{\"@id\":\"https:\/\/faifaculdade.com.br\/portal\/i-seminario-digital-de-agroveterinaria-da-fai\/#breadcrumb\"},\"inLanguage\":\"pt-BR\",\"potentialAction\":[{\"@type\":\"ReadAction\",\"target\":[\"https:\/\/faifaculdade.com.br\/portal\/i-seminario-digital-de-agroveterinaria-da-fai\/\"]}]},{\"@type\":\"ImageObject\",\"inLanguage\":\"pt-BR\",\"@id\":\"https:\/\/faifaculdade.com.br\/portal\/i-seminario-digital-de-agroveterinaria-da-fai\/#primaryimage\",\"url\":\"https:\/\/faifaculdade.com.br\/portal\/wp-content\/uploads\/2022\/04\/noticia_202006220350.png\",\"contentUrl\":\"https:\/\/faifaculdade.com.br\/portal\/wp-content\/uploads\/2022\/04\/noticia_202006220350.png\",\"width\":1000,\"height\":1000},{\"@type\":\"BreadcrumbList\",\"@id\":\"https:\/\/faifaculdade.com.br\/portal\/i-seminario-digital-de-agroveterinaria-da-fai\/#breadcrumb\",\"itemListElement\":[{\"@type\":\"ListItem\",\"position\":1,\"name\":\"In\u00edcio\",\"item\":\"https:\/\/faifaculdade.com.br\/portal\/\"},{\"@type\":\"ListItem\",\"position\":2,\"name\":\"I SEMIN\u00c1RIO DIGITAL DE AGROVETERIN\u00c1RIA DA FAI\"}]},{\"@type\":\"WebSite\",\"@id\":\"https:\/\/faifaculdade.com.br\/portal\/#website\",\"url\":\"https:\/\/faifaculdade.com.br\/portal\/\",\"name\":\"FAI - Faculdade Irec\u00ea\",\"description\":\"Portal da Faculdade Irec\u00ea\",\"publisher\":{\"@id\":\"https:\/\/faifaculdade.com.br\/portal\/#organization\"},\"potentialAction\":[{\"@type\":\"SearchAction\",\"target\":{\"@type\":\"EntryPoint\",\"urlTemplate\":\"https:\/\/faifaculdade.com.br\/portal\/?s={search_term_string}\"},\"query-input\":{\"@type\":\"PropertyValueSpecification\",\"valueRequired\":true,\"valueName\":\"search_term_string\"}}],\"inLanguage\":\"pt-BR\"},{\"@type\":\"Organization\",\"@id\":\"https:\/\/faifaculdade.com.br\/portal\/#organization\",\"name\":\"FAI - Faculdade Irec\u00ea\",\"url\":\"https:\/\/faifaculdade.com.br\/portal\/\",\"logo\":{\"@type\":\"ImageObject\",\"inLanguage\":\"pt-BR\",\"@id\":\"https:\/\/faifaculdade.com.br\/portal\/#\/schema\/logo\/image\/\",\"url\":\"https:\/\/faifaculdade.com.br\/portal\/wp-content\/uploads\/2023\/04\/cropped-FAI.png\",\"contentUrl\":\"https:\/\/faifaculdade.com.br\/portal\/wp-content\/uploads\/2023\/04\/cropped-FAI.png\",\"width\":3000,\"height\":1201,\"caption\":\"FAI - Faculdade Irec\u00ea\"},\"image\":{\"@id\":\"https:\/\/faifaculdade.com.br\/portal\/#\/schema\/logo\/image\/\"},\"sameAs\":[\"https:\/\/www.facebook.com\/faifaculdade\",\"https:\/\/www.instagram.com\/faifaculdade\/\"]},{\"@type\":\"Person\",\"@id\":\"https:\/\/faifaculdade.com.br\/portal\/#\/schema\/person\/cd0e880fdb968293d4d102e4acd90aac\",\"name\":\"fai-admin\",\"image\":{\"@type\":\"ImageObject\",\"inLanguage\":\"pt-BR\",\"@id\":\"https:\/\/faifaculdade.com.br\/portal\/#\/schema\/person\/image\/\",\"url\":\"https:\/\/secure.gravatar.com\/avatar\/baf9a0dc93f1d972c87f8d3e9f1151ae6f621afbcdf9d89d4d70411885770c3f?s=96&d=mm&r=g\",\"contentUrl\":\"https:\/\/secure.gravatar.com\/avatar\/baf9a0dc93f1d972c87f8d3e9f1151ae6f621afbcdf9d89d4d70411885770c3f?s=96&d=mm&r=g\",\"caption\":\"fai-admin\"},\"sameAs\":[\"http:\/\/faifaculdade.com.br\"],\"url\":\"https:\/\/faifaculdade.com.br\/portal\/author\/fai-admin\/\"}]}<\/script>\n<!-- \/ Yoast SEO plugin. -->","yoast_head_json":{"title":"I SEMIN\u00c1RIO DIGITAL DE AGROVETERIN\u00c1RIA DA FAI - FAI - Faculdade Irec\u00ea","robots":{"index":"index","follow":"follow","max-snippet":"max-snippet:-1","max-image-preview":"max-image-preview:large","max-video-preview":"max-video-preview:-1"},"canonical":"https:\/\/faifaculdade.com.br\/portal\/i-seminario-digital-de-agroveterinaria-da-fai\/","og_locale":"pt_BR","og_type":"article","og_title":"I SEMIN\u00c1RIO DIGITAL DE AGROVETERIN\u00c1RIA DA FAI - FAI - Faculdade Irec\u00ea","og_description":"Os cursos de Medicina Veterin&aacute;ria e Agronomia da FAI promovem o I Semin&aacute;rio Digital de Agroveterin&aacute;ria. O evento acontecer&aacute; dias","og_url":"https:\/\/faifaculdade.com.br\/portal\/i-seminario-digital-de-agroveterinaria-da-fai\/","og_site_name":"FAI - Faculdade Irec\u00ea","article_publisher":"https:\/\/www.facebook.com\/faifaculdade","article_published_time":"2020-06-22T00:00:00+00:00","og_image":[{"width":1000,"height":1000,"url":"https:\/\/faifaculdade.com.br\/portal\/wp-content\/uploads\/2022\/04\/noticia_202006220350.png","type":"image\/png"}],"author":"fai-admin","twitter_card":"summary_large_image","twitter_misc":{"Escrito por":"fai-admin","Est. tempo de leitura":"1 minuto"},"schema":{"@context":"https:\/\/schema.org","@graph":[{"@type":"Article","@id":"https:\/\/faifaculdade.com.br\/portal\/i-seminario-digital-de-agroveterinaria-da-fai\/#article","isPartOf":{"@id":"https:\/\/faifaculdade.com.br\/portal\/i-seminario-digital-de-agroveterinaria-da-fai\/"},"author":{"name":"fai-admin","@id":"https:\/\/faifaculdade.com.br\/portal\/#\/schema\/person\/cd0e880fdb968293d4d102e4acd90aac"},"headline":"I SEMIN\u00c1RIO DIGITAL DE AGROVETERIN\u00c1RIA DA FAI","datePublished":"2020-06-22T00:00:00+00:00","mainEntityOfPage":{"@id":"https:\/\/faifaculdade.com.br\/portal\/i-seminario-digital-de-agroveterinaria-da-fai\/"},"wordCount":186,"publisher":{"@id":"https:\/\/faifaculdade.com.br\/portal\/#organization"},"image":{"@id":"https:\/\/faifaculdade.com.br\/portal\/i-seminario-digital-de-agroveterinaria-da-fai\/#primaryimage"},"thumbnailUrl":"https:\/\/faifaculdade.com.br\/portal\/wp-content\/uploads\/2022\/04\/noticia_202006220350.png","articleSection":["Not\u00edcias"],"inLanguage":"pt-BR"},{"@type":"WebPage","@id":"https:\/\/faifaculdade.com.br\/portal\/i-seminario-digital-de-agroveterinaria-da-fai\/","url":"https:\/\/faifaculdade.com.br\/portal\/i-seminario-digital-de-agroveterinaria-da-fai\/","name":"I SEMIN\u00c1RIO DIGITAL DE AGROVETERIN\u00c1RIA DA FAI - FAI - Faculdade Irec\u00ea","isPartOf":{"@id":"https:\/\/faifaculdade.com.br\/portal\/#website"},"primaryImageOfPage":{"@id":"https:\/\/faifaculdade.com.br\/portal\/i-seminario-digital-de-agroveterinaria-da-fai\/#primaryimage"},"image":{"@id":"https:\/\/faifaculdade.com.br\/portal\/i-seminario-digital-de-agroveterinaria-da-fai\/#primaryimage"},"thumbnailUrl":"https:\/\/faifaculdade.com.br\/portal\/wp-content\/uploads\/2022\/04\/noticia_202006220350.png","datePublished":"2020-06-22T00:00:00+00:00","breadcrumb":{"@id":"https:\/\/faifaculdade.com.br\/portal\/i-seminario-digital-de-agroveterinaria-da-fai\/#breadcrumb"},"inLanguage":"pt-BR","potentialAction":[{"@type":"ReadAction","target":["https:\/\/faifaculdade.com.br\/portal\/i-seminario-digital-de-agroveterinaria-da-fai\/"]}]},{"@type":"ImageObject","inLanguage":"pt-BR","@id":"https:\/\/faifaculdade.com.br\/portal\/i-seminario-digital-de-agroveterinaria-da-fai\/#primaryimage","url":"https:\/\/faifaculdade.com.br\/portal\/wp-content\/uploads\/2022\/04\/noticia_202006220350.png","contentUrl":"https:\/\/faifaculdade.com.br\/portal\/wp-content\/uploads\/2022\/04\/noticia_202006220350.png","width":1000,"height":1000},{"@type":"BreadcrumbList","@id":"https:\/\/faifaculdade.com.br\/portal\/i-seminario-digital-de-agroveterinaria-da-fai\/#breadcrumb","itemListElement":[{"@type":"ListItem","position":1,"name":"In\u00edcio","item":"https:\/\/faifaculdade.com.br\/portal\/"},{"@type":"ListItem","position":2,"name":"I SEMIN\u00c1RIO DIGITAL DE AGROVETERIN\u00c1RIA DA FAI"}]},{"@type":"WebSite","@id":"https:\/\/faifaculdade.com.br\/portal\/#website","url":"https:\/\/faifaculdade.com.br\/portal\/","name":"FAI - Faculdade Irec\u00ea","description":"Portal da Faculdade Irec\u00ea","publisher":{"@id":"https:\/\/faifaculdade.com.br\/portal\/#organization"},"potentialAction":[{"@type":"SearchAction","target":{"@type":"EntryPoint","urlTemplate":"https:\/\/faifaculdade.com.br\/portal\/?s={search_term_string}"},"query-input":{"@type":"PropertyValueSpecification","valueRequired":true,"valueName":"search_term_string"}}],"inLanguage":"pt-BR"},{"@type":"Organization","@id":"https:\/\/faifaculdade.com.br\/portal\/#organization","name":"FAI - Faculdade Irec\u00ea","url":"https:\/\/faifaculdade.com.br\/portal\/","logo":{"@type":"ImageObject","inLanguage":"pt-BR","@id":"https:\/\/faifaculdade.com.br\/portal\/#\/schema\/logo\/image\/","url":"https:\/\/faifaculdade.com.br\/portal\/wp-content\/uploads\/2023\/04\/cropped-FAI.png","contentUrl":"https:\/\/faifaculdade.com.br\/portal\/wp-content\/uploads\/2023\/04\/cropped-FAI.png","width":3000,"height":1201,"caption":"FAI - Faculdade Irec\u00ea"},"image":{"@id":"https:\/\/faifaculdade.com.br\/portal\/#\/schema\/logo\/image\/"},"sameAs":["https:\/\/www.facebook.com\/faifaculdade","https:\/\/www.instagram.com\/faifaculdade\/"]},{"@type":"Person","@id":"https:\/\/faifaculdade.com.br\/portal\/#\/schema\/person\/cd0e880fdb968293d4d102e4acd90aac","name":"fai-admin","image":{"@type":"ImageObject","inLanguage":"pt-BR","@id":"https:\/\/faifaculdade.com.br\/portal\/#\/schema\/person\/image\/","url":"https:\/\/secure.gravatar.com\/avatar\/baf9a0dc93f1d972c87f8d3e9f1151ae6f621afbcdf9d89d4d70411885770c3f?s=96&d=mm&r=g","contentUrl":"https:\/\/secure.gravatar.com\/avatar\/baf9a0dc93f1d972c87f8d3e9f1151ae6f621afbcdf9d89d4d70411885770c3f?s=96&d=mm&r=g","caption":"fai-admin"},"sameAs":["http:\/\/faifaculdade.com.br"],"url":"https:\/\/faifaculdade.com.br\/portal\/author\/fai-admin\/"}]}},"_links":{"self":[{"href":"https:\/\/faifaculdade.com.br\/portal\/wp-json\/wp\/v2\/posts\/1228","targetHints":{"allow":["GET"]}}],"collection":[{"href":"https:\/\/faifaculdade.com.br\/portal\/wp-json\/wp\/v2\/posts"}],"about":[{"href":"https:\/\/faifaculdade.com.br\/portal\/wp-json\/wp\/v2\/types\/post"}],"author":[{"embeddable":true,"href":"https:\/\/faifaculdade.com.br\/portal\/wp-json\/wp\/v2\/users\/1"}],"replies":[{"embeddable":true,"href":"https:\/\/faifaculdade.com.br\/portal\/wp-json\/wp\/v2\/comments?post=1228"}],"version-history":[{"count":0,"href":"https:\/\/faifaculdade.com.br\/portal\/wp-json\/wp\/v2\/posts\/1228\/revisions"}],"wp:featuredmedia":[{"embeddable":true,"href":"https:\/\/faifaculdade.com.br\/portal\/wp-json\/wp\/v2\/media\/1229"}],"wp:attachment":[{"href":"https:\/\/faifaculdade.com.br\/portal\/wp-json\/wp\/v2\/media?parent=1228"}],"wp:term":[{"taxonomy":"category","embeddable":true,"href":"https:\/\/faifaculdade.com.br\/portal\/wp-json\/wp\/v2\/categories?post=1228"},{"taxonomy":"post_tag","embeddable":true,"href":"https:\/\/faifaculdade.com.br\/portal\/wp-json\/wp\/v2\/tags?post=1228"}],"curies":[{"name":"wp","href":"https:\/\/api.w.org\/{rel}","templated":true}]}}