{"id":1261,"date":"2021-02-22T00:00:00","date_gmt":"2021-02-22T00:00:00","guid":{"rendered":"faifaculdade.com.br\/portal\/index.php\/2021\/02\/22\/fai-lanca-novos-cursos-de-pos-graduacao\/"},"modified":"2021-02-22T00:00:00","modified_gmt":"2021-02-22T00:00:00","slug":"fai-lanca-novos-cursos-de-pos-graduacao","status":"publish","type":"post","link":"https:\/\/faifaculdade.com.br\/portal\/fai-lanca-novos-cursos-de-pos-graduacao\/","title":{"rendered":"FAI LAN\u00c7A NOVOS CURSOS DE P\u00d3S-GRADUA\u00c7\u00c3O"},"content":{"rendered":"<p style=\"text-align:justify\">Realizar uma P&oacute;s-Gradua&ccedil;&atilde;o na Faculdade Irec&ecirc; &#8211; FAI, lhe trar&aacute; grandes benef&iacute;cios, n&atilde;o apenas ao curr&iacute;culo, que ter&aacute; grande destaque, mas tamb&eacute;m &agrave; sua performance como profissional. &nbsp;<\/p>\n<p style=\"text-align:justify\">Mais conhecimento, amplia&ccedil;&atilde;o de networking, aumento de possibilidades de carreira, desenvolvimento de compet&ecirc;ncias espec&iacute;ficas. H&aacute; in&uacute;meros benef&iacute;cios na realiza&ccedil;&atilde;o de um curso de p&oacute;s-gradua&ccedil;&atilde;o, mas a escolha do Curso e da Faculdade requer cautela: &eacute; preciso ter maturidade e autoconhecimento para identificar o que melhor direcionar&aacute; voc&ecirc; e sua carreira, na qualifica&ccedil;&atilde;o profissional e na aquisi&ccedil;&atilde;o de conhecimentos espec&iacute;ficos para potencializar seu crescimento e direcionamento na vida profissional.&nbsp;<\/p>\n<p style=\"text-align:justify\">CONSOLIDE AGORA SUA CARREIRA! Essa &eacute; Sua Chance de complementar a sua forma&ccedil;&atilde;o acad&ecirc;mica, atualizar-se, incorporar compet&ecirc;ncias t&eacute;cnicas e desenvolver novos perfis profissionais, com vistas ao aprimoramento da atua&ccedil;&atilde;o no mundo do trabalho. Especialize-se com os melhores professores do mercado na FAI. Essa &eacute; sua oportunidade de aprender na pr&aacute;tica com os melhores Especialistas, Mestres e Doutores do mercado, refer&ecirc;ncias nas &aacute;reas do Direito, da Sa&uacute;de, da Educa&ccedil;&atilde;o e do Marketing, al&eacute;m de ter acesso dispon&iacute;vel &agrave; extensa biblioteca f&iacute;sica e virtual, &nbsp;para potencializar seus estudos.<\/p>\n<p style=\"text-align:justify\">Veja a lista de cursos de p&oacute;s-gradua&ccedil;&atilde;o (lato sensu), por &aacute;rea de conhecimento, oferecidos pela FAI:<\/p>\n<p style=\"text-align:justify\">DIREITO (7 cursos)<\/p>\n<ul>\n<li style=\"text-align: justify;\">Direito Civil e Processo Civil (Turma 2)<\/li>\n<li style=\"text-align: justify;\">Direito do Agroneg&oacute;cio<\/li>\n<li style=\"text-align: justify;\">Direito Municipal e Gest&atilde;o P&uacute;blica<\/li>\n<li style=\"text-align: justify;\">Direito do Trabalho e Previdenci&aacute;rio<\/li>\n<li style=\"text-align: justify;\">Direito Penal e Criminologia<\/li>\n<li style=\"text-align: justify;\">Direito de Empresa e do Consumidor<\/li>\n<li style=\"text-align: justify;\">Pr&aacute;tica Processual Multidisciplinar<\/li>\n<\/ul>\n<p style=\"text-align:justify\">Vale destacar que a recente decis&atilde;o do STF no julgamento da ADI 4219 declarou que o curso de p&oacute;s-gradua&ccedil;&atilde;o em Direito vale como tempo de atividade jur&iacute;dica para fins de concurso p&uacute;blico que exige essa resid&ecirc;ncia.<\/p>\n<p style=\"text-align:justify\">EDUCA&Ccedil;&Atilde;O (1 curso)<\/p>\n<ul>\n<li style=\"text-align: justify;\">Educa&ccedil;&atilde;o Inclusiva com &Ecirc;nfase em Libras<\/li>\n<\/ul>\n<p style=\"text-align:justify\">SA&Uacute;DE (2 cursos)<\/p>\n<ul>\n<li style=\"text-align: justify;\">Urg&ecirc;ncia, Emerg&ecirc;ncia e UTI<\/li>\n<li style=\"text-align: justify;\">Vigil&acirc;ncia Sanit&aacute;ria e Gest&atilde;o da Qualidade de Alimentos<\/li>\n<\/ul>\n<p style=\"text-align:justify\">MARKETING (1 curso)<\/p>\n<ul>\n<li style=\"text-align: justify;\">Marketing Digital e M&iacute;dias Sociais<\/li>\n<\/ul>\n<p>FA&Ccedil;A AGORA SUA INSCRI&Ccedil;&Atilde;O, clicando no link &#8211;&nbsp;<a href=\"https:\/\/posfai2021.page.link\/inscricao\">https:\/\/posfai2021.page.link\/inscricao<\/a><br \/>\nOu fale com o departamento comercial pelos telefones: (74) 9.9904-3106\/ 99932-0795<\/p>\n<p>O Edital est&aacute; dispon&iacute;vel na p&aacute;gina: <a href=\"http:\/\/www.faifaculdade.com.br\/ensino\/pos-graduacao\">www.faifaculdade.com.br\/ensino\/pos-graduacao<\/a><\/p>\n","protected":false},"excerpt":{"rendered":"<p>Realizar uma P&oacute;s-Gradua&ccedil;&atilde;o na Faculdade Irec&ecirc; &#8211; FAI, lhe trar&aacute; grandes benef&iacute;cios, n&atilde;o apenas ao curr&iacute;culo, que ter&aacute; grande destaque,<\/p>\n","protected":false},"author":1,"featured_media":1262,"comment_status":"closed","ping_status":"closed","sticky":false,"template":"","format":"standard","meta":{"_editorskit_title_hidden":false,"_editorskit_reading_time":0,"_editorskit_is_block_options_detached":false,"_editorskit_block_options_position":"{}","footnotes":""},"categories":[25],"tags":[],"class_list":["post-1261","post","type-post","status-publish","format-standard","has-post-thumbnail","hentry","category-noticias"],"yoast_head":"<!-- This site is optimized with the Yoast SEO plugin v25.3 - https:\/\/yoast.com\/wordpress\/plugins\/seo\/ -->\n<title>FAI LAN\u00c7A NOVOS CURSOS DE P\u00d3S-GRADUA\u00c7\u00c3O - FAI - Faculdade Irec\u00ea<\/title>\n<meta name=\"robots\" content=\"index, follow, max-snippet:-1, max-image-preview:large, max-video-preview:-1\" \/>\n<link rel=\"canonical\" href=\"https:\/\/faifaculdade.com.br\/portal\/fai-lanca-novos-cursos-de-pos-graduacao\/\" \/>\n<meta property=\"og:locale\" content=\"pt_BR\" \/>\n<meta property=\"og:type\" content=\"article\" \/>\n<meta property=\"og:title\" content=\"FAI LAN\u00c7A NOVOS CURSOS DE P\u00d3S-GRADUA\u00c7\u00c3O - FAI - Faculdade Irec\u00ea\" \/>\n<meta property=\"og:description\" content=\"Realizar uma P&oacute;s-Gradua&ccedil;&atilde;o na Faculdade Irec&ecirc; &#8211; FAI, lhe trar&aacute; grandes benef&iacute;cios, n&atilde;o apenas ao curr&iacute;culo, que ter&aacute; grande destaque,\" \/>\n<meta property=\"og:url\" content=\"https:\/\/faifaculdade.com.br\/portal\/fai-lanca-novos-cursos-de-pos-graduacao\/\" \/>\n<meta property=\"og:site_name\" content=\"FAI - Faculdade Irec\u00ea\" \/>\n<meta property=\"article:publisher\" content=\"https:\/\/www.facebook.com\/faifaculdade\" \/>\n<meta property=\"article:published_time\" content=\"2021-02-22T00:00:00+00:00\" \/>\n<meta property=\"og:image\" content=\"https:\/\/faifaculdade.com.br\/portal\/wp-content\/uploads\/2022\/04\/noticia_202102221026.jpg\" \/>\n\t<meta property=\"og:image:width\" content=\"1000\" \/>\n\t<meta property=\"og:image:height\" content=\"1000\" \/>\n\t<meta property=\"og:image:type\" content=\"image\/jpeg\" \/>\n<meta name=\"author\" content=\"fai-admin\" \/>\n<meta name=\"twitter:card\" content=\"summary_large_image\" \/>\n<meta name=\"twitter:label1\" content=\"Escrito por\" \/>\n\t<meta name=\"twitter:data1\" content=\"fai-admin\" \/>\n\t<meta name=\"twitter:label2\" content=\"Est. tempo de leitura\" \/>\n\t<meta name=\"twitter:data2\" content=\"2 minutos\" \/>\n<script type=\"application\/ld+json\" class=\"yoast-schema-graph\">{\"@context\":\"https:\/\/schema.org\",\"@graph\":[{\"@type\":\"Article\",\"@id\":\"https:\/\/faifaculdade.com.br\/portal\/fai-lanca-novos-cursos-de-pos-graduacao\/#article\",\"isPartOf\":{\"@id\":\"https:\/\/faifaculdade.com.br\/portal\/fai-lanca-novos-cursos-de-pos-graduacao\/\"},\"author\":{\"name\":\"fai-admin\",\"@id\":\"https:\/\/faifaculdade.com.br\/portal\/#\/schema\/person\/cd0e880fdb968293d4d102e4acd90aac\"},\"headline\":\"FAI LAN\u00c7A NOVOS CURSOS DE P\u00d3S-GRADUA\u00c7\u00c3O\",\"datePublished\":\"2021-02-22T00:00:00+00:00\",\"mainEntityOfPage\":{\"@id\":\"https:\/\/faifaculdade.com.br\/portal\/fai-lanca-novos-cursos-de-pos-graduacao\/\"},\"wordCount\":477,\"publisher\":{\"@id\":\"https:\/\/faifaculdade.com.br\/portal\/#organization\"},\"image\":{\"@id\":\"https:\/\/faifaculdade.com.br\/portal\/fai-lanca-novos-cursos-de-pos-graduacao\/#primaryimage\"},\"thumbnailUrl\":\"https:\/\/faifaculdade.com.br\/portal\/wp-content\/uploads\/2022\/04\/noticia_202102221026.jpg\",\"articleSection\":[\"Not\u00edcias\"],\"inLanguage\":\"pt-BR\"},{\"@type\":\"WebPage\",\"@id\":\"https:\/\/faifaculdade.com.br\/portal\/fai-lanca-novos-cursos-de-pos-graduacao\/\",\"url\":\"https:\/\/faifaculdade.com.br\/portal\/fai-lanca-novos-cursos-de-pos-graduacao\/\",\"name\":\"FAI LAN\u00c7A NOVOS CURSOS DE P\u00d3S-GRADUA\u00c7\u00c3O - FAI - Faculdade Irec\u00ea\",\"isPartOf\":{\"@id\":\"https:\/\/faifaculdade.com.br\/portal\/#website\"},\"primaryImageOfPage\":{\"@id\":\"https:\/\/faifaculdade.com.br\/portal\/fai-lanca-novos-cursos-de-pos-graduacao\/#primaryimage\"},\"image\":{\"@id\":\"https:\/\/faifaculdade.com.br\/portal\/fai-lanca-novos-cursos-de-pos-graduacao\/#primaryimage\"},\"thumbnailUrl\":\"https:\/\/faifaculdade.com.br\/portal\/wp-content\/uploads\/2022\/04\/noticia_202102221026.jpg\",\"datePublished\":\"2021-02-22T00:00:00+00:00\",\"breadcrumb\":{\"@id\":\"https:\/\/faifaculdade.com.br\/portal\/fai-lanca-novos-cursos-de-pos-graduacao\/#breadcrumb\"},\"inLanguage\":\"pt-BR\",\"potentialAction\":[{\"@type\":\"ReadAction\",\"target\":[\"https:\/\/faifaculdade.com.br\/portal\/fai-lanca-novos-cursos-de-pos-graduacao\/\"]}]},{\"@type\":\"ImageObject\",\"inLanguage\":\"pt-BR\",\"@id\":\"https:\/\/faifaculdade.com.br\/portal\/fai-lanca-novos-cursos-de-pos-graduacao\/#primaryimage\",\"url\":\"https:\/\/faifaculdade.com.br\/portal\/wp-content\/uploads\/2022\/04\/noticia_202102221026.jpg\",\"contentUrl\":\"https:\/\/faifaculdade.com.br\/portal\/wp-content\/uploads\/2022\/04\/noticia_202102221026.jpg\",\"width\":1000,\"height\":1000},{\"@type\":\"BreadcrumbList\",\"@id\":\"https:\/\/faifaculdade.com.br\/portal\/fai-lanca-novos-cursos-de-pos-graduacao\/#breadcrumb\",\"itemListElement\":[{\"@type\":\"ListItem\",\"position\":1,\"name\":\"In\u00edcio\",\"item\":\"https:\/\/faifaculdade.com.br\/portal\/\"},{\"@type\":\"ListItem\",\"position\":2,\"name\":\"FAI LAN\u00c7A NOVOS CURSOS DE P\u00d3S-GRADUA\u00c7\u00c3O\"}]},{\"@type\":\"WebSite\",\"@id\":\"https:\/\/faifaculdade.com.br\/portal\/#website\",\"url\":\"https:\/\/faifaculdade.com.br\/portal\/\",\"name\":\"FAI - Faculdade Irec\u00ea\",\"description\":\"Portal da Faculdade Irec\u00ea\",\"publisher\":{\"@id\":\"https:\/\/faifaculdade.com.br\/portal\/#organization\"},\"potentialAction\":[{\"@type\":\"SearchAction\",\"target\":{\"@type\":\"EntryPoint\",\"urlTemplate\":\"https:\/\/faifaculdade.com.br\/portal\/?s={search_term_string}\"},\"query-input\":{\"@type\":\"PropertyValueSpecification\",\"valueRequired\":true,\"valueName\":\"search_term_string\"}}],\"inLanguage\":\"pt-BR\"},{\"@type\":\"Organization\",\"@id\":\"https:\/\/faifaculdade.com.br\/portal\/#organization\",\"name\":\"FAI - Faculdade Irec\u00ea\",\"url\":\"https:\/\/faifaculdade.com.br\/portal\/\",\"logo\":{\"@type\":\"ImageObject\",\"inLanguage\":\"pt-BR\",\"@id\":\"https:\/\/faifaculdade.com.br\/portal\/#\/schema\/logo\/image\/\",\"url\":\"https:\/\/faifaculdade.com.br\/portal\/wp-content\/uploads\/2023\/04\/cropped-FAI.png\",\"contentUrl\":\"https:\/\/faifaculdade.com.br\/portal\/wp-content\/uploads\/2023\/04\/cropped-FAI.png\",\"width\":3000,\"height\":1201,\"caption\":\"FAI - Faculdade Irec\u00ea\"},\"image\":{\"@id\":\"https:\/\/faifaculdade.com.br\/portal\/#\/schema\/logo\/image\/\"},\"sameAs\":[\"https:\/\/www.facebook.com\/faifaculdade\",\"https:\/\/www.instagram.com\/faifaculdade\/\"]},{\"@type\":\"Person\",\"@id\":\"https:\/\/faifaculdade.com.br\/portal\/#\/schema\/person\/cd0e880fdb968293d4d102e4acd90aac\",\"name\":\"fai-admin\",\"image\":{\"@type\":\"ImageObject\",\"inLanguage\":\"pt-BR\",\"@id\":\"https:\/\/faifaculdade.com.br\/portal\/#\/schema\/person\/image\/\",\"url\":\"https:\/\/secure.gravatar.com\/avatar\/baf9a0dc93f1d972c87f8d3e9f1151ae6f621afbcdf9d89d4d70411885770c3f?s=96&d=mm&r=g\",\"contentUrl\":\"https:\/\/secure.gravatar.com\/avatar\/baf9a0dc93f1d972c87f8d3e9f1151ae6f621afbcdf9d89d4d70411885770c3f?s=96&d=mm&r=g\",\"caption\":\"fai-admin\"},\"sameAs\":[\"http:\/\/faifaculdade.com.br\"],\"url\":\"https:\/\/faifaculdade.com.br\/portal\/author\/fai-admin\/\"}]}<\/script>\n<!-- \/ Yoast SEO plugin. -->","yoast_head_json":{"title":"FAI LAN\u00c7A NOVOS CURSOS DE P\u00d3S-GRADUA\u00c7\u00c3O - FAI - Faculdade Irec\u00ea","robots":{"index":"index","follow":"follow","max-snippet":"max-snippet:-1","max-image-preview":"max-image-preview:large","max-video-preview":"max-video-preview:-1"},"canonical":"https:\/\/faifaculdade.com.br\/portal\/fai-lanca-novos-cursos-de-pos-graduacao\/","og_locale":"pt_BR","og_type":"article","og_title":"FAI LAN\u00c7A NOVOS CURSOS DE P\u00d3S-GRADUA\u00c7\u00c3O - FAI - Faculdade Irec\u00ea","og_description":"Realizar uma P&oacute;s-Gradua&ccedil;&atilde;o na Faculdade Irec&ecirc; &#8211; FAI, lhe trar&aacute; grandes benef&iacute;cios, n&atilde;o apenas ao curr&iacute;culo, que ter&aacute; grande destaque,","og_url":"https:\/\/faifaculdade.com.br\/portal\/fai-lanca-novos-cursos-de-pos-graduacao\/","og_site_name":"FAI - Faculdade Irec\u00ea","article_publisher":"https:\/\/www.facebook.com\/faifaculdade","article_published_time":"2021-02-22T00:00:00+00:00","og_image":[{"width":1000,"height":1000,"url":"https:\/\/faifaculdade.com.br\/portal\/wp-content\/uploads\/2022\/04\/noticia_202102221026.jpg","type":"image\/jpeg"}],"author":"fai-admin","twitter_card":"summary_large_image","twitter_misc":{"Escrito por":"fai-admin","Est. tempo de leitura":"2 minutos"},"schema":{"@context":"https:\/\/schema.org","@graph":[{"@type":"Article","@id":"https:\/\/faifaculdade.com.br\/portal\/fai-lanca-novos-cursos-de-pos-graduacao\/#article","isPartOf":{"@id":"https:\/\/faifaculdade.com.br\/portal\/fai-lanca-novos-cursos-de-pos-graduacao\/"},"author":{"name":"fai-admin","@id":"https:\/\/faifaculdade.com.br\/portal\/#\/schema\/person\/cd0e880fdb968293d4d102e4acd90aac"},"headline":"FAI LAN\u00c7A NOVOS CURSOS DE P\u00d3S-GRADUA\u00c7\u00c3O","datePublished":"2021-02-22T00:00:00+00:00","mainEntityOfPage":{"@id":"https:\/\/faifaculdade.com.br\/portal\/fai-lanca-novos-cursos-de-pos-graduacao\/"},"wordCount":477,"publisher":{"@id":"https:\/\/faifaculdade.com.br\/portal\/#organization"},"image":{"@id":"https:\/\/faifaculdade.com.br\/portal\/fai-lanca-novos-cursos-de-pos-graduacao\/#primaryimage"},"thumbnailUrl":"https:\/\/faifaculdade.com.br\/portal\/wp-content\/uploads\/2022\/04\/noticia_202102221026.jpg","articleSection":["Not\u00edcias"],"inLanguage":"pt-BR"},{"@type":"WebPage","@id":"https:\/\/faifaculdade.com.br\/portal\/fai-lanca-novos-cursos-de-pos-graduacao\/","url":"https:\/\/faifaculdade.com.br\/portal\/fai-lanca-novos-cursos-de-pos-graduacao\/","name":"FAI LAN\u00c7A NOVOS CURSOS DE P\u00d3S-GRADUA\u00c7\u00c3O - FAI - Faculdade Irec\u00ea","isPartOf":{"@id":"https:\/\/faifaculdade.com.br\/portal\/#website"},"primaryImageOfPage":{"@id":"https:\/\/faifaculdade.com.br\/portal\/fai-lanca-novos-cursos-de-pos-graduacao\/#primaryimage"},"image":{"@id":"https:\/\/faifaculdade.com.br\/portal\/fai-lanca-novos-cursos-de-pos-graduacao\/#primaryimage"},"thumbnailUrl":"https:\/\/faifaculdade.com.br\/portal\/wp-content\/uploads\/2022\/04\/noticia_202102221026.jpg","datePublished":"2021-02-22T00:00:00+00:00","breadcrumb":{"@id":"https:\/\/faifaculdade.com.br\/portal\/fai-lanca-novos-cursos-de-pos-graduacao\/#breadcrumb"},"inLanguage":"pt-BR","potentialAction":[{"@type":"ReadAction","target":["https:\/\/faifaculdade.com.br\/portal\/fai-lanca-novos-cursos-de-pos-graduacao\/"]}]},{"@type":"ImageObject","inLanguage":"pt-BR","@id":"https:\/\/faifaculdade.com.br\/portal\/fai-lanca-novos-cursos-de-pos-graduacao\/#primaryimage","url":"https:\/\/faifaculdade.com.br\/portal\/wp-content\/uploads\/2022\/04\/noticia_202102221026.jpg","contentUrl":"https:\/\/faifaculdade.com.br\/portal\/wp-content\/uploads\/2022\/04\/noticia_202102221026.jpg","width":1000,"height":1000},{"@type":"BreadcrumbList","@id":"https:\/\/faifaculdade.com.br\/portal\/fai-lanca-novos-cursos-de-pos-graduacao\/#breadcrumb","itemListElement":[{"@type":"ListItem","position":1,"name":"In\u00edcio","item":"https:\/\/faifaculdade.com.br\/portal\/"},{"@type":"ListItem","position":2,"name":"FAI LAN\u00c7A NOVOS CURSOS DE P\u00d3S-GRADUA\u00c7\u00c3O"}]},{"@type":"WebSite","@id":"https:\/\/faifaculdade.com.br\/portal\/#website","url":"https:\/\/faifaculdade.com.br\/portal\/","name":"FAI - Faculdade Irec\u00ea","description":"Portal da Faculdade Irec\u00ea","publisher":{"@id":"https:\/\/faifaculdade.com.br\/portal\/#organization"},"potentialAction":[{"@type":"SearchAction","target":{"@type":"EntryPoint","urlTemplate":"https:\/\/faifaculdade.com.br\/portal\/?s={search_term_string}"},"query-input":{"@type":"PropertyValueSpecification","valueRequired":true,"valueName":"search_term_string"}}],"inLanguage":"pt-BR"},{"@type":"Organization","@id":"https:\/\/faifaculdade.com.br\/portal\/#organization","name":"FAI - Faculdade Irec\u00ea","url":"https:\/\/faifaculdade.com.br\/portal\/","logo":{"@type":"ImageObject","inLanguage":"pt-BR","@id":"https:\/\/faifaculdade.com.br\/portal\/#\/schema\/logo\/image\/","url":"https:\/\/faifaculdade.com.br\/portal\/wp-content\/uploads\/2023\/04\/cropped-FAI.png","contentUrl":"https:\/\/faifaculdade.com.br\/portal\/wp-content\/uploads\/2023\/04\/cropped-FAI.png","width":3000,"height":1201,"caption":"FAI - Faculdade Irec\u00ea"},"image":{"@id":"https:\/\/faifaculdade.com.br\/portal\/#\/schema\/logo\/image\/"},"sameAs":["https:\/\/www.facebook.com\/faifaculdade","https:\/\/www.instagram.com\/faifaculdade\/"]},{"@type":"Person","@id":"https:\/\/faifaculdade.com.br\/portal\/#\/schema\/person\/cd0e880fdb968293d4d102e4acd90aac","name":"fai-admin","image":{"@type":"ImageObject","inLanguage":"pt-BR","@id":"https:\/\/faifaculdade.com.br\/portal\/#\/schema\/person\/image\/","url":"https:\/\/secure.gravatar.com\/avatar\/baf9a0dc93f1d972c87f8d3e9f1151ae6f621afbcdf9d89d4d70411885770c3f?s=96&d=mm&r=g","contentUrl":"https:\/\/secure.gravatar.com\/avatar\/baf9a0dc93f1d972c87f8d3e9f1151ae6f621afbcdf9d89d4d70411885770c3f?s=96&d=mm&r=g","caption":"fai-admin"},"sameAs":["http:\/\/faifaculdade.com.br"],"url":"https:\/\/faifaculdade.com.br\/portal\/author\/fai-admin\/"}]}},"_links":{"self":[{"href":"https:\/\/faifaculdade.com.br\/portal\/wp-json\/wp\/v2\/posts\/1261","targetHints":{"allow":["GET"]}}],"collection":[{"href":"https:\/\/faifaculdade.com.br\/portal\/wp-json\/wp\/v2\/posts"}],"about":[{"href":"https:\/\/faifaculdade.com.br\/portal\/wp-json\/wp\/v2\/types\/post"}],"author":[{"embeddable":true,"href":"https:\/\/faifaculdade.com.br\/portal\/wp-json\/wp\/v2\/users\/1"}],"replies":[{"embeddable":true,"href":"https:\/\/faifaculdade.com.br\/portal\/wp-json\/wp\/v2\/comments?post=1261"}],"version-history":[{"count":0,"href":"https:\/\/faifaculdade.com.br\/portal\/wp-json\/wp\/v2\/posts\/1261\/revisions"}],"wp:featuredmedia":[{"embeddable":true,"href":"https:\/\/faifaculdade.com.br\/portal\/wp-json\/wp\/v2\/media\/1262"}],"wp:attachment":[{"href":"https:\/\/faifaculdade.com.br\/portal\/wp-json\/wp\/v2\/media?parent=1261"}],"wp:term":[{"taxonomy":"category","embeddable":true,"href":"https:\/\/faifaculdade.com.br\/portal\/wp-json\/wp\/v2\/categories?post=1261"},{"taxonomy":"post_tag","embeddable":true,"href":"https:\/\/faifaculdade.com.br\/portal\/wp-json\/wp\/v2\/tags?post=1261"}],"curies":[{"name":"wp","href":"https:\/\/api.w.org\/{rel}","templated":true}]}}