{"id":1273,"date":"2021-07-27T00:00:00","date_gmt":"2021-07-27T00:00:00","guid":{"rendered":"faifaculdade.com.br\/portal\/index.php\/2021\/07\/27\/atencao-candidatos-contagem-regressiva-para-sua-vaga-aqui-na-fai\/"},"modified":"2021-07-27T00:00:00","modified_gmt":"2021-07-27T00:00:00","slug":"atencao-candidatos-contagem-regressiva-para-sua-vaga-aqui-na-fai","status":"publish","type":"post","link":"https:\/\/faifaculdade.com.br\/portal\/atencao-candidatos-contagem-regressiva-para-sua-vaga-aqui-na-fai\/","title":{"rendered":"ATEN\u00c7\u00c3O, CANDIDATOS! CONTAGEM REGRESSIVA PARA SUA VAGA AQUI NA FAI"},"content":{"rendered":"<p style=\"text-align:justify\"><strong>#FIES2021.2<\/strong><\/p>\n<p style=\"text-align:justify\">S&atilde;o mais de 180 vagas dispon&iacute;veis pelo FIES, para ingresso neste 2&ordm; semestre. Come&ccedil;am neste dia 27 as inscri&ccedil;&otilde;es para o programa de Financiamento Estudantil, o qual permite o estudante, que almeja uma vaga na FAI, financiar at&eacute; 100% do valor da sua mensalidade, podendo escolher qualquer um dos 13 cursos que a Faculdade Irec&ecirc; oferta.&nbsp;<br \/>\nFiquem atentos aos pr&eacute;-requisitos para garantir uma vaga no FIES 2021.2. &nbsp;S&oacute; podem participar os estudantes que tenham obtido m&eacute;dia m&iacute;nima de 450 pontos em uma das edi&ccedil;&otilde;es de Enem, a partir de 2010, e que n&atilde;o tenham zerado a reda&ccedil;&atilde;o. Os estudantes tamb&eacute;m devem possuir renda per capita de at&eacute; 3 sal&aacute;rios m&iacute;nimos.&nbsp;<\/p>\n<p style=\"text-align:justify\">Se liguem a&iacute;! As inscri&ccedil;&otilde;es s&atilde;o feitas exclusivamente pelo Portal do FIES, dentro do portal do MEC. Consultem as Vagas Dispon&iacute;veis e inscrevam-se acessando: <a href=\"http:\/\/portalfies.mec.gov.br\/\u00a0\">http:\/\/portalfies.mec.gov.br\/&nbsp;<\/a><\/p>\n<p style=\"text-align:justify\">D&uacute;vidas, fale agora conosco:<br \/>\n74)99904.3106 \/ 99932.0795<\/p>\n<p style=\"text-align:justify\">#Fies2021<br \/>\n&nbsp;#NovoFies<br \/>\n&nbsp;#Fies&nbsp;<br \/>\n#FaculdadeIrece&nbsp;<br \/>\n#Fai #Faifaculdade&nbsp;<br \/>\n#Enem2021 #Prouni2021<br \/>\n&nbsp;#Irece #Chapadadiamantina&nbsp;<br \/>\n#Bahia #Nordeste #financiamentoEstudantil<\/p>\n","protected":false},"excerpt":{"rendered":"<p>#FIES2021.2 S&atilde;o mais de 180 vagas dispon&iacute;veis pelo FIES, para ingresso neste 2&ordm; semestre. Come&ccedil;am neste dia 27 as inscri&ccedil;&otilde;es<\/p>\n","protected":false},"author":1,"featured_media":1274,"comment_status":"closed","ping_status":"closed","sticky":false,"template":"","format":"standard","meta":{"_editorskit_title_hidden":false,"_editorskit_reading_time":0,"_editorskit_is_block_options_detached":false,"_editorskit_block_options_position":"{}","footnotes":""},"categories":[25],"tags":[],"class_list":["post-1273","post","type-post","status-publish","format-standard","has-post-thumbnail","hentry","category-noticias"],"yoast_head":"<!-- This site is optimized with the Yoast SEO plugin v25.3 - https:\/\/yoast.com\/wordpress\/plugins\/seo\/ -->\n<title>ATEN\u00c7\u00c3O, CANDIDATOS! CONTAGEM REGRESSIVA PARA SUA VAGA AQUI NA FAI - FAI - Faculdade Irec\u00ea<\/title>\n<meta name=\"robots\" content=\"index, follow, max-snippet:-1, max-image-preview:large, max-video-preview:-1\" \/>\n<link rel=\"canonical\" href=\"https:\/\/faifaculdade.com.br\/portal\/atencao-candidatos-contagem-regressiva-para-sua-vaga-aqui-na-fai\/\" \/>\n<meta property=\"og:locale\" content=\"pt_BR\" \/>\n<meta property=\"og:type\" content=\"article\" \/>\n<meta property=\"og:title\" content=\"ATEN\u00c7\u00c3O, CANDIDATOS! CONTAGEM REGRESSIVA PARA SUA VAGA AQUI NA FAI - FAI - Faculdade Irec\u00ea\" \/>\n<meta property=\"og:description\" content=\"#FIES2021.2 S&atilde;o mais de 180 vagas dispon&iacute;veis pelo FIES, para ingresso neste 2&ordm; semestre. Come&ccedil;am neste dia 27 as inscri&ccedil;&otilde;es\" \/>\n<meta property=\"og:url\" content=\"https:\/\/faifaculdade.com.br\/portal\/atencao-candidatos-contagem-regressiva-para-sua-vaga-aqui-na-fai\/\" \/>\n<meta property=\"og:site_name\" content=\"FAI - Faculdade Irec\u00ea\" \/>\n<meta property=\"article:publisher\" content=\"https:\/\/www.facebook.com\/faifaculdade\" \/>\n<meta property=\"article:published_time\" content=\"2021-07-27T00:00:00+00:00\" \/>\n<meta property=\"og:image\" content=\"https:\/\/faifaculdade.com.br\/portal\/wp-content\/uploads\/2022\/04\/noticia_202107270353.jpg\" \/>\n\t<meta property=\"og:image:width\" content=\"1000\" \/>\n\t<meta property=\"og:image:height\" content=\"1000\" \/>\n\t<meta property=\"og:image:type\" content=\"image\/jpeg\" \/>\n<meta name=\"author\" content=\"fai-admin\" \/>\n<meta name=\"twitter:card\" content=\"summary_large_image\" \/>\n<meta name=\"twitter:label1\" content=\"Escrito por\" \/>\n\t<meta name=\"twitter:data1\" content=\"fai-admin\" \/>\n\t<meta name=\"twitter:label2\" content=\"Est. tempo de leitura\" \/>\n\t<meta name=\"twitter:data2\" content=\"1 minuto\" \/>\n<script type=\"application\/ld+json\" class=\"yoast-schema-graph\">{\"@context\":\"https:\/\/schema.org\",\"@graph\":[{\"@type\":\"Article\",\"@id\":\"https:\/\/faifaculdade.com.br\/portal\/atencao-candidatos-contagem-regressiva-para-sua-vaga-aqui-na-fai\/#article\",\"isPartOf\":{\"@id\":\"https:\/\/faifaculdade.com.br\/portal\/atencao-candidatos-contagem-regressiva-para-sua-vaga-aqui-na-fai\/\"},\"author\":{\"name\":\"fai-admin\",\"@id\":\"https:\/\/faifaculdade.com.br\/portal\/#\/schema\/person\/cd0e880fdb968293d4d102e4acd90aac\"},\"headline\":\"ATEN\u00c7\u00c3O, CANDIDATOS! CONTAGEM REGRESSIVA PARA SUA VAGA AQUI NA FAI\",\"datePublished\":\"2021-07-27T00:00:00+00:00\",\"mainEntityOfPage\":{\"@id\":\"https:\/\/faifaculdade.com.br\/portal\/atencao-candidatos-contagem-regressiva-para-sua-vaga-aqui-na-fai\/\"},\"wordCount\":214,\"publisher\":{\"@id\":\"https:\/\/faifaculdade.com.br\/portal\/#organization\"},\"image\":{\"@id\":\"https:\/\/faifaculdade.com.br\/portal\/atencao-candidatos-contagem-regressiva-para-sua-vaga-aqui-na-fai\/#primaryimage\"},\"thumbnailUrl\":\"https:\/\/faifaculdade.com.br\/portal\/wp-content\/uploads\/2022\/04\/noticia_202107270353.jpg\",\"articleSection\":[\"Not\u00edcias\"],\"inLanguage\":\"pt-BR\"},{\"@type\":\"WebPage\",\"@id\":\"https:\/\/faifaculdade.com.br\/portal\/atencao-candidatos-contagem-regressiva-para-sua-vaga-aqui-na-fai\/\",\"url\":\"https:\/\/faifaculdade.com.br\/portal\/atencao-candidatos-contagem-regressiva-para-sua-vaga-aqui-na-fai\/\",\"name\":\"ATEN\u00c7\u00c3O, CANDIDATOS! CONTAGEM REGRESSIVA PARA SUA VAGA AQUI NA FAI - FAI - Faculdade Irec\u00ea\",\"isPartOf\":{\"@id\":\"https:\/\/faifaculdade.com.br\/portal\/#website\"},\"primaryImageOfPage\":{\"@id\":\"https:\/\/faifaculdade.com.br\/portal\/atencao-candidatos-contagem-regressiva-para-sua-vaga-aqui-na-fai\/#primaryimage\"},\"image\":{\"@id\":\"https:\/\/faifaculdade.com.br\/portal\/atencao-candidatos-contagem-regressiva-para-sua-vaga-aqui-na-fai\/#primaryimage\"},\"thumbnailUrl\":\"https:\/\/faifaculdade.com.br\/portal\/wp-content\/uploads\/2022\/04\/noticia_202107270353.jpg\",\"datePublished\":\"2021-07-27T00:00:00+00:00\",\"breadcrumb\":{\"@id\":\"https:\/\/faifaculdade.com.br\/portal\/atencao-candidatos-contagem-regressiva-para-sua-vaga-aqui-na-fai\/#breadcrumb\"},\"inLanguage\":\"pt-BR\",\"potentialAction\":[{\"@type\":\"ReadAction\",\"target\":[\"https:\/\/faifaculdade.com.br\/portal\/atencao-candidatos-contagem-regressiva-para-sua-vaga-aqui-na-fai\/\"]}]},{\"@type\":\"ImageObject\",\"inLanguage\":\"pt-BR\",\"@id\":\"https:\/\/faifaculdade.com.br\/portal\/atencao-candidatos-contagem-regressiva-para-sua-vaga-aqui-na-fai\/#primaryimage\",\"url\":\"https:\/\/faifaculdade.com.br\/portal\/wp-content\/uploads\/2022\/04\/noticia_202107270353.jpg\",\"contentUrl\":\"https:\/\/faifaculdade.com.br\/portal\/wp-content\/uploads\/2022\/04\/noticia_202107270353.jpg\",\"width\":1000,\"height\":1000},{\"@type\":\"BreadcrumbList\",\"@id\":\"https:\/\/faifaculdade.com.br\/portal\/atencao-candidatos-contagem-regressiva-para-sua-vaga-aqui-na-fai\/#breadcrumb\",\"itemListElement\":[{\"@type\":\"ListItem\",\"position\":1,\"name\":\"In\u00edcio\",\"item\":\"https:\/\/faifaculdade.com.br\/portal\/\"},{\"@type\":\"ListItem\",\"position\":2,\"name\":\"ATEN\u00c7\u00c3O, CANDIDATOS! CONTAGEM REGRESSIVA PARA SUA VAGA AQUI NA FAI\"}]},{\"@type\":\"WebSite\",\"@id\":\"https:\/\/faifaculdade.com.br\/portal\/#website\",\"url\":\"https:\/\/faifaculdade.com.br\/portal\/\",\"name\":\"FAI - Faculdade Irec\u00ea\",\"description\":\"Portal da Faculdade Irec\u00ea\",\"publisher\":{\"@id\":\"https:\/\/faifaculdade.com.br\/portal\/#organization\"},\"potentialAction\":[{\"@type\":\"SearchAction\",\"target\":{\"@type\":\"EntryPoint\",\"urlTemplate\":\"https:\/\/faifaculdade.com.br\/portal\/?s={search_term_string}\"},\"query-input\":{\"@type\":\"PropertyValueSpecification\",\"valueRequired\":true,\"valueName\":\"search_term_string\"}}],\"inLanguage\":\"pt-BR\"},{\"@type\":\"Organization\",\"@id\":\"https:\/\/faifaculdade.com.br\/portal\/#organization\",\"name\":\"FAI - Faculdade Irec\u00ea\",\"url\":\"https:\/\/faifaculdade.com.br\/portal\/\",\"logo\":{\"@type\":\"ImageObject\",\"inLanguage\":\"pt-BR\",\"@id\":\"https:\/\/faifaculdade.com.br\/portal\/#\/schema\/logo\/image\/\",\"url\":\"https:\/\/faifaculdade.com.br\/portal\/wp-content\/uploads\/2023\/04\/cropped-FAI.png\",\"contentUrl\":\"https:\/\/faifaculdade.com.br\/portal\/wp-content\/uploads\/2023\/04\/cropped-FAI.png\",\"width\":3000,\"height\":1201,\"caption\":\"FAI - Faculdade Irec\u00ea\"},\"image\":{\"@id\":\"https:\/\/faifaculdade.com.br\/portal\/#\/schema\/logo\/image\/\"},\"sameAs\":[\"https:\/\/www.facebook.com\/faifaculdade\",\"https:\/\/www.instagram.com\/faifaculdade\/\"]},{\"@type\":\"Person\",\"@id\":\"https:\/\/faifaculdade.com.br\/portal\/#\/schema\/person\/cd0e880fdb968293d4d102e4acd90aac\",\"name\":\"fai-admin\",\"image\":{\"@type\":\"ImageObject\",\"inLanguage\":\"pt-BR\",\"@id\":\"https:\/\/faifaculdade.com.br\/portal\/#\/schema\/person\/image\/\",\"url\":\"https:\/\/secure.gravatar.com\/avatar\/baf9a0dc93f1d972c87f8d3e9f1151ae6f621afbcdf9d89d4d70411885770c3f?s=96&d=mm&r=g\",\"contentUrl\":\"https:\/\/secure.gravatar.com\/avatar\/baf9a0dc93f1d972c87f8d3e9f1151ae6f621afbcdf9d89d4d70411885770c3f?s=96&d=mm&r=g\",\"caption\":\"fai-admin\"},\"sameAs\":[\"http:\/\/faifaculdade.com.br\"],\"url\":\"https:\/\/faifaculdade.com.br\/portal\/author\/fai-admin\/\"}]}<\/script>\n<!-- \/ Yoast SEO plugin. -->","yoast_head_json":{"title":"ATEN\u00c7\u00c3O, CANDIDATOS! CONTAGEM REGRESSIVA PARA SUA VAGA AQUI NA FAI - FAI - Faculdade Irec\u00ea","robots":{"index":"index","follow":"follow","max-snippet":"max-snippet:-1","max-image-preview":"max-image-preview:large","max-video-preview":"max-video-preview:-1"},"canonical":"https:\/\/faifaculdade.com.br\/portal\/atencao-candidatos-contagem-regressiva-para-sua-vaga-aqui-na-fai\/","og_locale":"pt_BR","og_type":"article","og_title":"ATEN\u00c7\u00c3O, CANDIDATOS! CONTAGEM REGRESSIVA PARA SUA VAGA AQUI NA FAI - FAI - Faculdade Irec\u00ea","og_description":"#FIES2021.2 S&atilde;o mais de 180 vagas dispon&iacute;veis pelo FIES, para ingresso neste 2&ordm; semestre. Come&ccedil;am neste dia 27 as inscri&ccedil;&otilde;es","og_url":"https:\/\/faifaculdade.com.br\/portal\/atencao-candidatos-contagem-regressiva-para-sua-vaga-aqui-na-fai\/","og_site_name":"FAI - Faculdade Irec\u00ea","article_publisher":"https:\/\/www.facebook.com\/faifaculdade","article_published_time":"2021-07-27T00:00:00+00:00","og_image":[{"width":1000,"height":1000,"url":"https:\/\/faifaculdade.com.br\/portal\/wp-content\/uploads\/2022\/04\/noticia_202107270353.jpg","type":"image\/jpeg"}],"author":"fai-admin","twitter_card":"summary_large_image","twitter_misc":{"Escrito por":"fai-admin","Est. tempo de leitura":"1 minuto"},"schema":{"@context":"https:\/\/schema.org","@graph":[{"@type":"Article","@id":"https:\/\/faifaculdade.com.br\/portal\/atencao-candidatos-contagem-regressiva-para-sua-vaga-aqui-na-fai\/#article","isPartOf":{"@id":"https:\/\/faifaculdade.com.br\/portal\/atencao-candidatos-contagem-regressiva-para-sua-vaga-aqui-na-fai\/"},"author":{"name":"fai-admin","@id":"https:\/\/faifaculdade.com.br\/portal\/#\/schema\/person\/cd0e880fdb968293d4d102e4acd90aac"},"headline":"ATEN\u00c7\u00c3O, CANDIDATOS! CONTAGEM REGRESSIVA PARA SUA VAGA AQUI NA FAI","datePublished":"2021-07-27T00:00:00+00:00","mainEntityOfPage":{"@id":"https:\/\/faifaculdade.com.br\/portal\/atencao-candidatos-contagem-regressiva-para-sua-vaga-aqui-na-fai\/"},"wordCount":214,"publisher":{"@id":"https:\/\/faifaculdade.com.br\/portal\/#organization"},"image":{"@id":"https:\/\/faifaculdade.com.br\/portal\/atencao-candidatos-contagem-regressiva-para-sua-vaga-aqui-na-fai\/#primaryimage"},"thumbnailUrl":"https:\/\/faifaculdade.com.br\/portal\/wp-content\/uploads\/2022\/04\/noticia_202107270353.jpg","articleSection":["Not\u00edcias"],"inLanguage":"pt-BR"},{"@type":"WebPage","@id":"https:\/\/faifaculdade.com.br\/portal\/atencao-candidatos-contagem-regressiva-para-sua-vaga-aqui-na-fai\/","url":"https:\/\/faifaculdade.com.br\/portal\/atencao-candidatos-contagem-regressiva-para-sua-vaga-aqui-na-fai\/","name":"ATEN\u00c7\u00c3O, CANDIDATOS! CONTAGEM REGRESSIVA PARA SUA VAGA AQUI NA FAI - FAI - Faculdade Irec\u00ea","isPartOf":{"@id":"https:\/\/faifaculdade.com.br\/portal\/#website"},"primaryImageOfPage":{"@id":"https:\/\/faifaculdade.com.br\/portal\/atencao-candidatos-contagem-regressiva-para-sua-vaga-aqui-na-fai\/#primaryimage"},"image":{"@id":"https:\/\/faifaculdade.com.br\/portal\/atencao-candidatos-contagem-regressiva-para-sua-vaga-aqui-na-fai\/#primaryimage"},"thumbnailUrl":"https:\/\/faifaculdade.com.br\/portal\/wp-content\/uploads\/2022\/04\/noticia_202107270353.jpg","datePublished":"2021-07-27T00:00:00+00:00","breadcrumb":{"@id":"https:\/\/faifaculdade.com.br\/portal\/atencao-candidatos-contagem-regressiva-para-sua-vaga-aqui-na-fai\/#breadcrumb"},"inLanguage":"pt-BR","potentialAction":[{"@type":"ReadAction","target":["https:\/\/faifaculdade.com.br\/portal\/atencao-candidatos-contagem-regressiva-para-sua-vaga-aqui-na-fai\/"]}]},{"@type":"ImageObject","inLanguage":"pt-BR","@id":"https:\/\/faifaculdade.com.br\/portal\/atencao-candidatos-contagem-regressiva-para-sua-vaga-aqui-na-fai\/#primaryimage","url":"https:\/\/faifaculdade.com.br\/portal\/wp-content\/uploads\/2022\/04\/noticia_202107270353.jpg","contentUrl":"https:\/\/faifaculdade.com.br\/portal\/wp-content\/uploads\/2022\/04\/noticia_202107270353.jpg","width":1000,"height":1000},{"@type":"BreadcrumbList","@id":"https:\/\/faifaculdade.com.br\/portal\/atencao-candidatos-contagem-regressiva-para-sua-vaga-aqui-na-fai\/#breadcrumb","itemListElement":[{"@type":"ListItem","position":1,"name":"In\u00edcio","item":"https:\/\/faifaculdade.com.br\/portal\/"},{"@type":"ListItem","position":2,"name":"ATEN\u00c7\u00c3O, CANDIDATOS! CONTAGEM REGRESSIVA PARA SUA VAGA AQUI NA FAI"}]},{"@type":"WebSite","@id":"https:\/\/faifaculdade.com.br\/portal\/#website","url":"https:\/\/faifaculdade.com.br\/portal\/","name":"FAI - Faculdade Irec\u00ea","description":"Portal da Faculdade Irec\u00ea","publisher":{"@id":"https:\/\/faifaculdade.com.br\/portal\/#organization"},"potentialAction":[{"@type":"SearchAction","target":{"@type":"EntryPoint","urlTemplate":"https:\/\/faifaculdade.com.br\/portal\/?s={search_term_string}"},"query-input":{"@type":"PropertyValueSpecification","valueRequired":true,"valueName":"search_term_string"}}],"inLanguage":"pt-BR"},{"@type":"Organization","@id":"https:\/\/faifaculdade.com.br\/portal\/#organization","name":"FAI - Faculdade Irec\u00ea","url":"https:\/\/faifaculdade.com.br\/portal\/","logo":{"@type":"ImageObject","inLanguage":"pt-BR","@id":"https:\/\/faifaculdade.com.br\/portal\/#\/schema\/logo\/image\/","url":"https:\/\/faifaculdade.com.br\/portal\/wp-content\/uploads\/2023\/04\/cropped-FAI.png","contentUrl":"https:\/\/faifaculdade.com.br\/portal\/wp-content\/uploads\/2023\/04\/cropped-FAI.png","width":3000,"height":1201,"caption":"FAI - Faculdade Irec\u00ea"},"image":{"@id":"https:\/\/faifaculdade.com.br\/portal\/#\/schema\/logo\/image\/"},"sameAs":["https:\/\/www.facebook.com\/faifaculdade","https:\/\/www.instagram.com\/faifaculdade\/"]},{"@type":"Person","@id":"https:\/\/faifaculdade.com.br\/portal\/#\/schema\/person\/cd0e880fdb968293d4d102e4acd90aac","name":"fai-admin","image":{"@type":"ImageObject","inLanguage":"pt-BR","@id":"https:\/\/faifaculdade.com.br\/portal\/#\/schema\/person\/image\/","url":"https:\/\/secure.gravatar.com\/avatar\/baf9a0dc93f1d972c87f8d3e9f1151ae6f621afbcdf9d89d4d70411885770c3f?s=96&d=mm&r=g","contentUrl":"https:\/\/secure.gravatar.com\/avatar\/baf9a0dc93f1d972c87f8d3e9f1151ae6f621afbcdf9d89d4d70411885770c3f?s=96&d=mm&r=g","caption":"fai-admin"},"sameAs":["http:\/\/faifaculdade.com.br"],"url":"https:\/\/faifaculdade.com.br\/portal\/author\/fai-admin\/"}]}},"_links":{"self":[{"href":"https:\/\/faifaculdade.com.br\/portal\/wp-json\/wp\/v2\/posts\/1273","targetHints":{"allow":["GET"]}}],"collection":[{"href":"https:\/\/faifaculdade.com.br\/portal\/wp-json\/wp\/v2\/posts"}],"about":[{"href":"https:\/\/faifaculdade.com.br\/portal\/wp-json\/wp\/v2\/types\/post"}],"author":[{"embeddable":true,"href":"https:\/\/faifaculdade.com.br\/portal\/wp-json\/wp\/v2\/users\/1"}],"replies":[{"embeddable":true,"href":"https:\/\/faifaculdade.com.br\/portal\/wp-json\/wp\/v2\/comments?post=1273"}],"version-history":[{"count":0,"href":"https:\/\/faifaculdade.com.br\/portal\/wp-json\/wp\/v2\/posts\/1273\/revisions"}],"wp:featuredmedia":[{"embeddable":true,"href":"https:\/\/faifaculdade.com.br\/portal\/wp-json\/wp\/v2\/media\/1274"}],"wp:attachment":[{"href":"https:\/\/faifaculdade.com.br\/portal\/wp-json\/wp\/v2\/media?parent=1273"}],"wp:term":[{"taxonomy":"category","embeddable":true,"href":"https:\/\/faifaculdade.com.br\/portal\/wp-json\/wp\/v2\/categories?post=1273"},{"taxonomy":"post_tag","embeddable":true,"href":"https:\/\/faifaculdade.com.br\/portal\/wp-json\/wp\/v2\/tags?post=1273"}],"curies":[{"name":"wp","href":"https:\/\/api.w.org\/{rel}","templated":true}]}}