{"id":1288,"date":"2022-03-02T00:00:00","date_gmt":"2022-03-02T00:00:00","guid":{"rendered":"faifaculdade.com.br\/portal\/index.php\/2022\/03\/02\/confira-toda-documentacao-necessaria-para-a-comprovacao-no-prouni\/"},"modified":"2022-03-02T00:00:00","modified_gmt":"2022-03-02T00:00:00","slug":"confira-toda-documentacao-necessaria-para-a-comprovacao-no-prouni","status":"publish","type":"post","link":"https:\/\/faifaculdade.com.br\/portal\/confira-toda-documentacao-necessaria-para-a-comprovacao-no-prouni\/","title":{"rendered":"CONFIRA TODA DOCUMENTA\u00c7\u00c3O NECESS\u00c1RIA PARA A COMPROVA\u00c7\u00c3O NO PROUNI"},"content":{"rendered":"<p style=\"text-align:justify\"><strong><span style=\"font-size:12pt\"><span style=\"font-family:Calibri,sans-serif\">Documentos de identifica&ccedil;&atilde;o do estudante e dos membros de seu grupo familiar.<\/span><\/span><\/strong><\/p>\n<p style=\"text-align:justify\">O coordenador do ProUni dever&aacute; solicitar, salvo em caso de d&uacute;vida, somente um dos seguintes comprovantes de identifica&ccedil;&atilde;o:<\/p>\n<p style=\"text-align:justify\">1. Carteira de Identidade fornecida pelos &oacute;rg&atilde;os de seguran&ccedil;a p&uacute;blica das Unidades da Federa&ccedil;&atilde;o.<\/p>\n<p style=\"text-align:justify\">2. Carteira Nacional de Habilita&ccedil;&atilde;o, novo modelo, no prazo de validade.<\/p>\n<p style=\"text-align:justify\">3. Carteira Funcional emitida por reparti&ccedil;&otilde;es p&uacute;blicas ou por &oacute;rg&atilde;os de classe dos profissionais liberais, com f&eacute; p&uacute;blica reconhecida por Decreto.<\/p>\n<p style=\"text-align:justify\">4. Identidade Militar, expedida pelas For&ccedil;as Armadas ou for&ccedil;as auxiliares para seus membros ou dependentes.<\/p>\n<p style=\"text-align:justify\">5. Registro Nacional de Estrangeiros &#8211; RNE, quando for o caso.<\/p>\n<p style=\"text-align:justify\">6. Passaporte emitido no Brasil.<\/p>\n<p style=\"text-align:justify\">7. Carteira do Trabalho e Previd&ecirc;ncia Social &#8211; CTPS.<\/p>\n<p style=\"text-align:justify\">&nbsp;<\/p>\n<p style=\"text-align:justify\">COMPROVANTES DE RESID&Ecirc;NCIA<\/p>\n<p style=\"text-align:justify\">O coordenador do ProUni dever&aacute; solicitar, salvo em caso de d&uacute;vida, somente um dos seguintes comprovantes de resid&ecirc;ncia em nome do bolsista ou de membro do grupo familiar:<\/p>\n<p style=\"text-align:justify\">1. Contas de &aacute;gua, g&aacute;s, energia el&eacute;trica ou telefone (fixo ou m&oacute;vel).<\/p>\n<p style=\"text-align:justify\">2. Contrato de aluguel em vigor, com firma do propriet&aacute;rio do im&oacute;vel reconhecida em cart&oacute;rio, acompanhado de um dos comprovantes de conta de &aacute;gua, g&aacute;s, energia el&eacute;trica ou telefone em nome do propriet&aacute;rio do im&oacute;vel.<\/p>\n<p style=\"text-align:justify\">3. Declara&ccedil;&atilde;o do propriet&aacute;rio do im&oacute;vel confirmando a resid&ecirc;ncia, com firma reconhecida em cart&oacute;rio, acompanhada de um dos comprovantes de conta de &aacute;gua, g&aacute;s, energia el&eacute;trica ou telefone em nome do propriet&aacute;rio do im&oacute;vel.<\/p>\n<p style=\"text-align:justify\">4. Declara&ccedil;&atilde;o anual do Imposto de Renda Pessoa F&iacute;sica &#8211; IRPF.<\/p>\n<p style=\"text-align:justify\">5. Demonstrativo ou comunicado do Instituto Nacional do Seguro Social &#8211; INSS ou da Secretaria da Receita Federal do Brasil &#8211; SRFB.<\/p>\n<p style=\"text-align:justify\">6. Contracheque emitido por &oacute;rg&atilde;o p&uacute;blico.<\/p>\n<p style=\"text-align:justify\">7. Boleto banc&aacute;rio de mensalidade escolar, de mensalidade de plano de sa&uacute;de, de condom&iacute;nio ou de financiamento habitacional.<\/p>\n<p style=\"text-align:justify\">8. Fatura de cart&atilde;o de cr&eacute;dito.<\/p>\n<p style=\"text-align:justify\">9. Extrato ou demonstrativo banc&aacute;rio de outras contas, corrente ou poupan&ccedil;a.<\/p>\n<p style=\"text-align:justify\">10. Extrato ou demonstrativo banc&aacute;rio de empr&eacute;stimo ou aplica&ccedil;&atilde;o financeira.<\/p>\n<p style=\"text-align:justify\">11. Extrato do Fundo de Garantia do Tempo de Servi&ccedil;o &#8211; FGTS.<\/p>\n<p style=\"text-align:justify\">12. Guia ou carn&ecirc; do Imposto Predial e Territorial Urbano &#8211; IPTU ou do Imposto sobre a Propriedade de Ve&iacute;culos Automotores &ndash; IPVA<\/p>\n<p style=\"text-align:justify\">&nbsp;<\/p>\n<p style=\"text-align:justify\">COMPROVANTES DE RENDIMENTOS<\/p>\n<p style=\"text-align:justify\">I. Para comprova&ccedil;&atilde;o da renda devem ser apresentados documentos conforme o tipo de atividade.<\/p>\n<p style=\"text-align:justify\">II. Para cada atividade, existe uma ou mais possibilidades de comprova&ccedil;&atilde;o de renda.<\/p>\n<p style=\"text-align:justify\">III. Deve-se utilizar pelo menos um dos comprovantes relacionados.<\/p>\n<p style=\"text-align:justify\">IV. A decis&atilde;o quanto ao(s) documento(s) a ser(em) apresentado(s) cabe ao coordenador do ProUni, o qual poder&aacute; solicitar qualquer tipo de documento em qualquer caso e qualquer que seja tipo de atividade, inclusive contas de g&aacute;s, condom&iacute;nio, comprovantes de pagamento de aluguel ou presta&ccedil;&atilde;o de im&oacute;vel pr&oacute;prio, carn&ecirc;s do IPTU, faturas de cart&atilde;o de cr&eacute;dito e quaisquer declara&ccedil;&otilde;es tribut&aacute;rias referentes a pessoas jur&iacute;dicas vinculadas a qualquer membro do grupo familiar.<\/p>\n<ol>\n<li style=\"text-align:justify\">ASSALARIADOS<\/li>\n<\/ol>\n<p style=\"text-align:justify\">&middot; Tr&ecirc;s &uacute;ltimos contracheques, no caso de renda fixa.<\/p>\n<p style=\"text-align:justify\">&middot; Seis &uacute;ltimos contracheques, quando houver pagamento de comiss&atilde;o ou hora extra.<\/p>\n<p style=\"text-align:justify\">&middot; Declara&ccedil;&atilde;o de IRPF acompanhada do recibo de entrega &agrave; SRFB e da respectiva notifica&ccedil;&atilde;o de restitui&ccedil;&atilde;o, quando houver.<\/p>\n<p style=\"text-align:justify\">&middot; CTPS registrada e atualizada.<\/p>\n<p style=\"text-align:justify\">&middot; CTPS registrada e atualizada ou carn&ecirc; do INSS com recolhimento em dia, no caso de empregada dom&eacute;stica.<\/p>\n<p style=\"text-align:justify\">&middot; Extrato da conta vinculada do trabalhador no FGTS referente aos seis &uacute;ltimos meses<\/p>\n<p style=\"text-align:justify\">&middot; Extrato da conta vinculada do trabalhador no FGTS referente aos seis &uacute;ltimos meses<\/p>\n<p style=\"text-align:justify\">&nbsp;<\/p>\n<ol start=\"2\">\n<li style=\"text-align:justify\">ATIVIDADE RURAL<\/li>\n<\/ol>\n<p style=\"text-align:justify\">&middot; Declara&ccedil;&atilde;o de IRPF acompanhada do recibo de entrega &agrave; Receita Federal do Brasil e da respectiva notifica&ccedil;&atilde;o de restitui&ccedil;&atilde;o, quando houver.<\/p>\n<p style=\"text-align:justify\">&middot; Declara&ccedil;&atilde;o de Imposto de Renda Pessoa Jur&iacute;dica &#8211; IRPJ.<\/p>\n<p style=\"text-align:justify\">&middot; Quaisquer declara&ccedil;&otilde;es tribut&aacute;rias referentes a pessoas jur&iacute;dicas vinculadas ao estudante ou a membros de seu grupo familiar, quando for o caso.<\/p>\n<p style=\"text-align:justify\">&middot; Extratos banc&aacute;rios dos &uacute;ltimos tr&ecirc;s meses, pelo menos, da pessoa f&iacute;sica e das pessoas jur&iacute;dicas vinculadas.<\/p>\n<p style=\"text-align:justify\">&middot; Notas fiscais de vendas dos &uacute;ltimos seis meses.<\/p>\n<p style=\"text-align:justify\">&nbsp;<\/p>\n<ol start=\"3\">\n<li style=\"text-align:justify\">APOSENTADOS E PENSIONISTAS<\/li>\n<\/ol>\n<p style=\"text-align:justify\">&middot; Extrato mais recente do pagamento de benef&iacute;cio, obtido por meio de consulta no endere&ccedil;o eletr&ocirc;nico &lt; http:\/\/www.mpas.gov.br&gt;<\/p>\n<p style=\"text-align:justify\">&middot; Extratos banc&aacute;rios dos &uacute;ltimos tr&ecirc;s meses, quando for o caso.<\/p>\n<p style=\"text-align:justify\">&middot; Declara&ccedil;&atilde;o de IRPF acompanhada do recibo de entrega &agrave; Receita Federal do Brasil e da respectiva notifica&ccedil;&atilde;o de restitui&ccedil;&atilde;o, quando houver.<\/p>\n<p style=\"text-align:justify\">&nbsp;<\/p>\n<ol start=\"4\">\n<li style=\"text-align:justify\">AUT&Ocirc;NOMOS<\/li>\n<\/ol>\n<p style=\"text-align:justify\">&middot; Declara&ccedil;&atilde;o de IRPF acompanhada do recibo de entrega &agrave; Receita Federal do Brasil e da respectiva notifica&ccedil;&atilde;o de restitui&ccedil;&atilde;o, quando houver.<\/p>\n<p style=\"text-align:justify\">&middot; Quaisquer declara&ccedil;&otilde;es tribut&aacute;rias referentes a pessoas jur&iacute;dicas vinculadas ao estudante ou a membros de seu grupo familiar, quando for o caso.<\/p>\n<p style=\"text-align:justify\">&middot; Guias de recolhimento ao INSS com comprovante de pagamento do &uacute;ltimo m&ecirc;s, compat&iacute;veis com a renda declarada.<\/p>\n<p style=\"text-align:justify\">&middot; Extratos banc&aacute;rios dos &uacute;ltimos tr&ecirc;s meses, pelo menos.<\/p>\n<p style=\"text-align:justify\">&nbsp;<\/p>\n<ol start=\"5\">\n<li style=\"text-align:justify\">PROFISSIONAIS LIBERAIS<\/li>\n<\/ol>\n<p style=\"text-align:justify\">&middot; Declara&ccedil;&atilde;o de IRPF acompanhada do recibo de entrega &agrave; Receita Federal do Brasil e da respectiva notifica&ccedil;&atilde;o de restitui&ccedil;&atilde;o, quando houver.<\/p>\n<p style=\"text-align:justify\">&middot; Quaisquer declara&ccedil;&otilde;es tribut&aacute;rias referentes a pessoas jur&iacute;dicas vinculadas ao estudante ou membros de seu grupo familiar, quando for o caso.<\/p>\n<p style=\"text-align:justify\">&middot; Guias de recolhimento ao INSS com comprovante de pagamento do &uacute;ltimo m&ecirc;s, compat&iacute;veis com a renda declarada.<\/p>\n<p style=\"text-align:justify\">&middot; Extratos banc&aacute;rios dos &uacute;ltimos tr&ecirc;s meses, pelo menos.<\/p>\n<p style=\"text-align:justify\">&nbsp;<\/p>\n<ol start=\"6\">\n<li style=\"text-align:justify\">S&Oacute;CIOS E DIRIGENTES DE EMPRESAS<\/li>\n<\/ol>\n<p style=\"text-align:justify\">&middot; Tr&ecirc;s &uacute;ltimos contracheques de remunera&ccedil;&atilde;o mensal.<\/p>\n<p style=\"text-align:justify\">&middot; Declara&ccedil;&atilde;o de IRPF acompanhada do recibo de entrega &agrave; Receita Federal do Brasil e da respectiva notifica&ccedil;&atilde;o de restitui&ccedil;&atilde;o, quando houver.<\/p>\n<p style=\"text-align:justify\">&middot; Declara&ccedil;&atilde;o de IRPJ.<\/p>\n<p style=\"text-align:justify\">&middot; Quaisquer declara&ccedil;&otilde;es tribut&aacute;rias referentes a pessoas jur&iacute;dicas vinculadas ao estudante ou a membros de seu grupo familiar, quando for o caso.<\/p>\n<p style=\"text-align:justify\">&middot; Extratos banc&aacute;rios dos &uacute;ltimos tr&ecirc;s meses, pelo menos, da pessoa f&iacute;sica e das pessoas jur&iacute;dicas vinculadas.<\/p>\n<p style=\"text-align:justify\">&nbsp;<\/p>\n<ol start=\"7\">\n<li style=\"text-align:justify\">RENDIMENTOS DE ALUGUEL OU ARRENDAMENTO DE BENS M&Oacute;VEIS E IM&Oacute;VEIS<\/li>\n<\/ol>\n<p style=\"text-align:justify\">&middot; Declara&ccedil;&atilde;o de IRPF acompanhada do recibo de entrega &agrave; Receita Federal do Brasil e da respectiva notifica&ccedil;&atilde;o de restitui&ccedil;&atilde;o, quando houver.<\/p>\n<p style=\"text-align:justify\">&middot; Extratos banc&aacute;rios dos &uacute;ltimos tr&ecirc;s meses, pelo menos.<\/p>\n<p style=\"text-align:justify\">&middot; Contrato de loca&ccedil;&atilde;o ou arrendamento devidamente registrado em cart&oacute;rio.<\/p>\n<p style=\"text-align:justify\">&middot; acompanhado dos tr&ecirc;s &uacute;ltimos comprovantes de recebimentos.<\/p>\n<p style=\"text-align:justify\">&nbsp;<\/p>\n<p style=\"text-align:justify\">CRIT&Eacute;RIOS PARA APURA&Ccedil;&Atilde;O DE RENDA COMPROVADA<\/p>\n<p style=\"text-align:justify\">1. DISPOSI&Ccedil;&Otilde;ES GERAIS<\/p>\n<p style=\"text-align:justify\">1.1 A partir do(s) documento(s) de comprova&ccedil;&atilde;o apresentados deve-se proceder &agrave; apura&ccedil;&atilde;o da renda.<\/p>\n<p style=\"text-align:justify\">1.2 A apura&ccedil;&atilde;o da renda considerar&aacute; as caracter&iacute;sticas dos rendimentos apresentados em rela&ccedil;&atilde;o &agrave; sua continuidade, &agrave;s varia&ccedil;&otilde;es de curto prazo e &agrave; dura&ccedil;&atilde;o de seu recebimento.<\/p>\n<p style=\"text-align:justify\">1.3 Quando houver a comprova&ccedil;&atilde;o de mais de uma renda, a apura&ccedil;&atilde;o ser&aacute; feita separadamente e os resultados somados.<\/p>\n<p style=\"text-align:justify\">1.4 Os crit&eacute;rios para apura&ccedil;&atilde;o da renda comprovada variam para cada tipo de documento apresentado, e observam o disposto nos itens a seguir.<\/p>\n<p style=\"text-align:justify\">&nbsp;<\/p>\n<p style=\"text-align:justify\">2. TIPOS DE COMPROVANTES DE RENDA 2.1 CONTRACHEQUE SEM RENDIMENTOS VARI&Aacute;VEIS<\/p>\n<p style=\"text-align:justify\">2.1.1 A renda comprovada por meio de contracheque &eacute; composta dos cr&eacute;ditos recebidos continuamente pelo trabalhador assalariado.<\/p>\n<p style=\"text-align:justify\">2.1.2 Est&atilde;o compreendidos entre os trabalhadores assalariados: &#8211; empregados de empresas p&uacute;blicas e privadas sob regime de CLT; &#8211; servidores p&uacute;blicos; &#8211; ocupantes de cargos comissionados ou que exer&ccedil;am fun&ccedil;&atilde;o gratificada; e &#8211; ocupantes de cargos eletivos.<\/p>\n<p style=\"text-align:justify\">2.1.3 S&atilde;o consideradas partes integrantes da renda do trabalho assalariado: &#8211; sal&aacute;rio-base\/sal&aacute;rio-padr&atilde;o; &#8211; sal&aacute;rio pelo exerc&iacute;cio de cargo p&uacute;blico efetivo; &#8211; gratifica&ccedil;&otilde;es pelo exerc&iacute;cio de fun&ccedil;&atilde;o p&uacute;blica de confian&ccedil;a, desde que comprovado seu exerc&iacute;cio em car&aacute;ter efetivo; &#8211; sal&aacute;rio pelo exerc&iacute;cio de cargo p&uacute;blico comissionado; &#8211; sal&aacute;rio pelo exerc&iacute;cio de mandato eletivo; &#8211; adicionais noturnos, insalubridade e periculosidade, desde que estejam comprovadamente vinculados &agrave;s atividades exercidas pelo proponente; e &#8211; quaisquer outras remunera&ccedil;&otilde;es constantes no respectivo contracheque.<\/p>\n<p style=\"text-align:justify\">2.1.4 O c&aacute;lculo deve ser efetuado considerando o somat&oacute;rio das partes integrantes da renda do trabalho assalariado.<\/p>\n<p style=\"text-align:justify\">&nbsp;<\/p>\n<p style=\"text-align:justify\">2.2 CONTRACHEQUE COM RENDIMENTOS VARI&Aacute;VEIS<\/p>\n<p style=\"text-align:justify\">2.2.1 Os sal&aacute;rios que apresentam cr&eacute;ditos recebidos sob a forma de porcentagem ou comiss&atilde;o sobre produ&ccedil;&atilde;o, vendas ou horas de servi&ccedil;o, s&atilde;o apurados pela m&eacute;dia de recebimento mensal.<\/p>\n<p style=\"text-align:justify\">2.2.2 Esse tipo de rendimento varia m&ecirc;s a m&ecirc;s, e a renda apurada considera a m&eacute;dia mensal dos valores recebidos nos &uacute;ltimos seis meses.<\/p>\n<p style=\"text-align:justify\">2.2.3 No caso de existir uma parcela de rendimento fixo, esta &eacute; somada &agrave; parte vari&aacute;vel para compor a renda.<\/p>\n<p style=\"text-align:justify\">2.3 CONTRACHEQUE COM HORAS EXTRAS<\/p>\n<p style=\"text-align:justify\">2.3.1 O adicional de presta&ccedil;&atilde;o de servi&ccedil;os extraordin&aacute;rios (horas extras) deve ser considerado como parte da renda.<\/p>\n<p style=\"text-align:justify\">2.3.2 Neste caso, devem ser solicitados os seis &uacute;ltimos contracheques.<\/p>\n<p style=\"text-align:justify\">2.3.3 O valor recebido de horas extras &eacute; determinado pela m&eacute;dia de recebimento mensal dos seis meses, independentemente de ter havido ou n&atilde;o cr&eacute;dito de horas extras em todos os meses.<\/p>\n<p style=\"text-align:justify\">2.3.4 O valor m&eacute;dio mensal do adicional de presta&ccedil;&atilde;o de servi&ccedil;os extraordin&aacute;rios (horas extras) &eacute; somado ao sal&aacute;rio padr&atilde;o para composi&ccedil;&atilde;o da renda.<\/p>\n<p style=\"text-align:justify\">&nbsp;<\/p>\n<p style=\"text-align:justify\">2.4 DECLARA&Ccedil;&Atilde;O DE IMPOSTO DE RENDA &ndash; PESSOA F&Iacute;SICA<\/p>\n<p style=\"text-align:justify\">2.4.1 A declara&ccedil;&atilde;o deve estar acompanhada do recibo de entrega &agrave; Receita Federal do Brasil e da respectiva notifica&ccedil;&atilde;o de restitui&ccedil;&atilde;o, quando houver.<\/p>\n<p style=\"text-align:justify\">2.4.2 S&atilde;o v&aacute;lidas as declara&ccedil;&otilde;es referentes ao exerc&iacute;cio do &uacute;ltimo ano, por&eacute;m o coordenador do ProUni poder&aacute; tamb&eacute;m solicitar declara&ccedil;&otilde;es referentes a anos anteriores.<\/p>\n<p style=\"text-align:justify\">2.4.3 O total bruto dos rendimentos declarados no ano deve ser dividido por doze, para a apura&ccedil;&atilde;o da renda bruta m&eacute;dia mensal.<\/p>\n<p style=\"text-align:justify\">2.4.4 Considera-se a renda individual, no caso de Declara&ccedil;&atilde;o do Imposto de Renda Conjunta.<\/p>\n<p style=\"text-align:justify\">&nbsp;<\/p>\n<p style=\"text-align:justify\">2.5 CONTRATO DE LOCA&Ccedil;&Atilde;O OU ARRENDAMENTO DE BENS M&Oacute;VEIS E IM&Oacute;VEIS<\/p>\n<p style=\"text-align:justify\">2.5.1 Os alugu&eacute;is recebidos pela loca&ccedil;&atilde;o de im&oacute;veis e outros bens s&atilde;o considerados renda.<\/p>\n<p style=\"text-align:justify\">2.5.2 Deve ser apresentado o contrato de loca&ccedil;&atilde;o, explicitando valores, acompanhado dos &uacute;ltimos tr&ecirc;s recibos de pagamento do aluguel em favor do locador com firma reconhecida.<\/p>\n<p style=\"text-align:justify\">2.5.3 A renda mensal &eacute; estabelecida pela m&eacute;dia aritm&eacute;tica dos recebimentos dos seis &uacute;ltimos meses.<\/p>\n<p style=\"text-align:justify\">&nbsp;<\/p>\n<p style=\"text-align:justify\">2.6 CARTEIRA DE TRABALHO E PREVID&Ecirc;NCIA SOCIAL &ndash; CTPS<\/p>\n<p style=\"text-align:justify\">2.6.1 O documento deve estar atualizado com o respectivo valor da renda.<\/p>\n<p style=\"text-align:justify\">2.6.2 A renda mensal &eacute; estabelecida de acordo com o valor informado na CTPS.<\/p>\n<p style=\"text-align:justify\">&nbsp;<\/p>\n<p style=\"text-align:justify\">2.7 EXTRATO DE FGTS<\/p>\n<p style=\"text-align:justify\">2.7.1 Extrato da conta vinculada do trabalhador no FGTS nos &uacute;ltimos seis meses.<\/p>\n<p style=\"text-align:justify\">2.7.2 A renda mensal &eacute; estabelecida pela m&eacute;dia aritm&eacute;tica dos valores de base de c&aacute;lculo do FGTS dos seis meses.<\/p>\n<p style=\"text-align:justify\">2.7.3 Por meio dos valores de recolhimentos obt&ecirc;m-se os valores bases de c&aacute;lculo do FGTS, multiplicando-se o valor do recolhimento por 12,5.<\/p>\n<p style=\"text-align:justify\">&nbsp;<\/p>\n<p style=\"text-align:justify\">2.8 COMPROVANTE DE CONTRIBUI&Ccedil;&Atilde;O AO INSS<\/p>\n<p style=\"text-align:justify\">2.8.1 No documento devem constar as contribui&ccedil;&otilde;es ao Regime Geral de Previd&ecirc;ncia Social.<\/p>\n<p style=\"text-align:justify\">2.8.2 A renda mensal &eacute; igual ao sal&aacute;rio de contribui&ccedil;&atilde;o.<\/p>\n<p style=\"text-align:justify\">2.8.3 Para os contribuintes individuais e facultativos, o sal&aacute;rio de contribui&ccedil;&atilde;o &eacute; estabelecido pelo valor do recolhimento multiplicado por cinco, uma vez que as contribui&ccedil;&otilde;es correspondem a vinte por cento do sal&aacute;rio de contribui&ccedil;&atilde;o.<\/p>\n<p style=\"text-align:justify\">&nbsp;<\/p>\n<p style=\"text-align:justify\">2.9 EXTRATO DE PAGAMENTO DE BENEF&Iacute;CIO DO INSS<\/p>\n<p style=\"text-align:justify\">2.9.1 Extrato mais recente do pagamento de benef&iacute;cio obtido por meio de consulta no endere&ccedil;o.<\/p>\n<p style=\"text-align:justify\">2.9.2 A renda mensal &eacute; estabelecida de acordo com o valor do benef&iacute;cio obtido na consulta.<\/p>\n<p style=\"text-align:justify\">&nbsp;<\/p>\n<p style=\"text-align:justify\">2.10 NOTAS FISCAIS DE VENDAS<\/p>\n<p style=\"text-align:justify\">2.10.1 As notas fiscais de vendas de mercadorias ou produtos s&atilde;o comprovantes de renda para a atividade rural.<\/p>\n<p style=\"text-align:justify\">2.10.2 valor m&eacute;dio mensal das vendas &eacute; estabelecido pela m&eacute;dia aritm&eacute;tica dos valores de venda dos &uacute;ltimos seis meses.<\/p>\n<p style=\"text-align:justify\">2.10.3 A renda mensal corresponder&aacute; a trinta por cento do valor m&eacute;dio mensal das vendas.<\/p>\n<p style=\"text-align:justify\">&nbsp;<\/p>\n<p style=\"text-align:justify\">3. DISPOSI&Ccedil;&Otilde;ES FINAIS<\/p>\n<p style=\"text-align:justify\">3.1 Est&atilde;o exclu&iacute;dos do c&aacute;lculo de que trata este Anexo:<\/p>\n<p style=\"text-align:justify\">&nbsp;<\/p>\n<p style=\"text-align:justify\">I &#8211; os valores percebidos a t&iacute;tulo de:<\/p>\n<p style=\"text-align:justify\">a) aux&iacute;lios para alimenta&ccedil;&atilde;o e transporte;<\/p>\n<p style=\"text-align:justify\">b) di&aacute;rias e reembolsos de despesas;<\/p>\n<p style=\"text-align:justify\">c) adiantamentos e antecipa&ccedil;&otilde;es;<\/p>\n<p style=\"text-align:justify\">d) estornos e compensa&ccedil;&otilde;es referentes a per&iacute;odos anteriores;<\/p>\n<p style=\"text-align:justify\">e) indeniza&ccedil;&otilde;es decorrentes de contratos de seguros;<\/p>\n<p style=\"text-align:justify\">f) indeniza&ccedil;&otilde;es por danos materiais e morais por for&ccedil;a de decis&atilde;o judicial;<\/p>\n<p style=\"text-align:justify\">&nbsp;<\/p>\n<p style=\"text-align:justify\">II &#8211; os rendimentos percebidos no &acirc;mbito dos seguintes programas:<\/p>\n<p style=\"text-align:justify\">a) Programa de Erradica&ccedil;&atilde;o do Trabalho Infantil;<\/p>\n<p style=\"text-align:justify\">b) Programa Agente Jovem de Desenvolvimento Social e Humano;<\/p>\n<p style=\"text-align:justify\">c) Programa Bolsa Fam&iacute;lia e os programas remanescentes nele unificados;<\/p>\n<p style=\"text-align:justify\">d) Programa Nacional de Inclus&atilde;o do Jovem &#8211; Pr&oacute;-Jovem;<\/p>\n<p style=\"text-align:justify\">e) Aux&iacute;lio Emergencial Financeiro e outros programas de transfer&ecirc;ncia de renda destinados &agrave; popula&ccedil;&atilde;o atingida por desastres, residente em Munic&iacute;pios em estado de calamidade p&uacute;blica ou situa&ccedil;&atilde;o de emerg&ecirc;ncia;<\/p>\n<p style=\"text-align:justify\">f) demais programas de transfer&ecirc;ncia condicionada de renda implementados por Estados, Distrito Federal ou Munic&iacute;pios.<\/p>\n<p style=\"text-align:justify\">&nbsp;<\/p>\n<p style=\"text-align:justify\">III &#8211; o montante pago pelo alimentante a t&iacute;tulo de pens&atilde;o aliment&iacute;cia, exclusivamente no caso de decis&atilde;o judicial, acordo homologado judicialmente ou escritura p&uacute;blica que assim o determine.<\/p>\n<p style=\"text-align:justify\">&nbsp;<\/p>\n<p style=\"text-align:justify\">Fonte &#8211; <a href=\"https:\/\/acessounico.mec.gov.br\/documentacao\">https:\/\/acessounico.mec.gov.br\/documentacao<\/a><\/p>\n<p style=\"text-align:justify\">&nbsp;<\/p>\n","protected":false},"excerpt":{"rendered":"<p>Documentos de identifica&ccedil;&atilde;o do estudante e dos membros de seu grupo familiar. O coordenador do ProUni dever&aacute; solicitar, salvo em<\/p>\n","protected":false},"author":1,"featured_media":1289,"comment_status":"closed","ping_status":"closed","sticky":false,"template":"","format":"standard","meta":{"_editorskit_title_hidden":false,"_editorskit_reading_time":0,"_editorskit_is_block_options_detached":false,"_editorskit_block_options_position":"{}","footnotes":""},"categories":[25],"tags":[],"class_list":["post-1288","post","type-post","status-publish","format-standard","has-post-thumbnail","hentry","category-noticias"],"yoast_head":"<!-- This site is optimized with the Yoast SEO plugin v25.3 - https:\/\/yoast.com\/wordpress\/plugins\/seo\/ -->\n<title>CONFIRA TODA DOCUMENTA\u00c7\u00c3O NECESS\u00c1RIA PARA A COMPROVA\u00c7\u00c3O NO PROUNI - FAI - Faculdade Irec\u00ea<\/title>\n<meta name=\"robots\" content=\"index, follow, max-snippet:-1, max-image-preview:large, max-video-preview:-1\" \/>\n<link rel=\"canonical\" href=\"https:\/\/faifaculdade.com.br\/portal\/confira-toda-documentacao-necessaria-para-a-comprovacao-no-prouni\/\" \/>\n<meta property=\"og:locale\" content=\"pt_BR\" \/>\n<meta property=\"og:type\" content=\"article\" \/>\n<meta property=\"og:title\" content=\"CONFIRA TODA DOCUMENTA\u00c7\u00c3O NECESS\u00c1RIA PARA A COMPROVA\u00c7\u00c3O NO PROUNI - FAI - Faculdade Irec\u00ea\" \/>\n<meta property=\"og:description\" content=\"Documentos de identifica&ccedil;&atilde;o do estudante e dos membros de seu grupo familiar. O coordenador do ProUni dever&aacute; solicitar, salvo em\" \/>\n<meta property=\"og:url\" content=\"https:\/\/faifaculdade.com.br\/portal\/confira-toda-documentacao-necessaria-para-a-comprovacao-no-prouni\/\" \/>\n<meta property=\"og:site_name\" content=\"FAI - Faculdade Irec\u00ea\" \/>\n<meta property=\"article:publisher\" content=\"https:\/\/www.facebook.com\/faifaculdade\" \/>\n<meta property=\"article:published_time\" content=\"2022-03-02T00:00:00+00:00\" \/>\n<meta property=\"og:image\" content=\"https:\/\/faifaculdade.com.br\/portal\/wp-content\/uploads\/2022\/04\/noticia_202203020537.jpg\" \/>\n\t<meta property=\"og:image:width\" content=\"1000\" \/>\n\t<meta property=\"og:image:height\" content=\"1000\" \/>\n\t<meta property=\"og:image:type\" content=\"image\/jpeg\" \/>\n<meta name=\"author\" content=\"fai-admin\" \/>\n<meta name=\"twitter:card\" content=\"summary_large_image\" \/>\n<meta name=\"twitter:label1\" content=\"Escrito por\" \/>\n\t<meta name=\"twitter:data1\" content=\"fai-admin\" \/>\n\t<meta name=\"twitter:label2\" content=\"Est. tempo de leitura\" \/>\n\t<meta name=\"twitter:data2\" content=\"13 minutos\" \/>\n<script type=\"application\/ld+json\" class=\"yoast-schema-graph\">{\"@context\":\"https:\/\/schema.org\",\"@graph\":[{\"@type\":\"Article\",\"@id\":\"https:\/\/faifaculdade.com.br\/portal\/confira-toda-documentacao-necessaria-para-a-comprovacao-no-prouni\/#article\",\"isPartOf\":{\"@id\":\"https:\/\/faifaculdade.com.br\/portal\/confira-toda-documentacao-necessaria-para-a-comprovacao-no-prouni\/\"},\"author\":{\"name\":\"fai-admin\",\"@id\":\"https:\/\/faifaculdade.com.br\/portal\/#\/schema\/person\/cd0e880fdb968293d4d102e4acd90aac\"},\"headline\":\"CONFIRA TODA DOCUMENTA\u00c7\u00c3O NECESS\u00c1RIA PARA A COMPROVA\u00c7\u00c3O NO PROUNI\",\"datePublished\":\"2022-03-02T00:00:00+00:00\",\"mainEntityOfPage\":{\"@id\":\"https:\/\/faifaculdade.com.br\/portal\/confira-toda-documentacao-necessaria-para-a-comprovacao-no-prouni\/\"},\"wordCount\":2664,\"publisher\":{\"@id\":\"https:\/\/faifaculdade.com.br\/portal\/#organization\"},\"image\":{\"@id\":\"https:\/\/faifaculdade.com.br\/portal\/confira-toda-documentacao-necessaria-para-a-comprovacao-no-prouni\/#primaryimage\"},\"thumbnailUrl\":\"https:\/\/faifaculdade.com.br\/portal\/wp-content\/uploads\/2022\/04\/noticia_202203020537.jpg\",\"articleSection\":[\"Not\u00edcias\"],\"inLanguage\":\"pt-BR\"},{\"@type\":\"WebPage\",\"@id\":\"https:\/\/faifaculdade.com.br\/portal\/confira-toda-documentacao-necessaria-para-a-comprovacao-no-prouni\/\",\"url\":\"https:\/\/faifaculdade.com.br\/portal\/confira-toda-documentacao-necessaria-para-a-comprovacao-no-prouni\/\",\"name\":\"CONFIRA TODA DOCUMENTA\u00c7\u00c3O NECESS\u00c1RIA PARA A COMPROVA\u00c7\u00c3O NO PROUNI - FAI - Faculdade Irec\u00ea\",\"isPartOf\":{\"@id\":\"https:\/\/faifaculdade.com.br\/portal\/#website\"},\"primaryImageOfPage\":{\"@id\":\"https:\/\/faifaculdade.com.br\/portal\/confira-toda-documentacao-necessaria-para-a-comprovacao-no-prouni\/#primaryimage\"},\"image\":{\"@id\":\"https:\/\/faifaculdade.com.br\/portal\/confira-toda-documentacao-necessaria-para-a-comprovacao-no-prouni\/#primaryimage\"},\"thumbnailUrl\":\"https:\/\/faifaculdade.com.br\/portal\/wp-content\/uploads\/2022\/04\/noticia_202203020537.jpg\",\"datePublished\":\"2022-03-02T00:00:00+00:00\",\"breadcrumb\":{\"@id\":\"https:\/\/faifaculdade.com.br\/portal\/confira-toda-documentacao-necessaria-para-a-comprovacao-no-prouni\/#breadcrumb\"},\"inLanguage\":\"pt-BR\",\"potentialAction\":[{\"@type\":\"ReadAction\",\"target\":[\"https:\/\/faifaculdade.com.br\/portal\/confira-toda-documentacao-necessaria-para-a-comprovacao-no-prouni\/\"]}]},{\"@type\":\"ImageObject\",\"inLanguage\":\"pt-BR\",\"@id\":\"https:\/\/faifaculdade.com.br\/portal\/confira-toda-documentacao-necessaria-para-a-comprovacao-no-prouni\/#primaryimage\",\"url\":\"https:\/\/faifaculdade.com.br\/portal\/wp-content\/uploads\/2022\/04\/noticia_202203020537.jpg\",\"contentUrl\":\"https:\/\/faifaculdade.com.br\/portal\/wp-content\/uploads\/2022\/04\/noticia_202203020537.jpg\",\"width\":1000,\"height\":1000},{\"@type\":\"BreadcrumbList\",\"@id\":\"https:\/\/faifaculdade.com.br\/portal\/confira-toda-documentacao-necessaria-para-a-comprovacao-no-prouni\/#breadcrumb\",\"itemListElement\":[{\"@type\":\"ListItem\",\"position\":1,\"name\":\"In\u00edcio\",\"item\":\"https:\/\/faifaculdade.com.br\/portal\/\"},{\"@type\":\"ListItem\",\"position\":2,\"name\":\"CONFIRA TODA DOCUMENTA\u00c7\u00c3O NECESS\u00c1RIA PARA A COMPROVA\u00c7\u00c3O NO PROUNI\"}]},{\"@type\":\"WebSite\",\"@id\":\"https:\/\/faifaculdade.com.br\/portal\/#website\",\"url\":\"https:\/\/faifaculdade.com.br\/portal\/\",\"name\":\"FAI - Faculdade Irec\u00ea\",\"description\":\"Portal da Faculdade Irec\u00ea\",\"publisher\":{\"@id\":\"https:\/\/faifaculdade.com.br\/portal\/#organization\"},\"potentialAction\":[{\"@type\":\"SearchAction\",\"target\":{\"@type\":\"EntryPoint\",\"urlTemplate\":\"https:\/\/faifaculdade.com.br\/portal\/?s={search_term_string}\"},\"query-input\":{\"@type\":\"PropertyValueSpecification\",\"valueRequired\":true,\"valueName\":\"search_term_string\"}}],\"inLanguage\":\"pt-BR\"},{\"@type\":\"Organization\",\"@id\":\"https:\/\/faifaculdade.com.br\/portal\/#organization\",\"name\":\"FAI - Faculdade Irec\u00ea\",\"url\":\"https:\/\/faifaculdade.com.br\/portal\/\",\"logo\":{\"@type\":\"ImageObject\",\"inLanguage\":\"pt-BR\",\"@id\":\"https:\/\/faifaculdade.com.br\/portal\/#\/schema\/logo\/image\/\",\"url\":\"https:\/\/faifaculdade.com.br\/portal\/wp-content\/uploads\/2023\/04\/cropped-FAI.png\",\"contentUrl\":\"https:\/\/faifaculdade.com.br\/portal\/wp-content\/uploads\/2023\/04\/cropped-FAI.png\",\"width\":3000,\"height\":1201,\"caption\":\"FAI - Faculdade Irec\u00ea\"},\"image\":{\"@id\":\"https:\/\/faifaculdade.com.br\/portal\/#\/schema\/logo\/image\/\"},\"sameAs\":[\"https:\/\/www.facebook.com\/faifaculdade\",\"https:\/\/www.instagram.com\/faifaculdade\/\"]},{\"@type\":\"Person\",\"@id\":\"https:\/\/faifaculdade.com.br\/portal\/#\/schema\/person\/cd0e880fdb968293d4d102e4acd90aac\",\"name\":\"fai-admin\",\"image\":{\"@type\":\"ImageObject\",\"inLanguage\":\"pt-BR\",\"@id\":\"https:\/\/faifaculdade.com.br\/portal\/#\/schema\/person\/image\/\",\"url\":\"https:\/\/secure.gravatar.com\/avatar\/baf9a0dc93f1d972c87f8d3e9f1151ae6f621afbcdf9d89d4d70411885770c3f?s=96&d=mm&r=g\",\"contentUrl\":\"https:\/\/secure.gravatar.com\/avatar\/baf9a0dc93f1d972c87f8d3e9f1151ae6f621afbcdf9d89d4d70411885770c3f?s=96&d=mm&r=g\",\"caption\":\"fai-admin\"},\"sameAs\":[\"http:\/\/faifaculdade.com.br\"],\"url\":\"https:\/\/faifaculdade.com.br\/portal\/author\/fai-admin\/\"}]}<\/script>\n<!-- \/ Yoast SEO plugin. -->","yoast_head_json":{"title":"CONFIRA TODA DOCUMENTA\u00c7\u00c3O NECESS\u00c1RIA PARA A COMPROVA\u00c7\u00c3O NO PROUNI - FAI - Faculdade Irec\u00ea","robots":{"index":"index","follow":"follow","max-snippet":"max-snippet:-1","max-image-preview":"max-image-preview:large","max-video-preview":"max-video-preview:-1"},"canonical":"https:\/\/faifaculdade.com.br\/portal\/confira-toda-documentacao-necessaria-para-a-comprovacao-no-prouni\/","og_locale":"pt_BR","og_type":"article","og_title":"CONFIRA TODA DOCUMENTA\u00c7\u00c3O NECESS\u00c1RIA PARA A COMPROVA\u00c7\u00c3O NO PROUNI - FAI - Faculdade Irec\u00ea","og_description":"Documentos de identifica&ccedil;&atilde;o do estudante e dos membros de seu grupo familiar. O coordenador do ProUni dever&aacute; solicitar, salvo em","og_url":"https:\/\/faifaculdade.com.br\/portal\/confira-toda-documentacao-necessaria-para-a-comprovacao-no-prouni\/","og_site_name":"FAI - Faculdade Irec\u00ea","article_publisher":"https:\/\/www.facebook.com\/faifaculdade","article_published_time":"2022-03-02T00:00:00+00:00","og_image":[{"width":1000,"height":1000,"url":"https:\/\/faifaculdade.com.br\/portal\/wp-content\/uploads\/2022\/04\/noticia_202203020537.jpg","type":"image\/jpeg"}],"author":"fai-admin","twitter_card":"summary_large_image","twitter_misc":{"Escrito por":"fai-admin","Est. tempo de leitura":"13 minutos"},"schema":{"@context":"https:\/\/schema.org","@graph":[{"@type":"Article","@id":"https:\/\/faifaculdade.com.br\/portal\/confira-toda-documentacao-necessaria-para-a-comprovacao-no-prouni\/#article","isPartOf":{"@id":"https:\/\/faifaculdade.com.br\/portal\/confira-toda-documentacao-necessaria-para-a-comprovacao-no-prouni\/"},"author":{"name":"fai-admin","@id":"https:\/\/faifaculdade.com.br\/portal\/#\/schema\/person\/cd0e880fdb968293d4d102e4acd90aac"},"headline":"CONFIRA TODA DOCUMENTA\u00c7\u00c3O NECESS\u00c1RIA PARA A COMPROVA\u00c7\u00c3O NO PROUNI","datePublished":"2022-03-02T00:00:00+00:00","mainEntityOfPage":{"@id":"https:\/\/faifaculdade.com.br\/portal\/confira-toda-documentacao-necessaria-para-a-comprovacao-no-prouni\/"},"wordCount":2664,"publisher":{"@id":"https:\/\/faifaculdade.com.br\/portal\/#organization"},"image":{"@id":"https:\/\/faifaculdade.com.br\/portal\/confira-toda-documentacao-necessaria-para-a-comprovacao-no-prouni\/#primaryimage"},"thumbnailUrl":"https:\/\/faifaculdade.com.br\/portal\/wp-content\/uploads\/2022\/04\/noticia_202203020537.jpg","articleSection":["Not\u00edcias"],"inLanguage":"pt-BR"},{"@type":"WebPage","@id":"https:\/\/faifaculdade.com.br\/portal\/confira-toda-documentacao-necessaria-para-a-comprovacao-no-prouni\/","url":"https:\/\/faifaculdade.com.br\/portal\/confira-toda-documentacao-necessaria-para-a-comprovacao-no-prouni\/","name":"CONFIRA TODA DOCUMENTA\u00c7\u00c3O NECESS\u00c1RIA PARA A COMPROVA\u00c7\u00c3O NO PROUNI - FAI - Faculdade Irec\u00ea","isPartOf":{"@id":"https:\/\/faifaculdade.com.br\/portal\/#website"},"primaryImageOfPage":{"@id":"https:\/\/faifaculdade.com.br\/portal\/confira-toda-documentacao-necessaria-para-a-comprovacao-no-prouni\/#primaryimage"},"image":{"@id":"https:\/\/faifaculdade.com.br\/portal\/confira-toda-documentacao-necessaria-para-a-comprovacao-no-prouni\/#primaryimage"},"thumbnailUrl":"https:\/\/faifaculdade.com.br\/portal\/wp-content\/uploads\/2022\/04\/noticia_202203020537.jpg","datePublished":"2022-03-02T00:00:00+00:00","breadcrumb":{"@id":"https:\/\/faifaculdade.com.br\/portal\/confira-toda-documentacao-necessaria-para-a-comprovacao-no-prouni\/#breadcrumb"},"inLanguage":"pt-BR","potentialAction":[{"@type":"ReadAction","target":["https:\/\/faifaculdade.com.br\/portal\/confira-toda-documentacao-necessaria-para-a-comprovacao-no-prouni\/"]}]},{"@type":"ImageObject","inLanguage":"pt-BR","@id":"https:\/\/faifaculdade.com.br\/portal\/confira-toda-documentacao-necessaria-para-a-comprovacao-no-prouni\/#primaryimage","url":"https:\/\/faifaculdade.com.br\/portal\/wp-content\/uploads\/2022\/04\/noticia_202203020537.jpg","contentUrl":"https:\/\/faifaculdade.com.br\/portal\/wp-content\/uploads\/2022\/04\/noticia_202203020537.jpg","width":1000,"height":1000},{"@type":"BreadcrumbList","@id":"https:\/\/faifaculdade.com.br\/portal\/confira-toda-documentacao-necessaria-para-a-comprovacao-no-prouni\/#breadcrumb","itemListElement":[{"@type":"ListItem","position":1,"name":"In\u00edcio","item":"https:\/\/faifaculdade.com.br\/portal\/"},{"@type":"ListItem","position":2,"name":"CONFIRA TODA DOCUMENTA\u00c7\u00c3O NECESS\u00c1RIA PARA A COMPROVA\u00c7\u00c3O NO PROUNI"}]},{"@type":"WebSite","@id":"https:\/\/faifaculdade.com.br\/portal\/#website","url":"https:\/\/faifaculdade.com.br\/portal\/","name":"FAI - Faculdade Irec\u00ea","description":"Portal da Faculdade Irec\u00ea","publisher":{"@id":"https:\/\/faifaculdade.com.br\/portal\/#organization"},"potentialAction":[{"@type":"SearchAction","target":{"@type":"EntryPoint","urlTemplate":"https:\/\/faifaculdade.com.br\/portal\/?s={search_term_string}"},"query-input":{"@type":"PropertyValueSpecification","valueRequired":true,"valueName":"search_term_string"}}],"inLanguage":"pt-BR"},{"@type":"Organization","@id":"https:\/\/faifaculdade.com.br\/portal\/#organization","name":"FAI - Faculdade Irec\u00ea","url":"https:\/\/faifaculdade.com.br\/portal\/","logo":{"@type":"ImageObject","inLanguage":"pt-BR","@id":"https:\/\/faifaculdade.com.br\/portal\/#\/schema\/logo\/image\/","url":"https:\/\/faifaculdade.com.br\/portal\/wp-content\/uploads\/2023\/04\/cropped-FAI.png","contentUrl":"https:\/\/faifaculdade.com.br\/portal\/wp-content\/uploads\/2023\/04\/cropped-FAI.png","width":3000,"height":1201,"caption":"FAI - Faculdade Irec\u00ea"},"image":{"@id":"https:\/\/faifaculdade.com.br\/portal\/#\/schema\/logo\/image\/"},"sameAs":["https:\/\/www.facebook.com\/faifaculdade","https:\/\/www.instagram.com\/faifaculdade\/"]},{"@type":"Person","@id":"https:\/\/faifaculdade.com.br\/portal\/#\/schema\/person\/cd0e880fdb968293d4d102e4acd90aac","name":"fai-admin","image":{"@type":"ImageObject","inLanguage":"pt-BR","@id":"https:\/\/faifaculdade.com.br\/portal\/#\/schema\/person\/image\/","url":"https:\/\/secure.gravatar.com\/avatar\/baf9a0dc93f1d972c87f8d3e9f1151ae6f621afbcdf9d89d4d70411885770c3f?s=96&d=mm&r=g","contentUrl":"https:\/\/secure.gravatar.com\/avatar\/baf9a0dc93f1d972c87f8d3e9f1151ae6f621afbcdf9d89d4d70411885770c3f?s=96&d=mm&r=g","caption":"fai-admin"},"sameAs":["http:\/\/faifaculdade.com.br"],"url":"https:\/\/faifaculdade.com.br\/portal\/author\/fai-admin\/"}]}},"_links":{"self":[{"href":"https:\/\/faifaculdade.com.br\/portal\/wp-json\/wp\/v2\/posts\/1288","targetHints":{"allow":["GET"]}}],"collection":[{"href":"https:\/\/faifaculdade.com.br\/portal\/wp-json\/wp\/v2\/posts"}],"about":[{"href":"https:\/\/faifaculdade.com.br\/portal\/wp-json\/wp\/v2\/types\/post"}],"author":[{"embeddable":true,"href":"https:\/\/faifaculdade.com.br\/portal\/wp-json\/wp\/v2\/users\/1"}],"replies":[{"embeddable":true,"href":"https:\/\/faifaculdade.com.br\/portal\/wp-json\/wp\/v2\/comments?post=1288"}],"version-history":[{"count":0,"href":"https:\/\/faifaculdade.com.br\/portal\/wp-json\/wp\/v2\/posts\/1288\/revisions"}],"wp:featuredmedia":[{"embeddable":true,"href":"https:\/\/faifaculdade.com.br\/portal\/wp-json\/wp\/v2\/media\/1289"}],"wp:attachment":[{"href":"https:\/\/faifaculdade.com.br\/portal\/wp-json\/wp\/v2\/media?parent=1288"}],"wp:term":[{"taxonomy":"category","embeddable":true,"href":"https:\/\/faifaculdade.com.br\/portal\/wp-json\/wp\/v2\/categories?post=1288"},{"taxonomy":"post_tag","embeddable":true,"href":"https:\/\/faifaculdade.com.br\/portal\/wp-json\/wp\/v2\/tags?post=1288"}],"curies":[{"name":"wp","href":"https:\/\/api.w.org\/{rel}","templated":true}]}}