{"id":2420,"date":"2023-05-09T11:20:04","date_gmt":"2023-05-09T11:20:04","guid":{"rendered":"faifaculdade.com.br\/portal\/?p=2420"},"modified":"2023-05-17T11:40:35","modified_gmt":"2023-05-17T11:40:35","slug":"1-workshop-de-comunicacao-desafios-e-oportunidades","status":"publish","type":"post","link":"https:\/\/faifaculdade.com.br\/portal\/1-workshop-de-comunicacao-desafios-e-oportunidades\/","title":{"rendered":"1\u00b0 Workshop de Comunica\u00e7\u00e3o: Desafios e oportunidades"},"content":{"rendered":"\n<figure class=\"wp-block-image size-large\"><img fetchpriority=\"high\" decoding=\"async\" width=\"819\" height=\"1024\" src=\"faifaculdade.com.br\/portal\/wp-content\/uploads\/2023\/05\/WhatsApp-Image-2023-05-08-at-21.46.15-819x1024.jpeg\" alt=\"\" class=\"wp-image-2427\" srcset=\"https:\/\/faifaculdade.com.br\/portal\/wp-content\/uploads\/2023\/05\/WhatsApp-Image-2023-05-08-at-21.46.15-819x1024.jpeg 819w, https:\/\/faifaculdade.com.br\/portal\/wp-content\/uploads\/2023\/05\/WhatsApp-Image-2023-05-08-at-21.46.15-240x300.jpeg 240w, https:\/\/faifaculdade.com.br\/portal\/wp-content\/uploads\/2023\/05\/WhatsApp-Image-2023-05-08-at-21.46.15-768x960.jpeg 768w, https:\/\/faifaculdade.com.br\/portal\/wp-content\/uploads\/2023\/05\/WhatsApp-Image-2023-05-08-at-21.46.15.jpeg 1080w\" sizes=\"(max-width: 819px) 100vw, 819px\" \/><\/figure>\n\n\n\n<p>Na pr\u00f3xima quarta-feira (10), das 20h \u00e0s 22h, vai acontecer o 1\u00ba Workshop de Comunica\u00e7\u00e3o da Faculdade Irec\u00ea (FAI). Com o tema \u201cDesafios e oportunidades\u201d, o evento foi idealizado pelos alunos do 5\u00ba semestre de Administra\u00e7\u00e3o de Empresas, durante a disciplina de Comunica\u00e7\u00e3o Empresarial, ministrada pela professora Amanda Dourado.<\/p>\n\n\n\n<p>&#8220;\u00c9 um orgulho ver esses meninos e meninas do curso de Administra\u00e7\u00e3o t\u00e3o motivados e organizados na prepara\u00e7\u00e3o desse evento. Isso mostra que temos, no nosso curso, alunos e alunas capacitados e que, aos poucos, est\u00e3o se mostrando para o mercado como administradores de alta qualidade. Agrade\u00e7o \u00e0 professora Amanda por todo amor dedicado neste projeto, tenho certeza que ser\u00e1 um evento lindo&#8221;, pontua Mateus Pereira, coordenador dos cursos de ADM e Ci\u00eancias Cont\u00e1beis da FAI.<\/p>\n\n\n\n<p>O Workshop ir\u00e1 reunir profissionais que ir\u00e3o apresentar suas experi\u00eancias com o tema.<\/p>\n\n\n\n<p>Erik Machado \u2013 Diretor de Rela\u00e7\u00f5es Institucionais da FAI<br>Amand\u00e1 Dour\u00e0do \u2013 jornalista e professora FAI<br>Johara Mattos \u2013 consultora de imagem e influencer<br>F\u00e1bio Oliveira \u2013 radialista e apresentador R\u00e1dio L\u00edder FM<br>Meirinha \u2013 professora universit\u00e1ria e agente pol\u00edtica<br>Andr\u00e9 Luiz \u2013 jornalista e apresentador R\u00e1dio Cara\u00edbas FM<\/p>\n\n\n\n<p><\/p>\n\n\n\n<p>A sua presen\u00e7a ser\u00e1 um presente para n\u00f3s!<\/p>\n\n\n\n<p><\/p>\n\n\n\n<p><\/p>\n\n\n\n<p><\/p>\n\n\n\n<p><\/p>\n","protected":false},"excerpt":{"rendered":"<p>Na pr\u00f3xima quarta-feira (10), das 20h \u00e0s 22h, vai acontecer o 1\u00ba Workshop de Comunica\u00e7\u00e3o da Faculdade Irec\u00ea (FAI). Com<\/p>\n","protected":false},"author":12,"featured_media":2427,"comment_status":"closed","ping_status":"closed","sticky":false,"template":"","format":"standard","meta":{"_editorskit_title_hidden":false,"_editorskit_reading_time":0,"_editorskit_is_block_options_detached":false,"_editorskit_block_options_position":"{}","footnotes":""},"categories":[37],"tags":[],"class_list":["post-2420","post","type-post","status-publish","format-standard","has-post-thumbnail","hentry","category-administracao"],"yoast_head":"<!-- This site is optimized with the Yoast SEO plugin v25.3 - https:\/\/yoast.com\/wordpress\/plugins\/seo\/ -->\n<title>1\u00b0 Workshop de Comunica\u00e7\u00e3o: Desafios e oportunidades - FAI - Faculdade Irec\u00ea<\/title>\n<meta name=\"robots\" content=\"index, follow, max-snippet:-1, max-image-preview:large, max-video-preview:-1\" \/>\n<link rel=\"canonical\" href=\"https:\/\/faifaculdade.com.br\/portal\/1-workshop-de-comunicacao-desafios-e-oportunidades\/\" \/>\n<meta property=\"og:locale\" content=\"pt_BR\" \/>\n<meta property=\"og:type\" content=\"article\" \/>\n<meta property=\"og:title\" content=\"1\u00b0 Workshop de Comunica\u00e7\u00e3o: Desafios e oportunidades - FAI - Faculdade Irec\u00ea\" \/>\n<meta property=\"og:description\" content=\"Na pr\u00f3xima quarta-feira (10), das 20h \u00e0s 22h, vai acontecer o 1\u00ba Workshop de Comunica\u00e7\u00e3o da Faculdade Irec\u00ea (FAI). Com\" \/>\n<meta property=\"og:url\" content=\"https:\/\/faifaculdade.com.br\/portal\/1-workshop-de-comunicacao-desafios-e-oportunidades\/\" \/>\n<meta property=\"og:site_name\" content=\"FAI - Faculdade Irec\u00ea\" \/>\n<meta property=\"article:publisher\" content=\"https:\/\/www.facebook.com\/faifaculdade\" \/>\n<meta property=\"article:published_time\" content=\"2023-05-09T11:20:04+00:00\" \/>\n<meta property=\"article:modified_time\" content=\"2023-05-17T11:40:35+00:00\" \/>\n<meta property=\"og:image\" content=\"https:\/\/faifaculdade.com.br\/portal\/wp-content\/uploads\/2023\/05\/WhatsApp-Image-2023-05-08-at-21.46.15.jpeg\" \/>\n\t<meta property=\"og:image:width\" content=\"1080\" \/>\n\t<meta property=\"og:image:height\" content=\"1350\" \/>\n\t<meta property=\"og:image:type\" content=\"image\/jpeg\" \/>\n<meta name=\"author\" content=\"Mateus Marcos de Souza Pereira\" \/>\n<meta name=\"twitter:card\" content=\"summary_large_image\" \/>\n<meta name=\"twitter:label1\" content=\"Escrito por\" \/>\n\t<meta name=\"twitter:data1\" content=\"Mateus Marcos de Souza Pereira\" \/>\n\t<meta name=\"twitter:label2\" content=\"Est. tempo de leitura\" \/>\n\t<meta name=\"twitter:data2\" content=\"1 minuto\" \/>\n<script type=\"application\/ld+json\" class=\"yoast-schema-graph\">{\"@context\":\"https:\/\/schema.org\",\"@graph\":[{\"@type\":\"Article\",\"@id\":\"https:\/\/faifaculdade.com.br\/portal\/1-workshop-de-comunicacao-desafios-e-oportunidades\/#article\",\"isPartOf\":{\"@id\":\"https:\/\/faifaculdade.com.br\/portal\/1-workshop-de-comunicacao-desafios-e-oportunidades\/\"},\"author\":{\"name\":\"Mateus Marcos de Souza Pereira\",\"@id\":\"https:\/\/faifaculdade.com.br\/portal\/#\/schema\/person\/8e9e886e3d8e3f13de09899367cda341\"},\"headline\":\"1\u00b0 Workshop de Comunica\u00e7\u00e3o: Desafios e oportunidades\",\"datePublished\":\"2023-05-09T11:20:04+00:00\",\"dateModified\":\"2023-05-17T11:40:35+00:00\",\"mainEntityOfPage\":{\"@id\":\"https:\/\/faifaculdade.com.br\/portal\/1-workshop-de-comunicacao-desafios-e-oportunidades\/\"},\"wordCount\":210,\"publisher\":{\"@id\":\"https:\/\/faifaculdade.com.br\/portal\/#organization\"},\"image\":{\"@id\":\"https:\/\/faifaculdade.com.br\/portal\/1-workshop-de-comunicacao-desafios-e-oportunidades\/#primaryimage\"},\"thumbnailUrl\":\"https:\/\/faifaculdade.com.br\/portal\/wp-content\/uploads\/2023\/05\/WhatsApp-Image-2023-05-08-at-21.46.15.jpeg\",\"articleSection\":[\"Administra\u00e7\u00e3o\"],\"inLanguage\":\"pt-BR\"},{\"@type\":\"WebPage\",\"@id\":\"https:\/\/faifaculdade.com.br\/portal\/1-workshop-de-comunicacao-desafios-e-oportunidades\/\",\"url\":\"https:\/\/faifaculdade.com.br\/portal\/1-workshop-de-comunicacao-desafios-e-oportunidades\/\",\"name\":\"1\u00b0 Workshop de Comunica\u00e7\u00e3o: Desafios e oportunidades - FAI - Faculdade Irec\u00ea\",\"isPartOf\":{\"@id\":\"https:\/\/faifaculdade.com.br\/portal\/#website\"},\"primaryImageOfPage\":{\"@id\":\"https:\/\/faifaculdade.com.br\/portal\/1-workshop-de-comunicacao-desafios-e-oportunidades\/#primaryimage\"},\"image\":{\"@id\":\"https:\/\/faifaculdade.com.br\/portal\/1-workshop-de-comunicacao-desafios-e-oportunidades\/#primaryimage\"},\"thumbnailUrl\":\"https:\/\/faifaculdade.com.br\/portal\/wp-content\/uploads\/2023\/05\/WhatsApp-Image-2023-05-08-at-21.46.15.jpeg\",\"datePublished\":\"2023-05-09T11:20:04+00:00\",\"dateModified\":\"2023-05-17T11:40:35+00:00\",\"breadcrumb\":{\"@id\":\"https:\/\/faifaculdade.com.br\/portal\/1-workshop-de-comunicacao-desafios-e-oportunidades\/#breadcrumb\"},\"inLanguage\":\"pt-BR\",\"potentialAction\":[{\"@type\":\"ReadAction\",\"target\":[\"https:\/\/faifaculdade.com.br\/portal\/1-workshop-de-comunicacao-desafios-e-oportunidades\/\"]}]},{\"@type\":\"ImageObject\",\"inLanguage\":\"pt-BR\",\"@id\":\"https:\/\/faifaculdade.com.br\/portal\/1-workshop-de-comunicacao-desafios-e-oportunidades\/#primaryimage\",\"url\":\"https:\/\/faifaculdade.com.br\/portal\/wp-content\/uploads\/2023\/05\/WhatsApp-Image-2023-05-08-at-21.46.15.jpeg\",\"contentUrl\":\"https:\/\/faifaculdade.com.br\/portal\/wp-content\/uploads\/2023\/05\/WhatsApp-Image-2023-05-08-at-21.46.15.jpeg\",\"width\":1080,\"height\":1350},{\"@type\":\"BreadcrumbList\",\"@id\":\"https:\/\/faifaculdade.com.br\/portal\/1-workshop-de-comunicacao-desafios-e-oportunidades\/#breadcrumb\",\"itemListElement\":[{\"@type\":\"ListItem\",\"position\":1,\"name\":\"In\u00edcio\",\"item\":\"https:\/\/faifaculdade.com.br\/portal\/\"},{\"@type\":\"ListItem\",\"position\":2,\"name\":\"1\u00b0 Workshop de Comunica\u00e7\u00e3o: Desafios e oportunidades\"}]},{\"@type\":\"WebSite\",\"@id\":\"https:\/\/faifaculdade.com.br\/portal\/#website\",\"url\":\"https:\/\/faifaculdade.com.br\/portal\/\",\"name\":\"FAI - Faculdade Irec\u00ea\",\"description\":\"Portal da Faculdade Irec\u00ea\",\"publisher\":{\"@id\":\"https:\/\/faifaculdade.com.br\/portal\/#organization\"},\"potentialAction\":[{\"@type\":\"SearchAction\",\"target\":{\"@type\":\"EntryPoint\",\"urlTemplate\":\"https:\/\/faifaculdade.com.br\/portal\/?s={search_term_string}\"},\"query-input\":{\"@type\":\"PropertyValueSpecification\",\"valueRequired\":true,\"valueName\":\"search_term_string\"}}],\"inLanguage\":\"pt-BR\"},{\"@type\":\"Organization\",\"@id\":\"https:\/\/faifaculdade.com.br\/portal\/#organization\",\"name\":\"FAI - Faculdade Irec\u00ea\",\"url\":\"https:\/\/faifaculdade.com.br\/portal\/\",\"logo\":{\"@type\":\"ImageObject\",\"inLanguage\":\"pt-BR\",\"@id\":\"https:\/\/faifaculdade.com.br\/portal\/#\/schema\/logo\/image\/\",\"url\":\"https:\/\/faifaculdade.com.br\/portal\/wp-content\/uploads\/2023\/04\/cropped-FAI.png\",\"contentUrl\":\"https:\/\/faifaculdade.com.br\/portal\/wp-content\/uploads\/2023\/04\/cropped-FAI.png\",\"width\":3000,\"height\":1201,\"caption\":\"FAI - Faculdade Irec\u00ea\"},\"image\":{\"@id\":\"https:\/\/faifaculdade.com.br\/portal\/#\/schema\/logo\/image\/\"},\"sameAs\":[\"https:\/\/www.facebook.com\/faifaculdade\",\"https:\/\/www.instagram.com\/faifaculdade\/\"]},{\"@type\":\"Person\",\"@id\":\"https:\/\/faifaculdade.com.br\/portal\/#\/schema\/person\/8e9e886e3d8e3f13de09899367cda341\",\"name\":\"Mateus Marcos de Souza Pereira\",\"image\":{\"@type\":\"ImageObject\",\"inLanguage\":\"pt-BR\",\"@id\":\"https:\/\/faifaculdade.com.br\/portal\/#\/schema\/person\/image\/\",\"url\":\"https:\/\/secure.gravatar.com\/avatar\/97703de72db0be4117d3f8a541cf7d54a86c9d54e864cc148b7cd47bf6fcfaec?s=96&d=mm&r=g\",\"contentUrl\":\"https:\/\/secure.gravatar.com\/avatar\/97703de72db0be4117d3f8a541cf7d54a86c9d54e864cc148b7cd47bf6fcfaec?s=96&d=mm&r=g\",\"caption\":\"Mateus Marcos de Souza Pereira\"},\"url\":\"https:\/\/faifaculdade.com.br\/portal\/author\/mateus-marcos\/\"}]}<\/script>\n<!-- \/ Yoast SEO plugin. -->","yoast_head_json":{"title":"1\u00b0 Workshop de Comunica\u00e7\u00e3o: Desafios e oportunidades - FAI - Faculdade Irec\u00ea","robots":{"index":"index","follow":"follow","max-snippet":"max-snippet:-1","max-image-preview":"max-image-preview:large","max-video-preview":"max-video-preview:-1"},"canonical":"https:\/\/faifaculdade.com.br\/portal\/1-workshop-de-comunicacao-desafios-e-oportunidades\/","og_locale":"pt_BR","og_type":"article","og_title":"1\u00b0 Workshop de Comunica\u00e7\u00e3o: Desafios e oportunidades - FAI - Faculdade Irec\u00ea","og_description":"Na pr\u00f3xima quarta-feira (10), das 20h \u00e0s 22h, vai acontecer o 1\u00ba Workshop de Comunica\u00e7\u00e3o da Faculdade Irec\u00ea (FAI). Com","og_url":"https:\/\/faifaculdade.com.br\/portal\/1-workshop-de-comunicacao-desafios-e-oportunidades\/","og_site_name":"FAI - Faculdade Irec\u00ea","article_publisher":"https:\/\/www.facebook.com\/faifaculdade","article_published_time":"2023-05-09T11:20:04+00:00","article_modified_time":"2023-05-17T11:40:35+00:00","og_image":[{"width":1080,"height":1350,"url":"https:\/\/faifaculdade.com.br\/portal\/wp-content\/uploads\/2023\/05\/WhatsApp-Image-2023-05-08-at-21.46.15.jpeg","type":"image\/jpeg"}],"author":"Mateus Marcos de Souza Pereira","twitter_card":"summary_large_image","twitter_misc":{"Escrito por":"Mateus Marcos de Souza Pereira","Est. tempo de leitura":"1 minuto"},"schema":{"@context":"https:\/\/schema.org","@graph":[{"@type":"Article","@id":"https:\/\/faifaculdade.com.br\/portal\/1-workshop-de-comunicacao-desafios-e-oportunidades\/#article","isPartOf":{"@id":"https:\/\/faifaculdade.com.br\/portal\/1-workshop-de-comunicacao-desafios-e-oportunidades\/"},"author":{"name":"Mateus Marcos de Souza Pereira","@id":"https:\/\/faifaculdade.com.br\/portal\/#\/schema\/person\/8e9e886e3d8e3f13de09899367cda341"},"headline":"1\u00b0 Workshop de Comunica\u00e7\u00e3o: Desafios e oportunidades","datePublished":"2023-05-09T11:20:04+00:00","dateModified":"2023-05-17T11:40:35+00:00","mainEntityOfPage":{"@id":"https:\/\/faifaculdade.com.br\/portal\/1-workshop-de-comunicacao-desafios-e-oportunidades\/"},"wordCount":210,"publisher":{"@id":"https:\/\/faifaculdade.com.br\/portal\/#organization"},"image":{"@id":"https:\/\/faifaculdade.com.br\/portal\/1-workshop-de-comunicacao-desafios-e-oportunidades\/#primaryimage"},"thumbnailUrl":"https:\/\/faifaculdade.com.br\/portal\/wp-content\/uploads\/2023\/05\/WhatsApp-Image-2023-05-08-at-21.46.15.jpeg","articleSection":["Administra\u00e7\u00e3o"],"inLanguage":"pt-BR"},{"@type":"WebPage","@id":"https:\/\/faifaculdade.com.br\/portal\/1-workshop-de-comunicacao-desafios-e-oportunidades\/","url":"https:\/\/faifaculdade.com.br\/portal\/1-workshop-de-comunicacao-desafios-e-oportunidades\/","name":"1\u00b0 Workshop de Comunica\u00e7\u00e3o: Desafios e oportunidades - FAI - Faculdade Irec\u00ea","isPartOf":{"@id":"https:\/\/faifaculdade.com.br\/portal\/#website"},"primaryImageOfPage":{"@id":"https:\/\/faifaculdade.com.br\/portal\/1-workshop-de-comunicacao-desafios-e-oportunidades\/#primaryimage"},"image":{"@id":"https:\/\/faifaculdade.com.br\/portal\/1-workshop-de-comunicacao-desafios-e-oportunidades\/#primaryimage"},"thumbnailUrl":"https:\/\/faifaculdade.com.br\/portal\/wp-content\/uploads\/2023\/05\/WhatsApp-Image-2023-05-08-at-21.46.15.jpeg","datePublished":"2023-05-09T11:20:04+00:00","dateModified":"2023-05-17T11:40:35+00:00","breadcrumb":{"@id":"https:\/\/faifaculdade.com.br\/portal\/1-workshop-de-comunicacao-desafios-e-oportunidades\/#breadcrumb"},"inLanguage":"pt-BR","potentialAction":[{"@type":"ReadAction","target":["https:\/\/faifaculdade.com.br\/portal\/1-workshop-de-comunicacao-desafios-e-oportunidades\/"]}]},{"@type":"ImageObject","inLanguage":"pt-BR","@id":"https:\/\/faifaculdade.com.br\/portal\/1-workshop-de-comunicacao-desafios-e-oportunidades\/#primaryimage","url":"https:\/\/faifaculdade.com.br\/portal\/wp-content\/uploads\/2023\/05\/WhatsApp-Image-2023-05-08-at-21.46.15.jpeg","contentUrl":"https:\/\/faifaculdade.com.br\/portal\/wp-content\/uploads\/2023\/05\/WhatsApp-Image-2023-05-08-at-21.46.15.jpeg","width":1080,"height":1350},{"@type":"BreadcrumbList","@id":"https:\/\/faifaculdade.com.br\/portal\/1-workshop-de-comunicacao-desafios-e-oportunidades\/#breadcrumb","itemListElement":[{"@type":"ListItem","position":1,"name":"In\u00edcio","item":"https:\/\/faifaculdade.com.br\/portal\/"},{"@type":"ListItem","position":2,"name":"1\u00b0 Workshop de Comunica\u00e7\u00e3o: Desafios e oportunidades"}]},{"@type":"WebSite","@id":"https:\/\/faifaculdade.com.br\/portal\/#website","url":"https:\/\/faifaculdade.com.br\/portal\/","name":"FAI - Faculdade Irec\u00ea","description":"Portal da Faculdade Irec\u00ea","publisher":{"@id":"https:\/\/faifaculdade.com.br\/portal\/#organization"},"potentialAction":[{"@type":"SearchAction","target":{"@type":"EntryPoint","urlTemplate":"https:\/\/faifaculdade.com.br\/portal\/?s={search_term_string}"},"query-input":{"@type":"PropertyValueSpecification","valueRequired":true,"valueName":"search_term_string"}}],"inLanguage":"pt-BR"},{"@type":"Organization","@id":"https:\/\/faifaculdade.com.br\/portal\/#organization","name":"FAI - Faculdade Irec\u00ea","url":"https:\/\/faifaculdade.com.br\/portal\/","logo":{"@type":"ImageObject","inLanguage":"pt-BR","@id":"https:\/\/faifaculdade.com.br\/portal\/#\/schema\/logo\/image\/","url":"https:\/\/faifaculdade.com.br\/portal\/wp-content\/uploads\/2023\/04\/cropped-FAI.png","contentUrl":"https:\/\/faifaculdade.com.br\/portal\/wp-content\/uploads\/2023\/04\/cropped-FAI.png","width":3000,"height":1201,"caption":"FAI - Faculdade Irec\u00ea"},"image":{"@id":"https:\/\/faifaculdade.com.br\/portal\/#\/schema\/logo\/image\/"},"sameAs":["https:\/\/www.facebook.com\/faifaculdade","https:\/\/www.instagram.com\/faifaculdade\/"]},{"@type":"Person","@id":"https:\/\/faifaculdade.com.br\/portal\/#\/schema\/person\/8e9e886e3d8e3f13de09899367cda341","name":"Mateus Marcos de Souza Pereira","image":{"@type":"ImageObject","inLanguage":"pt-BR","@id":"https:\/\/faifaculdade.com.br\/portal\/#\/schema\/person\/image\/","url":"https:\/\/secure.gravatar.com\/avatar\/97703de72db0be4117d3f8a541cf7d54a86c9d54e864cc148b7cd47bf6fcfaec?s=96&d=mm&r=g","contentUrl":"https:\/\/secure.gravatar.com\/avatar\/97703de72db0be4117d3f8a541cf7d54a86c9d54e864cc148b7cd47bf6fcfaec?s=96&d=mm&r=g","caption":"Mateus Marcos de Souza Pereira"},"url":"https:\/\/faifaculdade.com.br\/portal\/author\/mateus-marcos\/"}]}},"_links":{"self":[{"href":"https:\/\/faifaculdade.com.br\/portal\/wp-json\/wp\/v2\/posts\/2420","targetHints":{"allow":["GET"]}}],"collection":[{"href":"https:\/\/faifaculdade.com.br\/portal\/wp-json\/wp\/v2\/posts"}],"about":[{"href":"https:\/\/faifaculdade.com.br\/portal\/wp-json\/wp\/v2\/types\/post"}],"author":[{"embeddable":true,"href":"https:\/\/faifaculdade.com.br\/portal\/wp-json\/wp\/v2\/users\/12"}],"replies":[{"embeddable":true,"href":"https:\/\/faifaculdade.com.br\/portal\/wp-json\/wp\/v2\/comments?post=2420"}],"version-history":[{"count":2,"href":"https:\/\/faifaculdade.com.br\/portal\/wp-json\/wp\/v2\/posts\/2420\/revisions"}],"predecessor-version":[{"id":2428,"href":"https:\/\/faifaculdade.com.br\/portal\/wp-json\/wp\/v2\/posts\/2420\/revisions\/2428"}],"wp:featuredmedia":[{"embeddable":true,"href":"https:\/\/faifaculdade.com.br\/portal\/wp-json\/wp\/v2\/media\/2427"}],"wp:attachment":[{"href":"https:\/\/faifaculdade.com.br\/portal\/wp-json\/wp\/v2\/media?parent=2420"}],"wp:term":[{"taxonomy":"category","embeddable":true,"href":"https:\/\/faifaculdade.com.br\/portal\/wp-json\/wp\/v2\/categories?post=2420"},{"taxonomy":"post_tag","embeddable":true,"href":"https:\/\/faifaculdade.com.br\/portal\/wp-json\/wp\/v2\/tags?post=2420"}],"curies":[{"name":"wp","href":"https:\/\/api.w.org\/{rel}","templated":true}]}}