{"id":3000,"date":"2023-05-19T21:17:18","date_gmt":"2023-05-19T21:17:18","guid":{"rendered":"faifaculdade.com.br\/portal\/?p=3000"},"modified":"2023-05-19T21:31:03","modified_gmt":"2023-05-19T21:31:03","slug":"iv-semana-de-atualizacoes-em-engenharia-agronomica","status":"publish","type":"post","link":"https:\/\/faifaculdade.com.br\/portal\/iv-semana-de-atualizacoes-em-engenharia-agronomica\/","title":{"rendered":"IV Semana de atualiza\u00e7\u00f5es em Engenharia Agron\u00f4mica"},"content":{"rendered":"\n<figure class=\"wp-block-image size-large\"><img fetchpriority=\"high\" decoding=\"async\" width=\"1024\" height=\"1024\" src=\"faifaculdade.com.br\/portal\/wp-content\/uploads\/2023\/05\/Semana-de-atualizacao-Eng.-Agro-2023-1-1024x1024.jpg\" alt=\"\" class=\"wp-image-3001\" srcset=\"https:\/\/faifaculdade.com.br\/portal\/wp-content\/uploads\/2023\/05\/Semana-de-atualizacao-Eng.-Agro-2023-1-1024x1024.jpg 1024w, https:\/\/faifaculdade.com.br\/portal\/wp-content\/uploads\/2023\/05\/Semana-de-atualizacao-Eng.-Agro-2023-1-300x300.jpg 300w, https:\/\/faifaculdade.com.br\/portal\/wp-content\/uploads\/2023\/05\/Semana-de-atualizacao-Eng.-Agro-2023-1-150x150.jpg 150w, https:\/\/faifaculdade.com.br\/portal\/wp-content\/uploads\/2023\/05\/Semana-de-atualizacao-Eng.-Agro-2023-1-768x768.jpg 768w, https:\/\/faifaculdade.com.br\/portal\/wp-content\/uploads\/2023\/05\/Semana-de-atualizacao-Eng.-Agro-2023-1-1536x1536.jpg 1536w, https:\/\/faifaculdade.com.br\/portal\/wp-content\/uploads\/2023\/05\/Semana-de-atualizacao-Eng.-Agro-2023-1.jpg 1600w\" sizes=\"(max-width: 1024px) 100vw, 1024px\" \/><\/figure>\n\n\n\n<p>Nos dias 01, 02 de junho (19:00h a 22:00h) e 03 de Junho, das 8:00h \u00e0s 12:00h, vai acontecer a IV Semana de Atualiza\u00e7\u00f5es em Engenharia Agron\u00f4mica da Faculdade Irec\u00ea (FAI). Com o tema \u201cAgropecu\u00e1ria Sustent\u00e1vel\u201d, o evento foi idealizado pelos alunos do 9\u00ba semestre de Engenharia Agron\u00f4mica, durante a disciplina de Constru\u00e7\u00e3o de eventos (Extens\u00e3o), ministrada pelo professor Olavio Rocha Neto.<\/p>\n\n\n\n<p>O Semin\u00e1rio vai reunir profissionais de diversas \u00e1reas:<\/p>\n\n\n\n<p>Eladio Dourado \u2013 Engenheiro Agr\u00f4nomo, Especialista em Gest\u00e3o Ambiental em Sistema Agr\u00edcolas (FAMESF)<br>Mariluze Amaral \u2013 Licenciada em Letras e Especialista em Desenvolvimento Territorial e Gest\u00e3o Ambiental (FAC)<\/p>\n\n\n\n<p>Ma\u00edla Falc\u00e3o \u2013 Engenheira Ambiental (UFCG)<br>Zene Vieira \u2013 Engenheira Agr\u00f4noma (COPIREC\u00ca)<br>Anny Pinto \u2013 M\u00e9dica Veterin\u00e1ria (UFOB)<br>Erick Almeida \u2013 Bi\u00f3logo (UNIVASF)<\/p>\n\n\n\n<p><a href=\"https:\/\/doity.com.br\/iv-semana-de-atualizao-em-engenharia-agronmica-sustentabilidade-na-agronomia-1\" class=\"ek-link\">Inscreva-se aqui<\/a><br><br><\/p>\n","protected":false},"excerpt":{"rendered":"<p>Nos dias 01, 02 de junho (19:00h a 22:00h) e 03 de Junho, das 8:00h \u00e0s 12:00h, vai acontecer a<\/p>\n","protected":false},"author":8,"featured_media":0,"comment_status":"closed","ping_status":"closed","sticky":false,"template":"","format":"standard","meta":{"_editorskit_title_hidden":false,"_editorskit_reading_time":0,"_editorskit_is_block_options_detached":false,"_editorskit_block_options_position":"{}","footnotes":""},"categories":[32],"tags":[],"class_list":["post-3000","post","type-post","status-publish","format-standard","hentry","category-engenharia-agronomica"],"yoast_head":"<!-- This site is optimized with the Yoast SEO plugin v25.3 - https:\/\/yoast.com\/wordpress\/plugins\/seo\/ -->\n<title>IV Semana de atualiza\u00e7\u00f5es em Engenharia Agron\u00f4mica - FAI - Faculdade Irec\u00ea<\/title>\n<meta name=\"robots\" content=\"index, follow, max-snippet:-1, max-image-preview:large, max-video-preview:-1\" \/>\n<link rel=\"canonical\" href=\"https:\/\/faifaculdade.com.br\/portal\/iv-semana-de-atualizacoes-em-engenharia-agronomica\/\" \/>\n<meta property=\"og:locale\" content=\"pt_BR\" \/>\n<meta property=\"og:type\" content=\"article\" \/>\n<meta property=\"og:title\" content=\"IV Semana de atualiza\u00e7\u00f5es em Engenharia Agron\u00f4mica - FAI - Faculdade Irec\u00ea\" \/>\n<meta property=\"og:description\" content=\"Nos dias 01, 02 de junho (19:00h a 22:00h) e 03 de Junho, das 8:00h \u00e0s 12:00h, vai acontecer a\" \/>\n<meta property=\"og:url\" content=\"https:\/\/faifaculdade.com.br\/portal\/iv-semana-de-atualizacoes-em-engenharia-agronomica\/\" \/>\n<meta property=\"og:site_name\" content=\"FAI - Faculdade Irec\u00ea\" \/>\n<meta property=\"article:publisher\" content=\"https:\/\/www.facebook.com\/faifaculdade\" \/>\n<meta property=\"article:published_time\" content=\"2023-05-19T21:17:18+00:00\" \/>\n<meta property=\"article:modified_time\" content=\"2023-05-19T21:31:03+00:00\" \/>\n<meta name=\"author\" content=\"Torquato Martins Torquato\" \/>\n<meta name=\"twitter:card\" content=\"summary_large_image\" \/>\n<meta name=\"twitter:label1\" content=\"Escrito por\" \/>\n\t<meta name=\"twitter:data1\" content=\"Torquato Martins Torquato\" \/>\n\t<meta name=\"twitter:label2\" content=\"Est. tempo de leitura\" \/>\n\t<meta name=\"twitter:data2\" content=\"1 minuto\" \/>\n<script type=\"application\/ld+json\" class=\"yoast-schema-graph\">{\"@context\":\"https:\/\/schema.org\",\"@graph\":[{\"@type\":\"Article\",\"@id\":\"https:\/\/faifaculdade.com.br\/portal\/iv-semana-de-atualizacoes-em-engenharia-agronomica\/#article\",\"isPartOf\":{\"@id\":\"https:\/\/faifaculdade.com.br\/portal\/iv-semana-de-atualizacoes-em-engenharia-agronomica\/\"},\"author\":{\"name\":\"Torquato Martins Torquato\",\"@id\":\"https:\/\/faifaculdade.com.br\/portal\/#\/schema\/person\/1c5d3feb2c6250f2974b09307d32f01f\"},\"headline\":\"IV Semana de atualiza\u00e7\u00f5es em Engenharia Agron\u00f4mica\",\"datePublished\":\"2023-05-19T21:17:18+00:00\",\"dateModified\":\"2023-05-19T21:31:03+00:00\",\"mainEntityOfPage\":{\"@id\":\"https:\/\/faifaculdade.com.br\/portal\/iv-semana-de-atualizacoes-em-engenharia-agronomica\/\"},\"wordCount\":140,\"publisher\":{\"@id\":\"https:\/\/faifaculdade.com.br\/portal\/#organization\"},\"articleSection\":[\"Engenharia Agron\u00f4mica\"],\"inLanguage\":\"pt-BR\"},{\"@type\":\"WebPage\",\"@id\":\"https:\/\/faifaculdade.com.br\/portal\/iv-semana-de-atualizacoes-em-engenharia-agronomica\/\",\"url\":\"https:\/\/faifaculdade.com.br\/portal\/iv-semana-de-atualizacoes-em-engenharia-agronomica\/\",\"name\":\"IV Semana de atualiza\u00e7\u00f5es em Engenharia Agron\u00f4mica - FAI - Faculdade Irec\u00ea\",\"isPartOf\":{\"@id\":\"https:\/\/faifaculdade.com.br\/portal\/#website\"},\"datePublished\":\"2023-05-19T21:17:18+00:00\",\"dateModified\":\"2023-05-19T21:31:03+00:00\",\"breadcrumb\":{\"@id\":\"https:\/\/faifaculdade.com.br\/portal\/iv-semana-de-atualizacoes-em-engenharia-agronomica\/#breadcrumb\"},\"inLanguage\":\"pt-BR\",\"potentialAction\":[{\"@type\":\"ReadAction\",\"target\":[\"https:\/\/faifaculdade.com.br\/portal\/iv-semana-de-atualizacoes-em-engenharia-agronomica\/\"]}]},{\"@type\":\"BreadcrumbList\",\"@id\":\"https:\/\/faifaculdade.com.br\/portal\/iv-semana-de-atualizacoes-em-engenharia-agronomica\/#breadcrumb\",\"itemListElement\":[{\"@type\":\"ListItem\",\"position\":1,\"name\":\"In\u00edcio\",\"item\":\"https:\/\/faifaculdade.com.br\/portal\/\"},{\"@type\":\"ListItem\",\"position\":2,\"name\":\"IV Semana de atualiza\u00e7\u00f5es em Engenharia Agron\u00f4mica\"}]},{\"@type\":\"WebSite\",\"@id\":\"https:\/\/faifaculdade.com.br\/portal\/#website\",\"url\":\"https:\/\/faifaculdade.com.br\/portal\/\",\"name\":\"FAI - Faculdade Irec\u00ea\",\"description\":\"Portal da Faculdade Irec\u00ea\",\"publisher\":{\"@id\":\"https:\/\/faifaculdade.com.br\/portal\/#organization\"},\"potentialAction\":[{\"@type\":\"SearchAction\",\"target\":{\"@type\":\"EntryPoint\",\"urlTemplate\":\"https:\/\/faifaculdade.com.br\/portal\/?s={search_term_string}\"},\"query-input\":{\"@type\":\"PropertyValueSpecification\",\"valueRequired\":true,\"valueName\":\"search_term_string\"}}],\"inLanguage\":\"pt-BR\"},{\"@type\":\"Organization\",\"@id\":\"https:\/\/faifaculdade.com.br\/portal\/#organization\",\"name\":\"FAI - Faculdade Irec\u00ea\",\"url\":\"https:\/\/faifaculdade.com.br\/portal\/\",\"logo\":{\"@type\":\"ImageObject\",\"inLanguage\":\"pt-BR\",\"@id\":\"https:\/\/faifaculdade.com.br\/portal\/#\/schema\/logo\/image\/\",\"url\":\"https:\/\/faifaculdade.com.br\/portal\/wp-content\/uploads\/2023\/04\/cropped-FAI.png\",\"contentUrl\":\"https:\/\/faifaculdade.com.br\/portal\/wp-content\/uploads\/2023\/04\/cropped-FAI.png\",\"width\":3000,\"height\":1201,\"caption\":\"FAI - Faculdade Irec\u00ea\"},\"image\":{\"@id\":\"https:\/\/faifaculdade.com.br\/portal\/#\/schema\/logo\/image\/\"},\"sameAs\":[\"https:\/\/www.facebook.com\/faifaculdade\",\"https:\/\/www.instagram.com\/faifaculdade\/\"]},{\"@type\":\"Person\",\"@id\":\"https:\/\/faifaculdade.com.br\/portal\/#\/schema\/person\/1c5d3feb2c6250f2974b09307d32f01f\",\"name\":\"Torquato Martins Torquato\",\"image\":{\"@type\":\"ImageObject\",\"inLanguage\":\"pt-BR\",\"@id\":\"https:\/\/faifaculdade.com.br\/portal\/#\/schema\/person\/image\/\",\"url\":\"https:\/\/secure.gravatar.com\/avatar\/37c1a47d91b1f7d7c75c87130abb360997c77b5b8ca50d7496c056a7cf6ac1ce?s=96&d=mm&r=g\",\"contentUrl\":\"https:\/\/secure.gravatar.com\/avatar\/37c1a47d91b1f7d7c75c87130abb360997c77b5b8ca50d7496c056a7cf6ac1ce?s=96&d=mm&r=g\",\"caption\":\"Torquato Martins Torquato\"},\"url\":\"https:\/\/faifaculdade.com.br\/portal\/author\/torquato-martns\/\"}]}<\/script>\n<!-- \/ Yoast SEO plugin. -->","yoast_head_json":{"title":"IV Semana de atualiza\u00e7\u00f5es em Engenharia Agron\u00f4mica - FAI - Faculdade Irec\u00ea","robots":{"index":"index","follow":"follow","max-snippet":"max-snippet:-1","max-image-preview":"max-image-preview:large","max-video-preview":"max-video-preview:-1"},"canonical":"https:\/\/faifaculdade.com.br\/portal\/iv-semana-de-atualizacoes-em-engenharia-agronomica\/","og_locale":"pt_BR","og_type":"article","og_title":"IV Semana de atualiza\u00e7\u00f5es em Engenharia Agron\u00f4mica - FAI - Faculdade Irec\u00ea","og_description":"Nos dias 01, 02 de junho (19:00h a 22:00h) e 03 de Junho, das 8:00h \u00e0s 12:00h, vai acontecer a","og_url":"https:\/\/faifaculdade.com.br\/portal\/iv-semana-de-atualizacoes-em-engenharia-agronomica\/","og_site_name":"FAI - Faculdade Irec\u00ea","article_publisher":"https:\/\/www.facebook.com\/faifaculdade","article_published_time":"2023-05-19T21:17:18+00:00","article_modified_time":"2023-05-19T21:31:03+00:00","author":"Torquato Martins Torquato","twitter_card":"summary_large_image","twitter_misc":{"Escrito por":"Torquato Martins Torquato","Est. tempo de leitura":"1 minuto"},"schema":{"@context":"https:\/\/schema.org","@graph":[{"@type":"Article","@id":"https:\/\/faifaculdade.com.br\/portal\/iv-semana-de-atualizacoes-em-engenharia-agronomica\/#article","isPartOf":{"@id":"https:\/\/faifaculdade.com.br\/portal\/iv-semana-de-atualizacoes-em-engenharia-agronomica\/"},"author":{"name":"Torquato Martins Torquato","@id":"https:\/\/faifaculdade.com.br\/portal\/#\/schema\/person\/1c5d3feb2c6250f2974b09307d32f01f"},"headline":"IV Semana de atualiza\u00e7\u00f5es em Engenharia Agron\u00f4mica","datePublished":"2023-05-19T21:17:18+00:00","dateModified":"2023-05-19T21:31:03+00:00","mainEntityOfPage":{"@id":"https:\/\/faifaculdade.com.br\/portal\/iv-semana-de-atualizacoes-em-engenharia-agronomica\/"},"wordCount":140,"publisher":{"@id":"https:\/\/faifaculdade.com.br\/portal\/#organization"},"articleSection":["Engenharia Agron\u00f4mica"],"inLanguage":"pt-BR"},{"@type":"WebPage","@id":"https:\/\/faifaculdade.com.br\/portal\/iv-semana-de-atualizacoes-em-engenharia-agronomica\/","url":"https:\/\/faifaculdade.com.br\/portal\/iv-semana-de-atualizacoes-em-engenharia-agronomica\/","name":"IV Semana de atualiza\u00e7\u00f5es em Engenharia Agron\u00f4mica - FAI - Faculdade Irec\u00ea","isPartOf":{"@id":"https:\/\/faifaculdade.com.br\/portal\/#website"},"datePublished":"2023-05-19T21:17:18+00:00","dateModified":"2023-05-19T21:31:03+00:00","breadcrumb":{"@id":"https:\/\/faifaculdade.com.br\/portal\/iv-semana-de-atualizacoes-em-engenharia-agronomica\/#breadcrumb"},"inLanguage":"pt-BR","potentialAction":[{"@type":"ReadAction","target":["https:\/\/faifaculdade.com.br\/portal\/iv-semana-de-atualizacoes-em-engenharia-agronomica\/"]}]},{"@type":"BreadcrumbList","@id":"https:\/\/faifaculdade.com.br\/portal\/iv-semana-de-atualizacoes-em-engenharia-agronomica\/#breadcrumb","itemListElement":[{"@type":"ListItem","position":1,"name":"In\u00edcio","item":"https:\/\/faifaculdade.com.br\/portal\/"},{"@type":"ListItem","position":2,"name":"IV Semana de atualiza\u00e7\u00f5es em Engenharia Agron\u00f4mica"}]},{"@type":"WebSite","@id":"https:\/\/faifaculdade.com.br\/portal\/#website","url":"https:\/\/faifaculdade.com.br\/portal\/","name":"FAI - Faculdade Irec\u00ea","description":"Portal da Faculdade Irec\u00ea","publisher":{"@id":"https:\/\/faifaculdade.com.br\/portal\/#organization"},"potentialAction":[{"@type":"SearchAction","target":{"@type":"EntryPoint","urlTemplate":"https:\/\/faifaculdade.com.br\/portal\/?s={search_term_string}"},"query-input":{"@type":"PropertyValueSpecification","valueRequired":true,"valueName":"search_term_string"}}],"inLanguage":"pt-BR"},{"@type":"Organization","@id":"https:\/\/faifaculdade.com.br\/portal\/#organization","name":"FAI - Faculdade Irec\u00ea","url":"https:\/\/faifaculdade.com.br\/portal\/","logo":{"@type":"ImageObject","inLanguage":"pt-BR","@id":"https:\/\/faifaculdade.com.br\/portal\/#\/schema\/logo\/image\/","url":"https:\/\/faifaculdade.com.br\/portal\/wp-content\/uploads\/2023\/04\/cropped-FAI.png","contentUrl":"https:\/\/faifaculdade.com.br\/portal\/wp-content\/uploads\/2023\/04\/cropped-FAI.png","width":3000,"height":1201,"caption":"FAI - Faculdade Irec\u00ea"},"image":{"@id":"https:\/\/faifaculdade.com.br\/portal\/#\/schema\/logo\/image\/"},"sameAs":["https:\/\/www.facebook.com\/faifaculdade","https:\/\/www.instagram.com\/faifaculdade\/"]},{"@type":"Person","@id":"https:\/\/faifaculdade.com.br\/portal\/#\/schema\/person\/1c5d3feb2c6250f2974b09307d32f01f","name":"Torquato Martins Torquato","image":{"@type":"ImageObject","inLanguage":"pt-BR","@id":"https:\/\/faifaculdade.com.br\/portal\/#\/schema\/person\/image\/","url":"https:\/\/secure.gravatar.com\/avatar\/37c1a47d91b1f7d7c75c87130abb360997c77b5b8ca50d7496c056a7cf6ac1ce?s=96&d=mm&r=g","contentUrl":"https:\/\/secure.gravatar.com\/avatar\/37c1a47d91b1f7d7c75c87130abb360997c77b5b8ca50d7496c056a7cf6ac1ce?s=96&d=mm&r=g","caption":"Torquato Martins Torquato"},"url":"https:\/\/faifaculdade.com.br\/portal\/author\/torquato-martns\/"}]}},"_links":{"self":[{"href":"https:\/\/faifaculdade.com.br\/portal\/wp-json\/wp\/v2\/posts\/3000","targetHints":{"allow":["GET"]}}],"collection":[{"href":"https:\/\/faifaculdade.com.br\/portal\/wp-json\/wp\/v2\/posts"}],"about":[{"href":"https:\/\/faifaculdade.com.br\/portal\/wp-json\/wp\/v2\/types\/post"}],"author":[{"embeddable":true,"href":"https:\/\/faifaculdade.com.br\/portal\/wp-json\/wp\/v2\/users\/8"}],"replies":[{"embeddable":true,"href":"https:\/\/faifaculdade.com.br\/portal\/wp-json\/wp\/v2\/comments?post=3000"}],"version-history":[{"count":2,"href":"https:\/\/faifaculdade.com.br\/portal\/wp-json\/wp\/v2\/posts\/3000\/revisions"}],"predecessor-version":[{"id":3004,"href":"https:\/\/faifaculdade.com.br\/portal\/wp-json\/wp\/v2\/posts\/3000\/revisions\/3004"}],"wp:attachment":[{"href":"https:\/\/faifaculdade.com.br\/portal\/wp-json\/wp\/v2\/media?parent=3000"}],"wp:term":[{"taxonomy":"category","embeddable":true,"href":"https:\/\/faifaculdade.com.br\/portal\/wp-json\/wp\/v2\/categories?post=3000"},{"taxonomy":"post_tag","embeddable":true,"href":"https:\/\/faifaculdade.com.br\/portal\/wp-json\/wp\/v2\/tags?post=3000"}],"curies":[{"name":"wp","href":"https:\/\/api.w.org\/{rel}","templated":true}]}}