{"id":3022,"date":"2023-05-23T12:19:26","date_gmt":"2023-05-23T12:19:26","guid":{"rendered":"faifaculdade.com.br\/portal\/?p=3022"},"modified":"2023-05-25T13:32:38","modified_gmt":"2023-05-25T13:32:38","slug":"1o-encontro-de-empreendedores-corporativos-da-area-financeira-da-fai","status":"publish","type":"post","link":"https:\/\/faifaculdade.com.br\/portal\/1o-encontro-de-empreendedores-corporativos-da-area-financeira-da-fai\/","title":{"rendered":"1\u00ba Encontro de Empreendedores Corporativos da \u00c1rea Financeira da FAI"},"content":{"rendered":"\n<p>Acontece na noite desta ter\u00e7a feira, dia 23 de maio, o primeiro encontro de empreendedores corporativos da \u00e1rea financeira, no audit\u00f3rio da FAI, a partir das 19 horas. No encontro, organizado pelo professor Marcos Alexandre como parte das din\u00e2micas da disciplina de Administra\u00e7\u00e3o Financeira e Or\u00e7ament\u00e1ria, a comunidade FAI, protagonizada pelos discentes do curso de Ci\u00eancias Cont\u00e1bes e Administra\u00e7\u00e3o, ter\u00e1 a oportunidade de esclarecer d\u00favidas sobre o mercado financeiro, bem como de conhecer as hist\u00f3rias de vida dos participantes, com as quais nossos alunos podem se inspirar futuramente.<\/p>\n\n\n\n<p><\/p>\n\n\n\n<p>Estar\u00e3o presentes o gerente de recupera\u00e7\u00e3o comercial do Ita\u00fa em Irec\u00ea, Odair Lima, o gerente geral do Banco do Brasil de Irec\u00ea, Carlos Oliveira e o Gerente do Banco do Nordeste de Irec\u00ea, Giorlan Xavier. Contaremos ainda com a ilustre participa\u00e7\u00e3o, de maneira remota, do presidente do sindicato dos banc\u00e1rios de Irec\u00ea e regi\u00e3o, Carlos Alberto.<\/p>\n\n\n\n<p><\/p>\n\n\n\n<p>Evento aberto para toda a comunidade FAI!<\/p>\n","protected":false},"excerpt":{"rendered":"<p>Acontece na noite desta ter\u00e7a feira, dia 23 de maio, o primeiro encontro de empreendedores corporativos da \u00e1rea financeira, no<\/p>\n","protected":false},"author":12,"featured_media":3025,"comment_status":"closed","ping_status":"closed","sticky":false,"template":"","format":"standard","meta":{"_editorskit_title_hidden":false,"_editorskit_reading_time":0,"_editorskit_is_block_options_detached":false,"_editorskit_block_options_position":"{}","footnotes":""},"categories":[37],"tags":[],"class_list":["post-3022","post","type-post","status-publish","format-standard","has-post-thumbnail","hentry","category-administracao"],"yoast_head":"<!-- This site is optimized with the Yoast SEO plugin v25.3 - https:\/\/yoast.com\/wordpress\/plugins\/seo\/ -->\n<title>1\u00ba Encontro de Empreendedores Corporativos da \u00c1rea Financeira da FAI - FAI - Faculdade Irec\u00ea<\/title>\n<meta name=\"robots\" content=\"index, follow, max-snippet:-1, max-image-preview:large, max-video-preview:-1\" \/>\n<link rel=\"canonical\" href=\"https:\/\/faifaculdade.com.br\/portal\/1o-encontro-de-empreendedores-corporativos-da-area-financeira-da-fai\/\" \/>\n<meta property=\"og:locale\" content=\"pt_BR\" \/>\n<meta property=\"og:type\" content=\"article\" \/>\n<meta property=\"og:title\" content=\"1\u00ba Encontro de Empreendedores Corporativos da \u00c1rea Financeira da FAI - FAI - Faculdade Irec\u00ea\" \/>\n<meta property=\"og:description\" content=\"Acontece na noite desta ter\u00e7a feira, dia 23 de maio, o primeiro encontro de empreendedores corporativos da \u00e1rea financeira, no\" \/>\n<meta property=\"og:url\" content=\"https:\/\/faifaculdade.com.br\/portal\/1o-encontro-de-empreendedores-corporativos-da-area-financeira-da-fai\/\" \/>\n<meta property=\"og:site_name\" content=\"FAI - Faculdade Irec\u00ea\" \/>\n<meta property=\"article:publisher\" content=\"https:\/\/www.facebook.com\/faifaculdade\" \/>\n<meta property=\"article:published_time\" content=\"2023-05-23T12:19:26+00:00\" \/>\n<meta property=\"article:modified_time\" content=\"2023-05-25T13:32:38+00:00\" \/>\n<meta property=\"og:image\" content=\"https:\/\/faifaculdade.com.br\/portal\/wp-content\/uploads\/2023\/05\/WhatsApp-Image-2023-05-22-at-21.02.24-1.jpeg\" \/>\n\t<meta property=\"og:image:width\" content=\"1000\" \/>\n\t<meta property=\"og:image:height\" content=\"997\" \/>\n\t<meta property=\"og:image:type\" content=\"image\/jpeg\" \/>\n<meta name=\"author\" content=\"Mateus Marcos de Souza Pereira\" \/>\n<meta name=\"twitter:card\" content=\"summary_large_image\" \/>\n<meta name=\"twitter:label1\" content=\"Escrito por\" \/>\n\t<meta name=\"twitter:data1\" content=\"Mateus Marcos de Souza Pereira\" \/>\n\t<meta name=\"twitter:label2\" content=\"Est. tempo de leitura\" \/>\n\t<meta name=\"twitter:data2\" content=\"1 minuto\" \/>\n<script type=\"application\/ld+json\" class=\"yoast-schema-graph\">{\"@context\":\"https:\/\/schema.org\",\"@graph\":[{\"@type\":\"Article\",\"@id\":\"https:\/\/faifaculdade.com.br\/portal\/1o-encontro-de-empreendedores-corporativos-da-area-financeira-da-fai\/#article\",\"isPartOf\":{\"@id\":\"https:\/\/faifaculdade.com.br\/portal\/1o-encontro-de-empreendedores-corporativos-da-area-financeira-da-fai\/\"},\"author\":{\"name\":\"Mateus Marcos de Souza Pereira\",\"@id\":\"https:\/\/faifaculdade.com.br\/portal\/#\/schema\/person\/8e9e886e3d8e3f13de09899367cda341\"},\"headline\":\"1\u00ba Encontro de Empreendedores Corporativos da \u00c1rea Financeira da FAI\",\"datePublished\":\"2023-05-23T12:19:26+00:00\",\"dateModified\":\"2023-05-25T13:32:38+00:00\",\"mainEntityOfPage\":{\"@id\":\"https:\/\/faifaculdade.com.br\/portal\/1o-encontro-de-empreendedores-corporativos-da-area-financeira-da-fai\/\"},\"wordCount\":174,\"publisher\":{\"@id\":\"https:\/\/faifaculdade.com.br\/portal\/#organization\"},\"image\":{\"@id\":\"https:\/\/faifaculdade.com.br\/portal\/1o-encontro-de-empreendedores-corporativos-da-area-financeira-da-fai\/#primaryimage\"},\"thumbnailUrl\":\"https:\/\/faifaculdade.com.br\/portal\/wp-content\/uploads\/2023\/05\/WhatsApp-Image-2023-05-22-at-21.02.24-1.jpeg\",\"articleSection\":[\"Administra\u00e7\u00e3o\"],\"inLanguage\":\"pt-BR\"},{\"@type\":\"WebPage\",\"@id\":\"https:\/\/faifaculdade.com.br\/portal\/1o-encontro-de-empreendedores-corporativos-da-area-financeira-da-fai\/\",\"url\":\"https:\/\/faifaculdade.com.br\/portal\/1o-encontro-de-empreendedores-corporativos-da-area-financeira-da-fai\/\",\"name\":\"1\u00ba Encontro de Empreendedores Corporativos da \u00c1rea Financeira da FAI - FAI - Faculdade Irec\u00ea\",\"isPartOf\":{\"@id\":\"https:\/\/faifaculdade.com.br\/portal\/#website\"},\"primaryImageOfPage\":{\"@id\":\"https:\/\/faifaculdade.com.br\/portal\/1o-encontro-de-empreendedores-corporativos-da-area-financeira-da-fai\/#primaryimage\"},\"image\":{\"@id\":\"https:\/\/faifaculdade.com.br\/portal\/1o-encontro-de-empreendedores-corporativos-da-area-financeira-da-fai\/#primaryimage\"},\"thumbnailUrl\":\"https:\/\/faifaculdade.com.br\/portal\/wp-content\/uploads\/2023\/05\/WhatsApp-Image-2023-05-22-at-21.02.24-1.jpeg\",\"datePublished\":\"2023-05-23T12:19:26+00:00\",\"dateModified\":\"2023-05-25T13:32:38+00:00\",\"breadcrumb\":{\"@id\":\"https:\/\/faifaculdade.com.br\/portal\/1o-encontro-de-empreendedores-corporativos-da-area-financeira-da-fai\/#breadcrumb\"},\"inLanguage\":\"pt-BR\",\"potentialAction\":[{\"@type\":\"ReadAction\",\"target\":[\"https:\/\/faifaculdade.com.br\/portal\/1o-encontro-de-empreendedores-corporativos-da-area-financeira-da-fai\/\"]}]},{\"@type\":\"ImageObject\",\"inLanguage\":\"pt-BR\",\"@id\":\"https:\/\/faifaculdade.com.br\/portal\/1o-encontro-de-empreendedores-corporativos-da-area-financeira-da-fai\/#primaryimage\",\"url\":\"https:\/\/faifaculdade.com.br\/portal\/wp-content\/uploads\/2023\/05\/WhatsApp-Image-2023-05-22-at-21.02.24-1.jpeg\",\"contentUrl\":\"https:\/\/faifaculdade.com.br\/portal\/wp-content\/uploads\/2023\/05\/WhatsApp-Image-2023-05-22-at-21.02.24-1.jpeg\",\"width\":1000,\"height\":997},{\"@type\":\"BreadcrumbList\",\"@id\":\"https:\/\/faifaculdade.com.br\/portal\/1o-encontro-de-empreendedores-corporativos-da-area-financeira-da-fai\/#breadcrumb\",\"itemListElement\":[{\"@type\":\"ListItem\",\"position\":1,\"name\":\"In\u00edcio\",\"item\":\"https:\/\/faifaculdade.com.br\/portal\/\"},{\"@type\":\"ListItem\",\"position\":2,\"name\":\"1\u00ba Encontro de Empreendedores Corporativos da \u00c1rea Financeira da FAI\"}]},{\"@type\":\"WebSite\",\"@id\":\"https:\/\/faifaculdade.com.br\/portal\/#website\",\"url\":\"https:\/\/faifaculdade.com.br\/portal\/\",\"name\":\"FAI - Faculdade Irec\u00ea\",\"description\":\"Portal da Faculdade Irec\u00ea\",\"publisher\":{\"@id\":\"https:\/\/faifaculdade.com.br\/portal\/#organization\"},\"potentialAction\":[{\"@type\":\"SearchAction\",\"target\":{\"@type\":\"EntryPoint\",\"urlTemplate\":\"https:\/\/faifaculdade.com.br\/portal\/?s={search_term_string}\"},\"query-input\":{\"@type\":\"PropertyValueSpecification\",\"valueRequired\":true,\"valueName\":\"search_term_string\"}}],\"inLanguage\":\"pt-BR\"},{\"@type\":\"Organization\",\"@id\":\"https:\/\/faifaculdade.com.br\/portal\/#organization\",\"name\":\"FAI - Faculdade Irec\u00ea\",\"url\":\"https:\/\/faifaculdade.com.br\/portal\/\",\"logo\":{\"@type\":\"ImageObject\",\"inLanguage\":\"pt-BR\",\"@id\":\"https:\/\/faifaculdade.com.br\/portal\/#\/schema\/logo\/image\/\",\"url\":\"https:\/\/faifaculdade.com.br\/portal\/wp-content\/uploads\/2023\/04\/cropped-FAI.png\",\"contentUrl\":\"https:\/\/faifaculdade.com.br\/portal\/wp-content\/uploads\/2023\/04\/cropped-FAI.png\",\"width\":3000,\"height\":1201,\"caption\":\"FAI - Faculdade Irec\u00ea\"},\"image\":{\"@id\":\"https:\/\/faifaculdade.com.br\/portal\/#\/schema\/logo\/image\/\"},\"sameAs\":[\"https:\/\/www.facebook.com\/faifaculdade\",\"https:\/\/www.instagram.com\/faifaculdade\/\"]},{\"@type\":\"Person\",\"@id\":\"https:\/\/faifaculdade.com.br\/portal\/#\/schema\/person\/8e9e886e3d8e3f13de09899367cda341\",\"name\":\"Mateus Marcos de Souza Pereira\",\"image\":{\"@type\":\"ImageObject\",\"inLanguage\":\"pt-BR\",\"@id\":\"https:\/\/faifaculdade.com.br\/portal\/#\/schema\/person\/image\/\",\"url\":\"https:\/\/secure.gravatar.com\/avatar\/97703de72db0be4117d3f8a541cf7d54a86c9d54e864cc148b7cd47bf6fcfaec?s=96&d=mm&r=g\",\"contentUrl\":\"https:\/\/secure.gravatar.com\/avatar\/97703de72db0be4117d3f8a541cf7d54a86c9d54e864cc148b7cd47bf6fcfaec?s=96&d=mm&r=g\",\"caption\":\"Mateus Marcos de Souza Pereira\"},\"url\":\"https:\/\/faifaculdade.com.br\/portal\/author\/mateus-marcos\/\"}]}<\/script>\n<!-- \/ Yoast SEO plugin. -->","yoast_head_json":{"title":"1\u00ba Encontro de Empreendedores Corporativos da \u00c1rea Financeira da FAI - FAI - Faculdade Irec\u00ea","robots":{"index":"index","follow":"follow","max-snippet":"max-snippet:-1","max-image-preview":"max-image-preview:large","max-video-preview":"max-video-preview:-1"},"canonical":"https:\/\/faifaculdade.com.br\/portal\/1o-encontro-de-empreendedores-corporativos-da-area-financeira-da-fai\/","og_locale":"pt_BR","og_type":"article","og_title":"1\u00ba Encontro de Empreendedores Corporativos da \u00c1rea Financeira da FAI - FAI - Faculdade Irec\u00ea","og_description":"Acontece na noite desta ter\u00e7a feira, dia 23 de maio, o primeiro encontro de empreendedores corporativos da \u00e1rea financeira, no","og_url":"https:\/\/faifaculdade.com.br\/portal\/1o-encontro-de-empreendedores-corporativos-da-area-financeira-da-fai\/","og_site_name":"FAI - Faculdade Irec\u00ea","article_publisher":"https:\/\/www.facebook.com\/faifaculdade","article_published_time":"2023-05-23T12:19:26+00:00","article_modified_time":"2023-05-25T13:32:38+00:00","og_image":[{"width":1000,"height":997,"url":"https:\/\/faifaculdade.com.br\/portal\/wp-content\/uploads\/2023\/05\/WhatsApp-Image-2023-05-22-at-21.02.24-1.jpeg","type":"image\/jpeg"}],"author":"Mateus Marcos de Souza Pereira","twitter_card":"summary_large_image","twitter_misc":{"Escrito por":"Mateus Marcos de Souza Pereira","Est. tempo de leitura":"1 minuto"},"schema":{"@context":"https:\/\/schema.org","@graph":[{"@type":"Article","@id":"https:\/\/faifaculdade.com.br\/portal\/1o-encontro-de-empreendedores-corporativos-da-area-financeira-da-fai\/#article","isPartOf":{"@id":"https:\/\/faifaculdade.com.br\/portal\/1o-encontro-de-empreendedores-corporativos-da-area-financeira-da-fai\/"},"author":{"name":"Mateus Marcos de Souza Pereira","@id":"https:\/\/faifaculdade.com.br\/portal\/#\/schema\/person\/8e9e886e3d8e3f13de09899367cda341"},"headline":"1\u00ba Encontro de Empreendedores Corporativos da \u00c1rea Financeira da FAI","datePublished":"2023-05-23T12:19:26+00:00","dateModified":"2023-05-25T13:32:38+00:00","mainEntityOfPage":{"@id":"https:\/\/faifaculdade.com.br\/portal\/1o-encontro-de-empreendedores-corporativos-da-area-financeira-da-fai\/"},"wordCount":174,"publisher":{"@id":"https:\/\/faifaculdade.com.br\/portal\/#organization"},"image":{"@id":"https:\/\/faifaculdade.com.br\/portal\/1o-encontro-de-empreendedores-corporativos-da-area-financeira-da-fai\/#primaryimage"},"thumbnailUrl":"https:\/\/faifaculdade.com.br\/portal\/wp-content\/uploads\/2023\/05\/WhatsApp-Image-2023-05-22-at-21.02.24-1.jpeg","articleSection":["Administra\u00e7\u00e3o"],"inLanguage":"pt-BR"},{"@type":"WebPage","@id":"https:\/\/faifaculdade.com.br\/portal\/1o-encontro-de-empreendedores-corporativos-da-area-financeira-da-fai\/","url":"https:\/\/faifaculdade.com.br\/portal\/1o-encontro-de-empreendedores-corporativos-da-area-financeira-da-fai\/","name":"1\u00ba Encontro de Empreendedores Corporativos da \u00c1rea Financeira da FAI - FAI - Faculdade Irec\u00ea","isPartOf":{"@id":"https:\/\/faifaculdade.com.br\/portal\/#website"},"primaryImageOfPage":{"@id":"https:\/\/faifaculdade.com.br\/portal\/1o-encontro-de-empreendedores-corporativos-da-area-financeira-da-fai\/#primaryimage"},"image":{"@id":"https:\/\/faifaculdade.com.br\/portal\/1o-encontro-de-empreendedores-corporativos-da-area-financeira-da-fai\/#primaryimage"},"thumbnailUrl":"https:\/\/faifaculdade.com.br\/portal\/wp-content\/uploads\/2023\/05\/WhatsApp-Image-2023-05-22-at-21.02.24-1.jpeg","datePublished":"2023-05-23T12:19:26+00:00","dateModified":"2023-05-25T13:32:38+00:00","breadcrumb":{"@id":"https:\/\/faifaculdade.com.br\/portal\/1o-encontro-de-empreendedores-corporativos-da-area-financeira-da-fai\/#breadcrumb"},"inLanguage":"pt-BR","potentialAction":[{"@type":"ReadAction","target":["https:\/\/faifaculdade.com.br\/portal\/1o-encontro-de-empreendedores-corporativos-da-area-financeira-da-fai\/"]}]},{"@type":"ImageObject","inLanguage":"pt-BR","@id":"https:\/\/faifaculdade.com.br\/portal\/1o-encontro-de-empreendedores-corporativos-da-area-financeira-da-fai\/#primaryimage","url":"https:\/\/faifaculdade.com.br\/portal\/wp-content\/uploads\/2023\/05\/WhatsApp-Image-2023-05-22-at-21.02.24-1.jpeg","contentUrl":"https:\/\/faifaculdade.com.br\/portal\/wp-content\/uploads\/2023\/05\/WhatsApp-Image-2023-05-22-at-21.02.24-1.jpeg","width":1000,"height":997},{"@type":"BreadcrumbList","@id":"https:\/\/faifaculdade.com.br\/portal\/1o-encontro-de-empreendedores-corporativos-da-area-financeira-da-fai\/#breadcrumb","itemListElement":[{"@type":"ListItem","position":1,"name":"In\u00edcio","item":"https:\/\/faifaculdade.com.br\/portal\/"},{"@type":"ListItem","position":2,"name":"1\u00ba Encontro de Empreendedores Corporativos da \u00c1rea Financeira da FAI"}]},{"@type":"WebSite","@id":"https:\/\/faifaculdade.com.br\/portal\/#website","url":"https:\/\/faifaculdade.com.br\/portal\/","name":"FAI - Faculdade Irec\u00ea","description":"Portal da Faculdade Irec\u00ea","publisher":{"@id":"https:\/\/faifaculdade.com.br\/portal\/#organization"},"potentialAction":[{"@type":"SearchAction","target":{"@type":"EntryPoint","urlTemplate":"https:\/\/faifaculdade.com.br\/portal\/?s={search_term_string}"},"query-input":{"@type":"PropertyValueSpecification","valueRequired":true,"valueName":"search_term_string"}}],"inLanguage":"pt-BR"},{"@type":"Organization","@id":"https:\/\/faifaculdade.com.br\/portal\/#organization","name":"FAI - Faculdade Irec\u00ea","url":"https:\/\/faifaculdade.com.br\/portal\/","logo":{"@type":"ImageObject","inLanguage":"pt-BR","@id":"https:\/\/faifaculdade.com.br\/portal\/#\/schema\/logo\/image\/","url":"https:\/\/faifaculdade.com.br\/portal\/wp-content\/uploads\/2023\/04\/cropped-FAI.png","contentUrl":"https:\/\/faifaculdade.com.br\/portal\/wp-content\/uploads\/2023\/04\/cropped-FAI.png","width":3000,"height":1201,"caption":"FAI - Faculdade Irec\u00ea"},"image":{"@id":"https:\/\/faifaculdade.com.br\/portal\/#\/schema\/logo\/image\/"},"sameAs":["https:\/\/www.facebook.com\/faifaculdade","https:\/\/www.instagram.com\/faifaculdade\/"]},{"@type":"Person","@id":"https:\/\/faifaculdade.com.br\/portal\/#\/schema\/person\/8e9e886e3d8e3f13de09899367cda341","name":"Mateus Marcos de Souza Pereira","image":{"@type":"ImageObject","inLanguage":"pt-BR","@id":"https:\/\/faifaculdade.com.br\/portal\/#\/schema\/person\/image\/","url":"https:\/\/secure.gravatar.com\/avatar\/97703de72db0be4117d3f8a541cf7d54a86c9d54e864cc148b7cd47bf6fcfaec?s=96&d=mm&r=g","contentUrl":"https:\/\/secure.gravatar.com\/avatar\/97703de72db0be4117d3f8a541cf7d54a86c9d54e864cc148b7cd47bf6fcfaec?s=96&d=mm&r=g","caption":"Mateus Marcos de Souza Pereira"},"url":"https:\/\/faifaculdade.com.br\/portal\/author\/mateus-marcos\/"}]}},"_links":{"self":[{"href":"https:\/\/faifaculdade.com.br\/portal\/wp-json\/wp\/v2\/posts\/3022","targetHints":{"allow":["GET"]}}],"collection":[{"href":"https:\/\/faifaculdade.com.br\/portal\/wp-json\/wp\/v2\/posts"}],"about":[{"href":"https:\/\/faifaculdade.com.br\/portal\/wp-json\/wp\/v2\/types\/post"}],"author":[{"embeddable":true,"href":"https:\/\/faifaculdade.com.br\/portal\/wp-json\/wp\/v2\/users\/12"}],"replies":[{"embeddable":true,"href":"https:\/\/faifaculdade.com.br\/portal\/wp-json\/wp\/v2\/comments?post=3022"}],"version-history":[{"count":2,"href":"https:\/\/faifaculdade.com.br\/portal\/wp-json\/wp\/v2\/posts\/3022\/revisions"}],"predecessor-version":[{"id":3078,"href":"https:\/\/faifaculdade.com.br\/portal\/wp-json\/wp\/v2\/posts\/3022\/revisions\/3078"}],"wp:featuredmedia":[{"embeddable":true,"href":"https:\/\/faifaculdade.com.br\/portal\/wp-json\/wp\/v2\/media\/3025"}],"wp:attachment":[{"href":"https:\/\/faifaculdade.com.br\/portal\/wp-json\/wp\/v2\/media?parent=3022"}],"wp:term":[{"taxonomy":"category","embeddable":true,"href":"https:\/\/faifaculdade.com.br\/portal\/wp-json\/wp\/v2\/categories?post=3022"},{"taxonomy":"post_tag","embeddable":true,"href":"https:\/\/faifaculdade.com.br\/portal\/wp-json\/wp\/v2\/tags?post=3022"}],"curies":[{"name":"wp","href":"https:\/\/api.w.org\/{rel}","templated":true}]}}