{"id":5019,"date":"2026-03-31T20:44:18","date_gmt":"2026-03-31T20:44:18","guid":{"rendered":"https:\/\/faifaculdade.com.br\/portal\/?p=5019"},"modified":"2026-03-31T20:57:01","modified_gmt":"2026-03-31T20:57:01","slug":"1o-lugar-em-residencia-de-enfermagem-obstetrica-da-ufrb","status":"publish","type":"post","link":"https:\/\/faifaculdade.com.br\/portal\/1o-lugar-em-residencia-de-enfermagem-obstetrica-da-ufrb\/","title":{"rendered":"Egressa da FAI \u00e9 aprovada em 1\u00ba lugar em resid\u00eancia de Enfermagem Obst\u00e9trica da UFRB."},"content":{"rendered":"\t\t<div data-elementor-type=\"wp-post\" data-elementor-id=\"5019\" class=\"elementor elementor-5019\">\n\t\t\t\t\t\t<section class=\"elementor-section elementor-top-section elementor-element elementor-element-4802078c elementor-section-boxed elementor-section-height-default elementor-section-height-default\" data-id=\"4802078c\" data-element_type=\"section\">\n\t\t\t\t\t\t<div class=\"elementor-container elementor-column-gap-default\">\n\t\t\t\t\t<div class=\"elementor-column elementor-col-100 elementor-top-column elementor-element elementor-element-11bc7fa9\" data-id=\"11bc7fa9\" data-element_type=\"column\">\n\t\t\t<div class=\"elementor-widget-wrap elementor-element-populated\">\n\t\t\t\t\t\t<div class=\"elementor-element elementor-element-e712418 elementor-widget elementor-widget-text-editor\" data-id=\"e712418\" data-element_type=\"widget\" data-widget_type=\"text-editor.default\">\n\t\t\t\t<div class=\"elementor-widget-container\">\n\t\t\t\t\t\t\t\t\t\n<p>Egressa da FAI \u00e9 aprovada em 1\u00ba lugar em resid\u00eancia de Enfermagem Obst\u00e9trica da UFRB.<\/p>\n\n\n\n<p><\/p>\n\t\t\t\t\t\t\t\t<\/div>\n\t\t\t\t<\/div>\n\t\t\t\t\t<\/div>\n\t\t<\/div>\n\t\t\t\t\t<\/div>\n\t\t<\/section>\n\t\t\t\t<section class=\"elementor-section elementor-top-section elementor-element elementor-element-1d5524d elementor-section-boxed elementor-section-height-default elementor-section-height-default\" data-id=\"1d5524d\" data-element_type=\"section\">\n\t\t\t\t\t\t<div class=\"elementor-container elementor-column-gap-default\">\n\t\t\t\t\t<div class=\"elementor-column elementor-col-100 elementor-top-column elementor-element elementor-element-e67b6b0\" data-id=\"e67b6b0\" data-element_type=\"column\">\n\t\t\t<div class=\"elementor-widget-wrap elementor-element-populated\">\n\t\t\t\t\t\t<div class=\"elementor-element elementor-element-aebfbfa elementor-widget elementor-widget-text-editor\" data-id=\"aebfbfa\" data-element_type=\"widget\" data-widget_type=\"text-editor.default\">\n\t\t\t\t<div class=\"elementor-widget-container\">\n\t\t\t\t\t\t\t\t\t<p style=\"text-align: justify;\">A egressa do curso de Enfermagem da Faculdade Irec\u00ea \u2013 FAI, Gabrielle dos Santos Pereira, conquistou um importante destaque acad\u00eamico ao ser aprovada em 1\u00ba lugar na Resid\u00eancia em Enfermagem Obst\u00e9trica da Universidade Federal do Rec\u00f4ncavo da Bahia (UFRB).<\/p>\n<p style=\"text-align: justify;\">A resid\u00eancia constitui uma etapa fundamental na forma\u00e7\u00e3o de profissionais da sa\u00fade, caracterizando-se como uma p\u00f3s-gradua\u00e7\u00e3o lato sensu baseada na pr\u00e1tica assistencial, com foco na qualifica\u00e7\u00e3o do cuidado, especialmente no contexto da sa\u00fade da mulher, do pr\u00e9-natal, parto e puerp\u00e9rio.<\/p>\n<p style=\"text-align: justify;\">A aprova\u00e7\u00e3o de Gabrielle n\u00e3o apenas simboliza uma conquista individual, mas tamb\u00e9m reflete uma trajet\u00f3ria marcada por excel\u00eancia acad\u00eamica, dedica\u00e7\u00e3o e compromisso com a forma\u00e7\u00e3o profissional desde a gradua\u00e7\u00e3o.<\/p>\n<p style=\"text-align: justify;\">Em seu relato, a rec\u00e9m-aprovada destaca o significado dessa conquista:<\/p>\n<p style=\"text-align: justify;\">\u201cHoje o sentimento \u00e9 de que todo esfor\u00e7o encontrou o seu destino. \u00c9 com o cora\u00e7\u00e3o vibrando de alegria que compartilho minha aprova\u00e7\u00e3o na resid\u00eancia em Enfermagem Obst\u00e9trica pela UFRB. Quem me acompanhou de perto sabe que o caminho at\u00e9 aqui n\u00e3o foi feito apenas de sonhos, mas de muita luta e uma dedica\u00e7\u00e3o incans\u00e1vel.\u201d<\/p>\n<p style=\"text-align: justify;\">A estudante tamb\u00e9m enfatiza que sua trajet\u00f3ria foi constru\u00edda desde os primeiros momentos na gradua\u00e7\u00e3o, evidenciando o papel da forma\u00e7\u00e3o acad\u00eamica nesse processo.<\/p>\n<p style=\"text-align: justify;\">\u201cEssa vit\u00f3ria tem ra\u00edzes profundas, que come\u00e7aram a ser cultivadas na Faculdade de Irec\u00ea (FAI). Sempre acreditei que, se \u00e9 para fazer, que seja com excel\u00eancia. Foi esse pensamento que me levou a entregar o melhor de mim em cada disciplina.\u201d<\/p>\n<p style=\"text-align: justify;\">Durante sua forma\u00e7\u00e3o, Gabrielle destacou-se pelo desempenho acad\u00eamico, sendo reconhecida com men\u00e7\u00e3o honrosa na formatura, o que refor\u00e7a seu compromisso com a qualidade e a excel\u00eancia no processo de aprendizagem.<\/p>\n<p style=\"text-align: justify;\">Outro ponto ressaltado pela egressa foi a influ\u00eancia dos docentes em sua trajet\u00f3ria:<\/p>\n<p style=\"text-align: justify;\">\u201cDesde a gradua\u00e7\u00e3o, tive o privil\u00e9gio de ter professores que foram muito al\u00e9m da teoria; foram exemplos vivos de \u00e9tica e humanidade. Em cada um deles, encontrei a inspira\u00e7\u00e3o para nunca aceitar o \u2018suficiente\u2019.\u201d<\/p>\t\t\t\t\t\t\t\t<\/div>\n\t\t\t\t<\/div>\n\t\t\t\t\t<\/div>\n\t\t<\/div>\n\t\t\t\t\t<\/div>\n\t\t<\/section>\n\t\t\t\t<section class=\"elementor-section elementor-top-section elementor-element elementor-element-c28e266 elementor-section-boxed elementor-section-height-default elementor-section-height-default\" data-id=\"c28e266\" data-element_type=\"section\">\n\t\t\t\t\t\t<div class=\"elementor-container elementor-column-gap-default\">\n\t\t\t\t\t<div class=\"elementor-column elementor-col-50 elementor-top-column elementor-element elementor-element-65bc854\" data-id=\"65bc854\" data-element_type=\"column\">\n\t\t\t<div class=\"elementor-widget-wrap elementor-element-populated\">\n\t\t\t\t\t\t<div class=\"elementor-element elementor-element-c439f1e elementor-widget elementor-widget-image\" data-id=\"c439f1e\" data-element_type=\"widget\" data-widget_type=\"image.default\">\n\t\t\t\t<div class=\"elementor-widget-container\">\n\t\t\t\t\t\t\t\t\t\t\t\t\t\t\t<img fetchpriority=\"high\" decoding=\"async\" width=\"760\" height=\"404\" src=\"https:\/\/faifaculdade.com.br\/portal\/wp-content\/uploads\/2026\/03\/02.png\" class=\"attachment-large size-large wp-image-5024\" alt=\"\" srcset=\"https:\/\/faifaculdade.com.br\/portal\/wp-content\/uploads\/2026\/03\/02.png 760w, https:\/\/faifaculdade.com.br\/portal\/wp-content\/uploads\/2026\/03\/02-300x159.png 300w\" sizes=\"(max-width: 760px) 100vw, 760px\" \/>\t\t\t\t\t\t\t\t\t\t\t\t\t\t\t<\/div>\n\t\t\t\t<\/div>\n\t\t\t\t\t<\/div>\n\t\t<\/div>\n\t\t\t\t<div class=\"elementor-column elementor-col-50 elementor-top-column elementor-element elementor-element-3c6f638\" data-id=\"3c6f638\" data-element_type=\"column\">\n\t\t\t<div class=\"elementor-widget-wrap elementor-element-populated\">\n\t\t\t\t\t\t<div class=\"elementor-element elementor-element-2d4b2e8 elementor-widget elementor-widget-image\" data-id=\"2d4b2e8\" data-element_type=\"widget\" data-widget_type=\"image.default\">\n\t\t\t\t<div class=\"elementor-widget-container\">\n\t\t\t\t\t\t\t\t\t\t\t\t\t\t\t<img decoding=\"async\" width=\"760\" height=\"404\" src=\"https:\/\/faifaculdade.com.br\/portal\/wp-content\/uploads\/2026\/03\/03.png\" class=\"attachment-large size-large wp-image-5025\" alt=\"\" srcset=\"https:\/\/faifaculdade.com.br\/portal\/wp-content\/uploads\/2026\/03\/03.png 760w, https:\/\/faifaculdade.com.br\/portal\/wp-content\/uploads\/2026\/03\/03-300x159.png 300w\" sizes=\"(max-width: 760px) 100vw, 760px\" \/>\t\t\t\t\t\t\t\t\t\t\t\t\t\t\t<\/div>\n\t\t\t\t<\/div>\n\t\t\t\t\t<\/div>\n\t\t<\/div>\n\t\t\t\t\t<\/div>\n\t\t<\/section>\n\t\t\t\t<section class=\"elementor-section elementor-top-section elementor-element elementor-element-07f2f45 elementor-section-boxed elementor-section-height-default elementor-section-height-default\" data-id=\"07f2f45\" data-element_type=\"section\">\n\t\t\t\t\t\t<div class=\"elementor-container elementor-column-gap-default\">\n\t\t\t\t\t<div class=\"elementor-column elementor-col-100 elementor-top-column elementor-element elementor-element-5bea4d2\" data-id=\"5bea4d2\" data-element_type=\"column\">\n\t\t\t<div class=\"elementor-widget-wrap elementor-element-populated\">\n\t\t\t\t\t\t<div class=\"elementor-element elementor-element-1580a04 elementor-widget elementor-widget-text-editor\" data-id=\"1580a04\" data-element_type=\"widget\" data-widget_type=\"text-editor.default\">\n\t\t\t\t<div class=\"elementor-widget-container\">\n\t\t\t\t\t\t\t\t\t<p style=\"text-align: justify;\">A conquista de Gabrielle reafirma o compromisso da Faculdade Irec\u00ea \u2013 FAI com a forma\u00e7\u00e3o de profissionais qualificados, cr\u00edticos e preparados para os desafios do Sistema \u00danico de Sa\u00fade, contribuindo de forma efetiva para a melhoria da assist\u00eancia e dos indicadores em sa\u00fade.<\/p>\n<p style=\"text-align: justify;\">Ao celebrar essa importante aprova\u00e7\u00e3o, a institui\u00e7\u00e3o destaca o orgulho em acompanhar trajet\u00f3rias como a de Gabrielle, que seguem avan\u00e7ando e qualificando ainda mais a pr\u00e1tica da Enfermagem.<\/p>\n<p style=\"text-align: justify;\">\u201cO pr\u00f3ximo cap\u00edtulo come\u00e7a agora.\u201d<\/p>\n<p><a href=\"https:\/\/faifaculdade.com.br\/enfermagem\/\">https:\/\/faifaculade.com.br\/enfermagem<\/a><\/p>\n<p>#orgulhodeserfai<\/p>\t\t\t\t\t\t\t\t<\/div>\n\t\t\t\t<\/div>\n\t\t\t\t\t<\/div>\n\t\t<\/div>\n\t\t\t\t\t<\/div>\n\t\t<\/section>\n\t\t\t\t<\/div>\n\t\t","protected":false},"excerpt":{"rendered":"<p>Egressa da FAI \u00e9 aprovada em 1\u00ba lugar em resid\u00eancia de Enfermagem Obst\u00e9trica da UFRB. A egressa do curso de<\/p>\n","protected":false},"author":15,"featured_media":5022,"comment_status":"closed","ping_status":"closed","sticky":false,"template":"","format":"standard","meta":{"_editorskit_title_hidden":false,"_editorskit_reading_time":0,"_editorskit_is_block_options_detached":false,"_editorskit_block_options_position":"{}","footnotes":""},"categories":[37],"tags":[],"class_list":["post-5019","post","type-post","status-publish","format-standard","has-post-thumbnail","hentry","category-administracao"],"yoast_head":"<!-- This site is optimized with the Yoast SEO plugin v25.3 - https:\/\/yoast.com\/wordpress\/plugins\/seo\/ -->\n<title>Egressa da FAI \u00e9 aprovada em 1\u00ba lugar em resid\u00eancia de Enfermagem Obst\u00e9trica da UFRB. - FAI - Faculdade Irec\u00ea<\/title>\n<meta name=\"robots\" content=\"index, follow, max-snippet:-1, max-image-preview:large, max-video-preview:-1\" \/>\n<link rel=\"canonical\" href=\"https:\/\/faifaculdade.com.br\/portal\/1o-lugar-em-residencia-de-enfermagem-obstetrica-da-ufrb\/\" \/>\n<meta property=\"og:locale\" content=\"pt_BR\" \/>\n<meta property=\"og:type\" content=\"article\" \/>\n<meta property=\"og:title\" content=\"Egressa da FAI \u00e9 aprovada em 1\u00ba lugar em resid\u00eancia de Enfermagem Obst\u00e9trica da UFRB. - FAI - Faculdade Irec\u00ea\" \/>\n<meta property=\"og:description\" content=\"Egressa da FAI \u00e9 aprovada em 1\u00ba lugar em resid\u00eancia de Enfermagem Obst\u00e9trica da UFRB. A egressa do curso de\" \/>\n<meta property=\"og:url\" content=\"https:\/\/faifaculdade.com.br\/portal\/1o-lugar-em-residencia-de-enfermagem-obstetrica-da-ufrb\/\" \/>\n<meta property=\"og:site_name\" content=\"FAI - Faculdade Irec\u00ea\" \/>\n<meta property=\"article:publisher\" content=\"https:\/\/www.facebook.com\/faifaculdade\" \/>\n<meta property=\"article:published_time\" content=\"2026-03-31T20:44:18+00:00\" \/>\n<meta property=\"article:modified_time\" content=\"2026-03-31T20:57:01+00:00\" \/>\n<meta property=\"og:image\" content=\"https:\/\/faifaculdade.com.br\/portal\/wp-content\/uploads\/2026\/03\/05.png\" \/>\n\t<meta property=\"og:image:width\" content=\"1045\" \/>\n\t<meta property=\"og:image:height\" content=\"803\" \/>\n\t<meta property=\"og:image:type\" content=\"image\/png\" \/>\n<meta name=\"author\" content=\"Edim\u00e1rio de Lima\" \/>\n<meta name=\"twitter:card\" content=\"summary_large_image\" \/>\n<meta name=\"twitter:label1\" content=\"Escrito por\" \/>\n\t<meta name=\"twitter:data1\" content=\"Edim\u00e1rio de Lima\" \/>\n\t<meta name=\"twitter:label2\" content=\"Est. tempo de leitura\" \/>\n\t<meta name=\"twitter:data2\" content=\"3 minutos\" \/>\n<script type=\"application\/ld+json\" class=\"yoast-schema-graph\">{\"@context\":\"https:\/\/schema.org\",\"@graph\":[{\"@type\":\"Article\",\"@id\":\"https:\/\/faifaculdade.com.br\/portal\/1o-lugar-em-residencia-de-enfermagem-obstetrica-da-ufrb\/#article\",\"isPartOf\":{\"@id\":\"https:\/\/faifaculdade.com.br\/portal\/1o-lugar-em-residencia-de-enfermagem-obstetrica-da-ufrb\/\"},\"author\":{\"name\":\"Edim\u00e1rio de Lima\",\"@id\":\"https:\/\/faifaculdade.com.br\/portal\/#\/schema\/person\/1b343741794017928e85baf420d8a4f9\"},\"headline\":\"Egressa da FAI \u00e9 aprovada em 1\u00ba lugar em resid\u00eancia de Enfermagem Obst\u00e9trica da UFRB.\",\"datePublished\":\"2026-03-31T20:44:18+00:00\",\"dateModified\":\"2026-03-31T20:57:01+00:00\",\"mainEntityOfPage\":{\"@id\":\"https:\/\/faifaculdade.com.br\/portal\/1o-lugar-em-residencia-de-enfermagem-obstetrica-da-ufrb\/\"},\"wordCount\":486,\"publisher\":{\"@id\":\"https:\/\/faifaculdade.com.br\/portal\/#organization\"},\"image\":{\"@id\":\"https:\/\/faifaculdade.com.br\/portal\/1o-lugar-em-residencia-de-enfermagem-obstetrica-da-ufrb\/#primaryimage\"},\"thumbnailUrl\":\"https:\/\/faifaculdade.com.br\/portal\/wp-content\/uploads\/2026\/03\/05.png\",\"articleSection\":[\"Administra\u00e7\u00e3o\"],\"inLanguage\":\"pt-BR\"},{\"@type\":\"WebPage\",\"@id\":\"https:\/\/faifaculdade.com.br\/portal\/1o-lugar-em-residencia-de-enfermagem-obstetrica-da-ufrb\/\",\"url\":\"https:\/\/faifaculdade.com.br\/portal\/1o-lugar-em-residencia-de-enfermagem-obstetrica-da-ufrb\/\",\"name\":\"Egressa da FAI \u00e9 aprovada em 1\u00ba lugar em resid\u00eancia de Enfermagem Obst\u00e9trica da UFRB. - FAI - Faculdade Irec\u00ea\",\"isPartOf\":{\"@id\":\"https:\/\/faifaculdade.com.br\/portal\/#website\"},\"primaryImageOfPage\":{\"@id\":\"https:\/\/faifaculdade.com.br\/portal\/1o-lugar-em-residencia-de-enfermagem-obstetrica-da-ufrb\/#primaryimage\"},\"image\":{\"@id\":\"https:\/\/faifaculdade.com.br\/portal\/1o-lugar-em-residencia-de-enfermagem-obstetrica-da-ufrb\/#primaryimage\"},\"thumbnailUrl\":\"https:\/\/faifaculdade.com.br\/portal\/wp-content\/uploads\/2026\/03\/05.png\",\"datePublished\":\"2026-03-31T20:44:18+00:00\",\"dateModified\":\"2026-03-31T20:57:01+00:00\",\"breadcrumb\":{\"@id\":\"https:\/\/faifaculdade.com.br\/portal\/1o-lugar-em-residencia-de-enfermagem-obstetrica-da-ufrb\/#breadcrumb\"},\"inLanguage\":\"pt-BR\",\"potentialAction\":[{\"@type\":\"ReadAction\",\"target\":[\"https:\/\/faifaculdade.com.br\/portal\/1o-lugar-em-residencia-de-enfermagem-obstetrica-da-ufrb\/\"]}]},{\"@type\":\"ImageObject\",\"inLanguage\":\"pt-BR\",\"@id\":\"https:\/\/faifaculdade.com.br\/portal\/1o-lugar-em-residencia-de-enfermagem-obstetrica-da-ufrb\/#primaryimage\",\"url\":\"https:\/\/faifaculdade.com.br\/portal\/wp-content\/uploads\/2026\/03\/05.png\",\"contentUrl\":\"https:\/\/faifaculdade.com.br\/portal\/wp-content\/uploads\/2026\/03\/05.png\",\"width\":1045,\"height\":803},{\"@type\":\"BreadcrumbList\",\"@id\":\"https:\/\/faifaculdade.com.br\/portal\/1o-lugar-em-residencia-de-enfermagem-obstetrica-da-ufrb\/#breadcrumb\",\"itemListElement\":[{\"@type\":\"ListItem\",\"position\":1,\"name\":\"In\u00edcio\",\"item\":\"https:\/\/faifaculdade.com.br\/portal\/\"},{\"@type\":\"ListItem\",\"position\":2,\"name\":\"Egressa da FAI \u00e9 aprovada em 1\u00ba lugar em resid\u00eancia de Enfermagem Obst\u00e9trica da UFRB.\"}]},{\"@type\":\"WebSite\",\"@id\":\"https:\/\/faifaculdade.com.br\/portal\/#website\",\"url\":\"https:\/\/faifaculdade.com.br\/portal\/\",\"name\":\"FAI - Faculdade Irec\u00ea\",\"description\":\"Portal da Faculdade Irec\u00ea\",\"publisher\":{\"@id\":\"https:\/\/faifaculdade.com.br\/portal\/#organization\"},\"potentialAction\":[{\"@type\":\"SearchAction\",\"target\":{\"@type\":\"EntryPoint\",\"urlTemplate\":\"https:\/\/faifaculdade.com.br\/portal\/?s={search_term_string}\"},\"query-input\":{\"@type\":\"PropertyValueSpecification\",\"valueRequired\":true,\"valueName\":\"search_term_string\"}}],\"inLanguage\":\"pt-BR\"},{\"@type\":\"Organization\",\"@id\":\"https:\/\/faifaculdade.com.br\/portal\/#organization\",\"name\":\"FAI - Faculdade Irec\u00ea\",\"url\":\"https:\/\/faifaculdade.com.br\/portal\/\",\"logo\":{\"@type\":\"ImageObject\",\"inLanguage\":\"pt-BR\",\"@id\":\"https:\/\/faifaculdade.com.br\/portal\/#\/schema\/logo\/image\/\",\"url\":\"https:\/\/faifaculdade.com.br\/portal\/wp-content\/uploads\/2023\/04\/cropped-FAI.png\",\"contentUrl\":\"https:\/\/faifaculdade.com.br\/portal\/wp-content\/uploads\/2023\/04\/cropped-FAI.png\",\"width\":3000,\"height\":1201,\"caption\":\"FAI - Faculdade Irec\u00ea\"},\"image\":{\"@id\":\"https:\/\/faifaculdade.com.br\/portal\/#\/schema\/logo\/image\/\"},\"sameAs\":[\"https:\/\/www.facebook.com\/faifaculdade\",\"https:\/\/www.instagram.com\/faifaculdade\/\"]},{\"@type\":\"Person\",\"@id\":\"https:\/\/faifaculdade.com.br\/portal\/#\/schema\/person\/1b343741794017928e85baf420d8a4f9\",\"name\":\"Edim\u00e1rio de Lima\",\"image\":{\"@type\":\"ImageObject\",\"inLanguage\":\"pt-BR\",\"@id\":\"https:\/\/faifaculdade.com.br\/portal\/#\/schema\/person\/image\/\",\"url\":\"https:\/\/secure.gravatar.com\/avatar\/839c501ea6cf7f8418eed16b0536d13f48248d014b97b8d8389bdc4e871ac6b2?s=96&d=mm&r=g\",\"contentUrl\":\"https:\/\/secure.gravatar.com\/avatar\/839c501ea6cf7f8418eed16b0536d13f48248d014b97b8d8389bdc4e871ac6b2?s=96&d=mm&r=g\",\"caption\":\"Edim\u00e1rio de Lima\"},\"url\":\"https:\/\/faifaculdade.com.br\/portal\/author\/edimario\/\"}]}<\/script>\n<!-- \/ Yoast SEO plugin. -->","yoast_head_json":{"title":"Egressa da FAI \u00e9 aprovada em 1\u00ba lugar em resid\u00eancia de Enfermagem Obst\u00e9trica da UFRB. - FAI - Faculdade Irec\u00ea","robots":{"index":"index","follow":"follow","max-snippet":"max-snippet:-1","max-image-preview":"max-image-preview:large","max-video-preview":"max-video-preview:-1"},"canonical":"https:\/\/faifaculdade.com.br\/portal\/1o-lugar-em-residencia-de-enfermagem-obstetrica-da-ufrb\/","og_locale":"pt_BR","og_type":"article","og_title":"Egressa da FAI \u00e9 aprovada em 1\u00ba lugar em resid\u00eancia de Enfermagem Obst\u00e9trica da UFRB. - FAI - Faculdade Irec\u00ea","og_description":"Egressa da FAI \u00e9 aprovada em 1\u00ba lugar em resid\u00eancia de Enfermagem Obst\u00e9trica da UFRB. A egressa do curso de","og_url":"https:\/\/faifaculdade.com.br\/portal\/1o-lugar-em-residencia-de-enfermagem-obstetrica-da-ufrb\/","og_site_name":"FAI - Faculdade Irec\u00ea","article_publisher":"https:\/\/www.facebook.com\/faifaculdade","article_published_time":"2026-03-31T20:44:18+00:00","article_modified_time":"2026-03-31T20:57:01+00:00","og_image":[{"width":1045,"height":803,"url":"https:\/\/faifaculdade.com.br\/portal\/wp-content\/uploads\/2026\/03\/05.png","type":"image\/png"}],"author":"Edim\u00e1rio de Lima","twitter_card":"summary_large_image","twitter_misc":{"Escrito por":"Edim\u00e1rio de Lima","Est. tempo de leitura":"3 minutos"},"schema":{"@context":"https:\/\/schema.org","@graph":[{"@type":"Article","@id":"https:\/\/faifaculdade.com.br\/portal\/1o-lugar-em-residencia-de-enfermagem-obstetrica-da-ufrb\/#article","isPartOf":{"@id":"https:\/\/faifaculdade.com.br\/portal\/1o-lugar-em-residencia-de-enfermagem-obstetrica-da-ufrb\/"},"author":{"name":"Edim\u00e1rio de Lima","@id":"https:\/\/faifaculdade.com.br\/portal\/#\/schema\/person\/1b343741794017928e85baf420d8a4f9"},"headline":"Egressa da FAI \u00e9 aprovada em 1\u00ba lugar em resid\u00eancia de Enfermagem Obst\u00e9trica da UFRB.","datePublished":"2026-03-31T20:44:18+00:00","dateModified":"2026-03-31T20:57:01+00:00","mainEntityOfPage":{"@id":"https:\/\/faifaculdade.com.br\/portal\/1o-lugar-em-residencia-de-enfermagem-obstetrica-da-ufrb\/"},"wordCount":486,"publisher":{"@id":"https:\/\/faifaculdade.com.br\/portal\/#organization"},"image":{"@id":"https:\/\/faifaculdade.com.br\/portal\/1o-lugar-em-residencia-de-enfermagem-obstetrica-da-ufrb\/#primaryimage"},"thumbnailUrl":"https:\/\/faifaculdade.com.br\/portal\/wp-content\/uploads\/2026\/03\/05.png","articleSection":["Administra\u00e7\u00e3o"],"inLanguage":"pt-BR"},{"@type":"WebPage","@id":"https:\/\/faifaculdade.com.br\/portal\/1o-lugar-em-residencia-de-enfermagem-obstetrica-da-ufrb\/","url":"https:\/\/faifaculdade.com.br\/portal\/1o-lugar-em-residencia-de-enfermagem-obstetrica-da-ufrb\/","name":"Egressa da FAI \u00e9 aprovada em 1\u00ba lugar em resid\u00eancia de Enfermagem Obst\u00e9trica da UFRB. - FAI - Faculdade Irec\u00ea","isPartOf":{"@id":"https:\/\/faifaculdade.com.br\/portal\/#website"},"primaryImageOfPage":{"@id":"https:\/\/faifaculdade.com.br\/portal\/1o-lugar-em-residencia-de-enfermagem-obstetrica-da-ufrb\/#primaryimage"},"image":{"@id":"https:\/\/faifaculdade.com.br\/portal\/1o-lugar-em-residencia-de-enfermagem-obstetrica-da-ufrb\/#primaryimage"},"thumbnailUrl":"https:\/\/faifaculdade.com.br\/portal\/wp-content\/uploads\/2026\/03\/05.png","datePublished":"2026-03-31T20:44:18+00:00","dateModified":"2026-03-31T20:57:01+00:00","breadcrumb":{"@id":"https:\/\/faifaculdade.com.br\/portal\/1o-lugar-em-residencia-de-enfermagem-obstetrica-da-ufrb\/#breadcrumb"},"inLanguage":"pt-BR","potentialAction":[{"@type":"ReadAction","target":["https:\/\/faifaculdade.com.br\/portal\/1o-lugar-em-residencia-de-enfermagem-obstetrica-da-ufrb\/"]}]},{"@type":"ImageObject","inLanguage":"pt-BR","@id":"https:\/\/faifaculdade.com.br\/portal\/1o-lugar-em-residencia-de-enfermagem-obstetrica-da-ufrb\/#primaryimage","url":"https:\/\/faifaculdade.com.br\/portal\/wp-content\/uploads\/2026\/03\/05.png","contentUrl":"https:\/\/faifaculdade.com.br\/portal\/wp-content\/uploads\/2026\/03\/05.png","width":1045,"height":803},{"@type":"BreadcrumbList","@id":"https:\/\/faifaculdade.com.br\/portal\/1o-lugar-em-residencia-de-enfermagem-obstetrica-da-ufrb\/#breadcrumb","itemListElement":[{"@type":"ListItem","position":1,"name":"In\u00edcio","item":"https:\/\/faifaculdade.com.br\/portal\/"},{"@type":"ListItem","position":2,"name":"Egressa da FAI \u00e9 aprovada em 1\u00ba lugar em resid\u00eancia de Enfermagem Obst\u00e9trica da UFRB."}]},{"@type":"WebSite","@id":"https:\/\/faifaculdade.com.br\/portal\/#website","url":"https:\/\/faifaculdade.com.br\/portal\/","name":"FAI - Faculdade Irec\u00ea","description":"Portal da Faculdade Irec\u00ea","publisher":{"@id":"https:\/\/faifaculdade.com.br\/portal\/#organization"},"potentialAction":[{"@type":"SearchAction","target":{"@type":"EntryPoint","urlTemplate":"https:\/\/faifaculdade.com.br\/portal\/?s={search_term_string}"},"query-input":{"@type":"PropertyValueSpecification","valueRequired":true,"valueName":"search_term_string"}}],"inLanguage":"pt-BR"},{"@type":"Organization","@id":"https:\/\/faifaculdade.com.br\/portal\/#organization","name":"FAI - Faculdade Irec\u00ea","url":"https:\/\/faifaculdade.com.br\/portal\/","logo":{"@type":"ImageObject","inLanguage":"pt-BR","@id":"https:\/\/faifaculdade.com.br\/portal\/#\/schema\/logo\/image\/","url":"https:\/\/faifaculdade.com.br\/portal\/wp-content\/uploads\/2023\/04\/cropped-FAI.png","contentUrl":"https:\/\/faifaculdade.com.br\/portal\/wp-content\/uploads\/2023\/04\/cropped-FAI.png","width":3000,"height":1201,"caption":"FAI - Faculdade Irec\u00ea"},"image":{"@id":"https:\/\/faifaculdade.com.br\/portal\/#\/schema\/logo\/image\/"},"sameAs":["https:\/\/www.facebook.com\/faifaculdade","https:\/\/www.instagram.com\/faifaculdade\/"]},{"@type":"Person","@id":"https:\/\/faifaculdade.com.br\/portal\/#\/schema\/person\/1b343741794017928e85baf420d8a4f9","name":"Edim\u00e1rio de Lima","image":{"@type":"ImageObject","inLanguage":"pt-BR","@id":"https:\/\/faifaculdade.com.br\/portal\/#\/schema\/person\/image\/","url":"https:\/\/secure.gravatar.com\/avatar\/839c501ea6cf7f8418eed16b0536d13f48248d014b97b8d8389bdc4e871ac6b2?s=96&d=mm&r=g","contentUrl":"https:\/\/secure.gravatar.com\/avatar\/839c501ea6cf7f8418eed16b0536d13f48248d014b97b8d8389bdc4e871ac6b2?s=96&d=mm&r=g","caption":"Edim\u00e1rio de Lima"},"url":"https:\/\/faifaculdade.com.br\/portal\/author\/edimario\/"}]}},"_links":{"self":[{"href":"https:\/\/faifaculdade.com.br\/portal\/wp-json\/wp\/v2\/posts\/5019","targetHints":{"allow":["GET"]}}],"collection":[{"href":"https:\/\/faifaculdade.com.br\/portal\/wp-json\/wp\/v2\/posts"}],"about":[{"href":"https:\/\/faifaculdade.com.br\/portal\/wp-json\/wp\/v2\/types\/post"}],"author":[{"embeddable":true,"href":"https:\/\/faifaculdade.com.br\/portal\/wp-json\/wp\/v2\/users\/15"}],"replies":[{"embeddable":true,"href":"https:\/\/faifaculdade.com.br\/portal\/wp-json\/wp\/v2\/comments?post=5019"}],"version-history":[{"count":9,"href":"https:\/\/faifaculdade.com.br\/portal\/wp-json\/wp\/v2\/posts\/5019\/revisions"}],"predecessor-version":[{"id":5033,"href":"https:\/\/faifaculdade.com.br\/portal\/wp-json\/wp\/v2\/posts\/5019\/revisions\/5033"}],"wp:featuredmedia":[{"embeddable":true,"href":"https:\/\/faifaculdade.com.br\/portal\/wp-json\/wp\/v2\/media\/5022"}],"wp:attachment":[{"href":"https:\/\/faifaculdade.com.br\/portal\/wp-json\/wp\/v2\/media?parent=5019"}],"wp:term":[{"taxonomy":"category","embeddable":true,"href":"https:\/\/faifaculdade.com.br\/portal\/wp-json\/wp\/v2\/categories?post=5019"},{"taxonomy":"post_tag","embeddable":true,"href":"https:\/\/faifaculdade.com.br\/portal\/wp-json\/wp\/v2\/tags?post=5019"}],"curies":[{"name":"wp","href":"https:\/\/api.w.org\/{rel}","templated":true}]}}