{"id":563,"date":"2015-08-01T03:00:00","date_gmt":"2015-08-01T03:00:00","guid":{"rendered":"faifaculdade.com.br\/portal\/index.php\/2015\/08\/01\/i-seminario-de-territorialidade-e-economia-solidaria-na-agricultura-familiar\/"},"modified":"2015-08-01T03:00:00","modified_gmt":"2015-08-01T03:00:00","slug":"i-seminario-de-territorialidade-e-economia-solidaria-na-agricultura-familiar","status":"publish","type":"post","link":"https:\/\/faifaculdade.com.br\/portal\/i-seminario-de-territorialidade-e-economia-solidaria-na-agricultura-familiar\/","title":{"rendered":"I SEMIN\u00c1RIO DE TERRITORIALIDADE E ECONOMIA SOLID\u00c1RIA NA AGRICULTURA FAMILIAR"},"content":{"rendered":"<p style=\"text-align:justify\">Ocorreu no dia 1&ordm; de agosto de 2015 o I&ordm; Semin&aacute;rio de Territorialidade e Economia Solid&aacute;ria na Agricultura Familiar, este evento cient&iacute;fico da Faculdade Irec&ecirc; &#8211; FAI em parceria com o Centro Publico de Economia Solid&aacute;ria do Territ&oacute;rio de Irec&ecirc; &#8211; CESOL, com gest&atilde;o da Organiza&ccedil;&atilde;o Social Comunidade Cidadania e Vida &#8211; COMVIDA, teve como finalidade proporcionar um nivelamento conceitual e metodol&oacute;gico sob o desenvolvimento da educa&ccedil;&atilde;o superior no &acirc;mbito do desenvolvimento territorial e a sustentabilidade em rela&ccedil;&atilde;o ao rural e urbano no vi&eacute;s da economia solid&aacute;ria, tendo como atividade fim o prop&oacute;sito da discuss&atilde;o profissional e acad&ecirc;mica de novos projetos de desenvolvimento para o territ&oacute;rio e articular um debate continuado e de forma&ccedil;&atilde;o no junto ao curso aos acad&ecirc;micos e profissionais que atuam no territ&oacute;rio. Neste primeiro evento as palestras foram: Prof&ordm; Dr&ordm; Medson Janer da Silva falou sobre o SESOL, CESOL e a import&acirc;ncia da economia solid&aacute;ria, com destaque ao territ&oacute;rio de Irec&ecirc;. A segunda palestra foi da Prof&ordf; MSc.Danielle Guimar&atilde;es Silva Coiado da UNIC\/KROTON de Cuiab&aacute; que falou sobre os conceitos de territorialidade, espa&ccedil;o, lugar e desenvolvimento. Para finalizar a Prof&ordf; MSc Sandilla Machado.&nbsp;Que dissertou sobre territ&oacute;rio de Irec&ecirc;. Abertura do evento se deu pela fala do Diretor Geral da FAI, Prof&ordm; Marcos Batista de Carvalho. O evento foi um sucesso com a maioria da equipe do CESOL de Irec&ecirc; e convidados do munic&iacute;pio e regi&atilde;o. O II&ordm; Semin&aacute;rio ser&aacute; dia 12 de setembro com as palestras sobre CESOL e Economia Solid&aacute;ria e o desenvolvimento da agricultura familiar, para proferir foram convidados os Professores Milton Barbosa Superintendente do SESOL e Prof&ordf; Albeni Diciula Piau Vasconcelos.&nbsp;<br \/>\nOs semin&aacute;rios tem por objetivo os processos educativos a serem coordenados e constru&iacute;dos junto a comunidade acad&ecirc;mica da FAI, de tamb&eacute;m ao munic&iacute;pio em geral, devem fortalecer o capital social e estimular a capacidade e criatividade dos acad&ecirc;micos para elaborar estrat&eacute;gias de interven&ccedil;&atilde;o negociadas e adequadas a cada realidade, por meio da coopera&ccedil;&atilde;o institucional da FAI e do CESOL do territ&oacute;rio de Irec&ecirc; e da a&ccedil;&atilde;o solid&aacute;ria nas diferentes a&ccedil;&otilde;es e momentos do processo propiciador do desenvolvimento do setor pluriativo e interdisciplinar do desenvolvimento na comunidade acad&ecirc;mica e junto aos profissionais do territ&oacute;rio de Irec&ecirc;.<\/p>\n","protected":false},"excerpt":{"rendered":"<p>Ocorreu no dia 1&ordm; de agosto de 2015 o I&ordm; Semin&aacute;rio de Territorialidade e Economia Solid&aacute;ria na Agricultura Familiar, este<\/p>\n","protected":false},"author":1,"featured_media":564,"comment_status":"closed","ping_status":"closed","sticky":false,"template":"","format":"standard","meta":{"_editorskit_title_hidden":false,"_editorskit_reading_time":0,"_editorskit_is_block_options_detached":false,"_editorskit_block_options_position":"{}","footnotes":""},"categories":[25],"tags":[],"class_list":["post-563","post","type-post","status-publish","format-standard","has-post-thumbnail","hentry","category-noticias"],"yoast_head":"<!-- This site is optimized with the Yoast SEO plugin v25.3 - https:\/\/yoast.com\/wordpress\/plugins\/seo\/ -->\n<title>I SEMIN\u00c1RIO DE TERRITORIALIDADE E ECONOMIA SOLID\u00c1RIA NA AGRICULTURA FAMILIAR - FAI - Faculdade Irec\u00ea<\/title>\n<meta name=\"robots\" content=\"index, follow, max-snippet:-1, max-image-preview:large, max-video-preview:-1\" \/>\n<link rel=\"canonical\" href=\"https:\/\/faifaculdade.com.br\/portal\/i-seminario-de-territorialidade-e-economia-solidaria-na-agricultura-familiar\/\" \/>\n<meta property=\"og:locale\" content=\"pt_BR\" \/>\n<meta property=\"og:type\" content=\"article\" \/>\n<meta property=\"og:title\" content=\"I SEMIN\u00c1RIO DE TERRITORIALIDADE E ECONOMIA SOLID\u00c1RIA NA AGRICULTURA FAMILIAR - FAI - Faculdade Irec\u00ea\" \/>\n<meta property=\"og:description\" content=\"Ocorreu no dia 1&ordm; de agosto de 2015 o I&ordm; Semin&aacute;rio de Territorialidade e Economia Solid&aacute;ria na Agricultura Familiar, este\" \/>\n<meta property=\"og:url\" content=\"https:\/\/faifaculdade.com.br\/portal\/i-seminario-de-territorialidade-e-economia-solidaria-na-agricultura-familiar\/\" \/>\n<meta property=\"og:site_name\" content=\"FAI - Faculdade Irec\u00ea\" \/>\n<meta property=\"article:publisher\" content=\"https:\/\/www.facebook.com\/faifaculdade\" \/>\n<meta property=\"article:published_time\" content=\"2015-08-01T03:00:00+00:00\" \/>\n<meta property=\"og:image\" content=\"https:\/\/faifaculdade.com.br\/portal\/wp-content\/uploads\/2022\/04\/noticia_201508030521.jpg\" \/>\n\t<meta property=\"og:image:width\" content=\"960\" \/>\n\t<meta property=\"og:image:height\" content=\"600\" \/>\n\t<meta property=\"og:image:type\" content=\"image\/jpeg\" \/>\n<meta name=\"author\" content=\"fai-admin\" \/>\n<meta name=\"twitter:card\" content=\"summary_large_image\" \/>\n<meta name=\"twitter:label1\" content=\"Escrito por\" \/>\n\t<meta name=\"twitter:data1\" content=\"fai-admin\" \/>\n\t<meta name=\"twitter:label2\" content=\"Est. tempo de leitura\" \/>\n\t<meta name=\"twitter:data2\" content=\"2 minutos\" \/>\n<script type=\"application\/ld+json\" class=\"yoast-schema-graph\">{\"@context\":\"https:\/\/schema.org\",\"@graph\":[{\"@type\":\"Article\",\"@id\":\"https:\/\/faifaculdade.com.br\/portal\/i-seminario-de-territorialidade-e-economia-solidaria-na-agricultura-familiar\/#article\",\"isPartOf\":{\"@id\":\"https:\/\/faifaculdade.com.br\/portal\/i-seminario-de-territorialidade-e-economia-solidaria-na-agricultura-familiar\/\"},\"author\":{\"name\":\"fai-admin\",\"@id\":\"https:\/\/faifaculdade.com.br\/portal\/#\/schema\/person\/cd0e880fdb968293d4d102e4acd90aac\"},\"headline\":\"I SEMIN\u00c1RIO DE TERRITORIALIDADE E ECONOMIA SOLID\u00c1RIA NA AGRICULTURA FAMILIAR\",\"datePublished\":\"2015-08-01T03:00:00+00:00\",\"mainEntityOfPage\":{\"@id\":\"https:\/\/faifaculdade.com.br\/portal\/i-seminario-de-territorialidade-e-economia-solidaria-na-agricultura-familiar\/\"},\"wordCount\":492,\"publisher\":{\"@id\":\"https:\/\/faifaculdade.com.br\/portal\/#organization\"},\"image\":{\"@id\":\"https:\/\/faifaculdade.com.br\/portal\/i-seminario-de-territorialidade-e-economia-solidaria-na-agricultura-familiar\/#primaryimage\"},\"thumbnailUrl\":\"https:\/\/faifaculdade.com.br\/portal\/wp-content\/uploads\/2022\/04\/noticia_201508030521.jpg\",\"articleSection\":[\"Not\u00edcias\"],\"inLanguage\":\"pt-BR\"},{\"@type\":\"WebPage\",\"@id\":\"https:\/\/faifaculdade.com.br\/portal\/i-seminario-de-territorialidade-e-economia-solidaria-na-agricultura-familiar\/\",\"url\":\"https:\/\/faifaculdade.com.br\/portal\/i-seminario-de-territorialidade-e-economia-solidaria-na-agricultura-familiar\/\",\"name\":\"I SEMIN\u00c1RIO DE TERRITORIALIDADE E ECONOMIA SOLID\u00c1RIA NA AGRICULTURA FAMILIAR - FAI - Faculdade Irec\u00ea\",\"isPartOf\":{\"@id\":\"https:\/\/faifaculdade.com.br\/portal\/#website\"},\"primaryImageOfPage\":{\"@id\":\"https:\/\/faifaculdade.com.br\/portal\/i-seminario-de-territorialidade-e-economia-solidaria-na-agricultura-familiar\/#primaryimage\"},\"image\":{\"@id\":\"https:\/\/faifaculdade.com.br\/portal\/i-seminario-de-territorialidade-e-economia-solidaria-na-agricultura-familiar\/#primaryimage\"},\"thumbnailUrl\":\"https:\/\/faifaculdade.com.br\/portal\/wp-content\/uploads\/2022\/04\/noticia_201508030521.jpg\",\"datePublished\":\"2015-08-01T03:00:00+00:00\",\"breadcrumb\":{\"@id\":\"https:\/\/faifaculdade.com.br\/portal\/i-seminario-de-territorialidade-e-economia-solidaria-na-agricultura-familiar\/#breadcrumb\"},\"inLanguage\":\"pt-BR\",\"potentialAction\":[{\"@type\":\"ReadAction\",\"target\":[\"https:\/\/faifaculdade.com.br\/portal\/i-seminario-de-territorialidade-e-economia-solidaria-na-agricultura-familiar\/\"]}]},{\"@type\":\"ImageObject\",\"inLanguage\":\"pt-BR\",\"@id\":\"https:\/\/faifaculdade.com.br\/portal\/i-seminario-de-territorialidade-e-economia-solidaria-na-agricultura-familiar\/#primaryimage\",\"url\":\"https:\/\/faifaculdade.com.br\/portal\/wp-content\/uploads\/2022\/04\/noticia_201508030521.jpg\",\"contentUrl\":\"https:\/\/faifaculdade.com.br\/portal\/wp-content\/uploads\/2022\/04\/noticia_201508030521.jpg\",\"width\":960,\"height\":600},{\"@type\":\"BreadcrumbList\",\"@id\":\"https:\/\/faifaculdade.com.br\/portal\/i-seminario-de-territorialidade-e-economia-solidaria-na-agricultura-familiar\/#breadcrumb\",\"itemListElement\":[{\"@type\":\"ListItem\",\"position\":1,\"name\":\"In\u00edcio\",\"item\":\"https:\/\/faifaculdade.com.br\/portal\/\"},{\"@type\":\"ListItem\",\"position\":2,\"name\":\"I SEMIN\u00c1RIO DE TERRITORIALIDADE E ECONOMIA SOLID\u00c1RIA NA AGRICULTURA FAMILIAR\"}]},{\"@type\":\"WebSite\",\"@id\":\"https:\/\/faifaculdade.com.br\/portal\/#website\",\"url\":\"https:\/\/faifaculdade.com.br\/portal\/\",\"name\":\"FAI - Faculdade Irec\u00ea\",\"description\":\"Portal da Faculdade Irec\u00ea\",\"publisher\":{\"@id\":\"https:\/\/faifaculdade.com.br\/portal\/#organization\"},\"potentialAction\":[{\"@type\":\"SearchAction\",\"target\":{\"@type\":\"EntryPoint\",\"urlTemplate\":\"https:\/\/faifaculdade.com.br\/portal\/?s={search_term_string}\"},\"query-input\":{\"@type\":\"PropertyValueSpecification\",\"valueRequired\":true,\"valueName\":\"search_term_string\"}}],\"inLanguage\":\"pt-BR\"},{\"@type\":\"Organization\",\"@id\":\"https:\/\/faifaculdade.com.br\/portal\/#organization\",\"name\":\"FAI - Faculdade Irec\u00ea\",\"url\":\"https:\/\/faifaculdade.com.br\/portal\/\",\"logo\":{\"@type\":\"ImageObject\",\"inLanguage\":\"pt-BR\",\"@id\":\"https:\/\/faifaculdade.com.br\/portal\/#\/schema\/logo\/image\/\",\"url\":\"https:\/\/faifaculdade.com.br\/portal\/wp-content\/uploads\/2023\/04\/cropped-FAI.png\",\"contentUrl\":\"https:\/\/faifaculdade.com.br\/portal\/wp-content\/uploads\/2023\/04\/cropped-FAI.png\",\"width\":3000,\"height\":1201,\"caption\":\"FAI - Faculdade Irec\u00ea\"},\"image\":{\"@id\":\"https:\/\/faifaculdade.com.br\/portal\/#\/schema\/logo\/image\/\"},\"sameAs\":[\"https:\/\/www.facebook.com\/faifaculdade\",\"https:\/\/www.instagram.com\/faifaculdade\/\"]},{\"@type\":\"Person\",\"@id\":\"https:\/\/faifaculdade.com.br\/portal\/#\/schema\/person\/cd0e880fdb968293d4d102e4acd90aac\",\"name\":\"fai-admin\",\"image\":{\"@type\":\"ImageObject\",\"inLanguage\":\"pt-BR\",\"@id\":\"https:\/\/faifaculdade.com.br\/portal\/#\/schema\/person\/image\/\",\"url\":\"https:\/\/secure.gravatar.com\/avatar\/baf9a0dc93f1d972c87f8d3e9f1151ae6f621afbcdf9d89d4d70411885770c3f?s=96&d=mm&r=g\",\"contentUrl\":\"https:\/\/secure.gravatar.com\/avatar\/baf9a0dc93f1d972c87f8d3e9f1151ae6f621afbcdf9d89d4d70411885770c3f?s=96&d=mm&r=g\",\"caption\":\"fai-admin\"},\"sameAs\":[\"http:\/\/faifaculdade.com.br\"],\"url\":\"https:\/\/faifaculdade.com.br\/portal\/author\/fai-admin\/\"}]}<\/script>\n<!-- \/ Yoast SEO plugin. -->","yoast_head_json":{"title":"I SEMIN\u00c1RIO DE TERRITORIALIDADE E ECONOMIA SOLID\u00c1RIA NA AGRICULTURA FAMILIAR - FAI - Faculdade Irec\u00ea","robots":{"index":"index","follow":"follow","max-snippet":"max-snippet:-1","max-image-preview":"max-image-preview:large","max-video-preview":"max-video-preview:-1"},"canonical":"https:\/\/faifaculdade.com.br\/portal\/i-seminario-de-territorialidade-e-economia-solidaria-na-agricultura-familiar\/","og_locale":"pt_BR","og_type":"article","og_title":"I SEMIN\u00c1RIO DE TERRITORIALIDADE E ECONOMIA SOLID\u00c1RIA NA AGRICULTURA FAMILIAR - FAI - Faculdade Irec\u00ea","og_description":"Ocorreu no dia 1&ordm; de agosto de 2015 o I&ordm; Semin&aacute;rio de Territorialidade e Economia Solid&aacute;ria na Agricultura Familiar, este","og_url":"https:\/\/faifaculdade.com.br\/portal\/i-seminario-de-territorialidade-e-economia-solidaria-na-agricultura-familiar\/","og_site_name":"FAI - Faculdade Irec\u00ea","article_publisher":"https:\/\/www.facebook.com\/faifaculdade","article_published_time":"2015-08-01T03:00:00+00:00","og_image":[{"width":960,"height":600,"url":"https:\/\/faifaculdade.com.br\/portal\/wp-content\/uploads\/2022\/04\/noticia_201508030521.jpg","type":"image\/jpeg"}],"author":"fai-admin","twitter_card":"summary_large_image","twitter_misc":{"Escrito por":"fai-admin","Est. tempo de leitura":"2 minutos"},"schema":{"@context":"https:\/\/schema.org","@graph":[{"@type":"Article","@id":"https:\/\/faifaculdade.com.br\/portal\/i-seminario-de-territorialidade-e-economia-solidaria-na-agricultura-familiar\/#article","isPartOf":{"@id":"https:\/\/faifaculdade.com.br\/portal\/i-seminario-de-territorialidade-e-economia-solidaria-na-agricultura-familiar\/"},"author":{"name":"fai-admin","@id":"https:\/\/faifaculdade.com.br\/portal\/#\/schema\/person\/cd0e880fdb968293d4d102e4acd90aac"},"headline":"I SEMIN\u00c1RIO DE TERRITORIALIDADE E ECONOMIA SOLID\u00c1RIA NA AGRICULTURA FAMILIAR","datePublished":"2015-08-01T03:00:00+00:00","mainEntityOfPage":{"@id":"https:\/\/faifaculdade.com.br\/portal\/i-seminario-de-territorialidade-e-economia-solidaria-na-agricultura-familiar\/"},"wordCount":492,"publisher":{"@id":"https:\/\/faifaculdade.com.br\/portal\/#organization"},"image":{"@id":"https:\/\/faifaculdade.com.br\/portal\/i-seminario-de-territorialidade-e-economia-solidaria-na-agricultura-familiar\/#primaryimage"},"thumbnailUrl":"https:\/\/faifaculdade.com.br\/portal\/wp-content\/uploads\/2022\/04\/noticia_201508030521.jpg","articleSection":["Not\u00edcias"],"inLanguage":"pt-BR"},{"@type":"WebPage","@id":"https:\/\/faifaculdade.com.br\/portal\/i-seminario-de-territorialidade-e-economia-solidaria-na-agricultura-familiar\/","url":"https:\/\/faifaculdade.com.br\/portal\/i-seminario-de-territorialidade-e-economia-solidaria-na-agricultura-familiar\/","name":"I SEMIN\u00c1RIO DE TERRITORIALIDADE E ECONOMIA SOLID\u00c1RIA NA AGRICULTURA FAMILIAR - FAI - Faculdade Irec\u00ea","isPartOf":{"@id":"https:\/\/faifaculdade.com.br\/portal\/#website"},"primaryImageOfPage":{"@id":"https:\/\/faifaculdade.com.br\/portal\/i-seminario-de-territorialidade-e-economia-solidaria-na-agricultura-familiar\/#primaryimage"},"image":{"@id":"https:\/\/faifaculdade.com.br\/portal\/i-seminario-de-territorialidade-e-economia-solidaria-na-agricultura-familiar\/#primaryimage"},"thumbnailUrl":"https:\/\/faifaculdade.com.br\/portal\/wp-content\/uploads\/2022\/04\/noticia_201508030521.jpg","datePublished":"2015-08-01T03:00:00+00:00","breadcrumb":{"@id":"https:\/\/faifaculdade.com.br\/portal\/i-seminario-de-territorialidade-e-economia-solidaria-na-agricultura-familiar\/#breadcrumb"},"inLanguage":"pt-BR","potentialAction":[{"@type":"ReadAction","target":["https:\/\/faifaculdade.com.br\/portal\/i-seminario-de-territorialidade-e-economia-solidaria-na-agricultura-familiar\/"]}]},{"@type":"ImageObject","inLanguage":"pt-BR","@id":"https:\/\/faifaculdade.com.br\/portal\/i-seminario-de-territorialidade-e-economia-solidaria-na-agricultura-familiar\/#primaryimage","url":"https:\/\/faifaculdade.com.br\/portal\/wp-content\/uploads\/2022\/04\/noticia_201508030521.jpg","contentUrl":"https:\/\/faifaculdade.com.br\/portal\/wp-content\/uploads\/2022\/04\/noticia_201508030521.jpg","width":960,"height":600},{"@type":"BreadcrumbList","@id":"https:\/\/faifaculdade.com.br\/portal\/i-seminario-de-territorialidade-e-economia-solidaria-na-agricultura-familiar\/#breadcrumb","itemListElement":[{"@type":"ListItem","position":1,"name":"In\u00edcio","item":"https:\/\/faifaculdade.com.br\/portal\/"},{"@type":"ListItem","position":2,"name":"I SEMIN\u00c1RIO DE TERRITORIALIDADE E ECONOMIA SOLID\u00c1RIA NA AGRICULTURA FAMILIAR"}]},{"@type":"WebSite","@id":"https:\/\/faifaculdade.com.br\/portal\/#website","url":"https:\/\/faifaculdade.com.br\/portal\/","name":"FAI - Faculdade Irec\u00ea","description":"Portal da Faculdade Irec\u00ea","publisher":{"@id":"https:\/\/faifaculdade.com.br\/portal\/#organization"},"potentialAction":[{"@type":"SearchAction","target":{"@type":"EntryPoint","urlTemplate":"https:\/\/faifaculdade.com.br\/portal\/?s={search_term_string}"},"query-input":{"@type":"PropertyValueSpecification","valueRequired":true,"valueName":"search_term_string"}}],"inLanguage":"pt-BR"},{"@type":"Organization","@id":"https:\/\/faifaculdade.com.br\/portal\/#organization","name":"FAI - Faculdade Irec\u00ea","url":"https:\/\/faifaculdade.com.br\/portal\/","logo":{"@type":"ImageObject","inLanguage":"pt-BR","@id":"https:\/\/faifaculdade.com.br\/portal\/#\/schema\/logo\/image\/","url":"https:\/\/faifaculdade.com.br\/portal\/wp-content\/uploads\/2023\/04\/cropped-FAI.png","contentUrl":"https:\/\/faifaculdade.com.br\/portal\/wp-content\/uploads\/2023\/04\/cropped-FAI.png","width":3000,"height":1201,"caption":"FAI - Faculdade Irec\u00ea"},"image":{"@id":"https:\/\/faifaculdade.com.br\/portal\/#\/schema\/logo\/image\/"},"sameAs":["https:\/\/www.facebook.com\/faifaculdade","https:\/\/www.instagram.com\/faifaculdade\/"]},{"@type":"Person","@id":"https:\/\/faifaculdade.com.br\/portal\/#\/schema\/person\/cd0e880fdb968293d4d102e4acd90aac","name":"fai-admin","image":{"@type":"ImageObject","inLanguage":"pt-BR","@id":"https:\/\/faifaculdade.com.br\/portal\/#\/schema\/person\/image\/","url":"https:\/\/secure.gravatar.com\/avatar\/baf9a0dc93f1d972c87f8d3e9f1151ae6f621afbcdf9d89d4d70411885770c3f?s=96&d=mm&r=g","contentUrl":"https:\/\/secure.gravatar.com\/avatar\/baf9a0dc93f1d972c87f8d3e9f1151ae6f621afbcdf9d89d4d70411885770c3f?s=96&d=mm&r=g","caption":"fai-admin"},"sameAs":["http:\/\/faifaculdade.com.br"],"url":"https:\/\/faifaculdade.com.br\/portal\/author\/fai-admin\/"}]}},"_links":{"self":[{"href":"https:\/\/faifaculdade.com.br\/portal\/wp-json\/wp\/v2\/posts\/563","targetHints":{"allow":["GET"]}}],"collection":[{"href":"https:\/\/faifaculdade.com.br\/portal\/wp-json\/wp\/v2\/posts"}],"about":[{"href":"https:\/\/faifaculdade.com.br\/portal\/wp-json\/wp\/v2\/types\/post"}],"author":[{"embeddable":true,"href":"https:\/\/faifaculdade.com.br\/portal\/wp-json\/wp\/v2\/users\/1"}],"replies":[{"embeddable":true,"href":"https:\/\/faifaculdade.com.br\/portal\/wp-json\/wp\/v2\/comments?post=563"}],"version-history":[{"count":0,"href":"https:\/\/faifaculdade.com.br\/portal\/wp-json\/wp\/v2\/posts\/563\/revisions"}],"wp:featuredmedia":[{"embeddable":true,"href":"https:\/\/faifaculdade.com.br\/portal\/wp-json\/wp\/v2\/media\/564"}],"wp:attachment":[{"href":"https:\/\/faifaculdade.com.br\/portal\/wp-json\/wp\/v2\/media?parent=563"}],"wp:term":[{"taxonomy":"category","embeddable":true,"href":"https:\/\/faifaculdade.com.br\/portal\/wp-json\/wp\/v2\/categories?post=563"},{"taxonomy":"post_tag","embeddable":true,"href":"https:\/\/faifaculdade.com.br\/portal\/wp-json\/wp\/v2\/tags?post=563"}],"curies":[{"name":"wp","href":"https:\/\/api.w.org\/{rel}","templated":true}]}}