{"id":649,"date":"2017-12-12T03:00:00","date_gmt":"2017-12-12T03:00:00","guid":{"rendered":"faifaculdade.com.br\/portal\/index.php\/2017\/12\/12\/fai-lanca-livro-sobre-desenvolvimento-e-sustentabilidade-do-territorio-de-irece\/"},"modified":"2017-12-12T03:00:00","modified_gmt":"2017-12-12T03:00:00","slug":"fai-lanca-livro-sobre-desenvolvimento-e-sustentabilidade-do-territorio-de-irece","status":"publish","type":"post","link":"https:\/\/faifaculdade.com.br\/portal\/fai-lanca-livro-sobre-desenvolvimento-e-sustentabilidade-do-territorio-de-irece\/","title":{"rendered":"FAI lan\u00e7a livro sobre desenvolvimento e sustentabilidade do Territ\u00f3rio de Irec\u00ea"},"content":{"rendered":"<p>A Faculdade Irec&ecirc; (FAI) lan&ccedil;ar&aacute; na noite desta ter&ccedil;a-feira, 12, em seu audit&oacute;rio, o livro &ldquo;Territ&oacute;rio de Irec&ecirc;: limita&ccedil;&otilde;es e perspectivas de Desenvolvimento com Sustentabilidade&rdquo;. Resultado de uma iniciativa da FAI em parceria com a Organiza&ccedil;&atilde;o Social Comunidade Cidadania e Vida e o Colegiado Territorial de Irec&ecirc;, a obra re&uacute;ne diversos trabalhos acad&ecirc;micos produzidos durante o Curso de Especializa&ccedil;&atilde;o em Territorialidade, Desenvolvimento Sustent&aacute;vel e Economia Solid&aacute;ria, realizado pela FAI com a contribui&ccedil;&atilde;o de t&eacute;cnicos e militantes do trabalho com atividades de desenvolvimento dos empreendimentos rurais e urbanos no territ&oacute;rio.<\/p>\n<p>Com dura&ccedil;&atilde;o de 18 meses, a especializa&ccedil;&atilde;o discutiu os fundamentos do desenvolvimento territorial e suas concep&ccedil;&otilde;es, proporcionando uma troca de saberes e experi&ecirc;ncias que resgataram aspectos dos saberes locais e fazeres populares. Em outras palavras, para al&eacute;m da abordagem acad&ecirc;mica mais fria e distante, o curso e o livro buscaram abordar as identidades e a forma como os indiv&iacute;duos em suas especificidades pensam e agem sobre &nbsp;o desenvolvimento de seus locais de origem.&nbsp; &ldquo;Como resultado tivemos doze artigos cient&iacute;ficos sobre as mais diversas formas da interpreta&ccedil;&atilde;o do desenvolvimento territorial, fundamentados nos conhecimentos human&iacute;sticos e tecnol&oacute;gicos das pr&aacute;ticas aplicadas junto aos empreendimentos do Territ&oacute;rio de Irec&ecirc;&rdquo;, informou o professor &nbsp;e coordenador da especializa&ccedil;&atilde;o, Medson Janer.<\/p>\n<p>Dessa forma, a FAI entrega ao territ&oacute;rio de Irec&ecirc; um presente de grande valor: uma obra que se dedica a pensar e propor a&ccedil;&otilde;es frente &agrave; necessidade do desenvolvimento sustent&aacute;vel de um Territ&oacute;rio de extrema import&acirc;ncia e riqueza. Exatamente por isso, a obra objetiva &ldquo;gerar momentos de discuss&atilde;o que promoveram o desenvolvimento da reflex&atilde;o da concep&ccedil;&atilde;o sobre o desenvolvimento territorial, o debate de conceitos e temas espec&iacute;ficos&rdquo;, explica o professor Medson.<\/p>\n<p>Aliando o saber t&eacute;cnico e formal com um t&atilde;o necess&aacute;rio preparo human&iacute;stico e cr&iacute;tico, o livro &nbsp;&ldquo;Territ&oacute;rio de Irec&ecirc;: limita&ccedil;&otilde;es e perspectivas de Desenvolvimento com Sustentabilidade&rdquo; representa um marco para a nossa regi&atilde;o, pois desafia as pessoas, poderes p&uacute;blicos e empresas a pensar o desenvolvimento territorial sob outro prisma: o do enfoque da economia solid&aacute;ria e do com&eacute;rcio justo, por meio da &nbsp;inclus&atilde;o dos atores sociais nas a&ccedil;&otilde;es que produzam maior autonomia do territ&oacute;rio sobre suas m&uacute;ltiplas dimens&otilde;es&#8230;<\/p>\n<h2><strong>Servi&ccedil;o:<\/strong><\/h2>\n<blockquote>\n<p>O qu&ecirc;? Lan&ccedil;amento do livro &ldquo;Territ&oacute;rio de Irec&ecirc;: limita&ccedil;&otilde;es e perspectivas de Desenvolvimento com Sustentabilidade&rdquo;<\/p>\n<p>Onde? Audit&oacute;rio da Faculdade Irec&ecirc; (FAI)<\/p>\n<p>Quando? &Agrave;s 19h<\/p>\n<\/blockquote>\n","protected":false},"excerpt":{"rendered":"<p>A Faculdade Irec&ecirc; (FAI) lan&ccedil;ar&aacute; na noite desta ter&ccedil;a-feira, 12, em seu audit&oacute;rio, o livro &ldquo;Territ&oacute;rio de Irec&ecirc;: limita&ccedil;&otilde;es e<\/p>\n","protected":false},"author":1,"featured_media":650,"comment_status":"closed","ping_status":"closed","sticky":false,"template":"","format":"standard","meta":{"_editorskit_title_hidden":false,"_editorskit_reading_time":0,"_editorskit_is_block_options_detached":false,"_editorskit_block_options_position":"{}","footnotes":""},"categories":[25],"tags":[],"class_list":["post-649","post","type-post","status-publish","format-standard","has-post-thumbnail","hentry","category-noticias"],"yoast_head":"<!-- This site is optimized with the Yoast SEO plugin v25.3 - https:\/\/yoast.com\/wordpress\/plugins\/seo\/ -->\n<title>FAI lan\u00e7a livro sobre desenvolvimento e sustentabilidade do Territ\u00f3rio de Irec\u00ea - FAI - Faculdade Irec\u00ea<\/title>\n<meta name=\"robots\" content=\"index, follow, max-snippet:-1, max-image-preview:large, max-video-preview:-1\" \/>\n<link rel=\"canonical\" href=\"https:\/\/faifaculdade.com.br\/portal\/fai-lanca-livro-sobre-desenvolvimento-e-sustentabilidade-do-territorio-de-irece\/\" \/>\n<meta property=\"og:locale\" content=\"pt_BR\" \/>\n<meta property=\"og:type\" content=\"article\" \/>\n<meta property=\"og:title\" content=\"FAI lan\u00e7a livro sobre desenvolvimento e sustentabilidade do Territ\u00f3rio de Irec\u00ea - FAI - Faculdade Irec\u00ea\" \/>\n<meta property=\"og:description\" content=\"A Faculdade Irec&ecirc; (FAI) lan&ccedil;ar&aacute; na noite desta ter&ccedil;a-feira, 12, em seu audit&oacute;rio, o livro &ldquo;Territ&oacute;rio de Irec&ecirc;: limita&ccedil;&otilde;es e\" \/>\n<meta property=\"og:url\" content=\"https:\/\/faifaculdade.com.br\/portal\/fai-lanca-livro-sobre-desenvolvimento-e-sustentabilidade-do-territorio-de-irece\/\" \/>\n<meta property=\"og:site_name\" content=\"FAI - Faculdade Irec\u00ea\" \/>\n<meta property=\"article:publisher\" content=\"https:\/\/www.facebook.com\/faifaculdade\" \/>\n<meta property=\"article:published_time\" content=\"2017-12-12T03:00:00+00:00\" \/>\n<meta property=\"og:image\" content=\"https:\/\/faifaculdade.com.br\/portal\/wp-content\/uploads\/2022\/04\/noticia_201712120601.png\" \/>\n\t<meta property=\"og:image:width\" content=\"900\" \/>\n\t<meta property=\"og:image:height\" content=\"679\" \/>\n\t<meta property=\"og:image:type\" content=\"image\/png\" \/>\n<meta name=\"author\" content=\"fai-admin\" \/>\n<meta name=\"twitter:card\" content=\"summary_large_image\" \/>\n<meta name=\"twitter:label1\" content=\"Escrito por\" \/>\n\t<meta name=\"twitter:data1\" content=\"fai-admin\" \/>\n\t<meta name=\"twitter:label2\" content=\"Est. tempo de leitura\" \/>\n\t<meta name=\"twitter:data2\" content=\"3 minutos\" \/>\n<script type=\"application\/ld+json\" class=\"yoast-schema-graph\">{\"@context\":\"https:\/\/schema.org\",\"@graph\":[{\"@type\":\"Article\",\"@id\":\"https:\/\/faifaculdade.com.br\/portal\/fai-lanca-livro-sobre-desenvolvimento-e-sustentabilidade-do-territorio-de-irece\/#article\",\"isPartOf\":{\"@id\":\"https:\/\/faifaculdade.com.br\/portal\/fai-lanca-livro-sobre-desenvolvimento-e-sustentabilidade-do-territorio-de-irece\/\"},\"author\":{\"name\":\"fai-admin\",\"@id\":\"https:\/\/faifaculdade.com.br\/portal\/#\/schema\/person\/cd0e880fdb968293d4d102e4acd90aac\"},\"headline\":\"FAI lan\u00e7a livro sobre desenvolvimento e sustentabilidade do Territ\u00f3rio de Irec\u00ea\",\"datePublished\":\"2017-12-12T03:00:00+00:00\",\"mainEntityOfPage\":{\"@id\":\"https:\/\/faifaculdade.com.br\/portal\/fai-lanca-livro-sobre-desenvolvimento-e-sustentabilidade-do-territorio-de-irece\/\"},\"wordCount\":544,\"publisher\":{\"@id\":\"https:\/\/faifaculdade.com.br\/portal\/#organization\"},\"image\":{\"@id\":\"https:\/\/faifaculdade.com.br\/portal\/fai-lanca-livro-sobre-desenvolvimento-e-sustentabilidade-do-territorio-de-irece\/#primaryimage\"},\"thumbnailUrl\":\"https:\/\/faifaculdade.com.br\/portal\/wp-content\/uploads\/2022\/04\/noticia_201712120601.png\",\"articleSection\":[\"Not\u00edcias\"],\"inLanguage\":\"pt-BR\"},{\"@type\":\"WebPage\",\"@id\":\"https:\/\/faifaculdade.com.br\/portal\/fai-lanca-livro-sobre-desenvolvimento-e-sustentabilidade-do-territorio-de-irece\/\",\"url\":\"https:\/\/faifaculdade.com.br\/portal\/fai-lanca-livro-sobre-desenvolvimento-e-sustentabilidade-do-territorio-de-irece\/\",\"name\":\"FAI lan\u00e7a livro sobre desenvolvimento e sustentabilidade do Territ\u00f3rio de Irec\u00ea - FAI - Faculdade Irec\u00ea\",\"isPartOf\":{\"@id\":\"https:\/\/faifaculdade.com.br\/portal\/#website\"},\"primaryImageOfPage\":{\"@id\":\"https:\/\/faifaculdade.com.br\/portal\/fai-lanca-livro-sobre-desenvolvimento-e-sustentabilidade-do-territorio-de-irece\/#primaryimage\"},\"image\":{\"@id\":\"https:\/\/faifaculdade.com.br\/portal\/fai-lanca-livro-sobre-desenvolvimento-e-sustentabilidade-do-territorio-de-irece\/#primaryimage\"},\"thumbnailUrl\":\"https:\/\/faifaculdade.com.br\/portal\/wp-content\/uploads\/2022\/04\/noticia_201712120601.png\",\"datePublished\":\"2017-12-12T03:00:00+00:00\",\"breadcrumb\":{\"@id\":\"https:\/\/faifaculdade.com.br\/portal\/fai-lanca-livro-sobre-desenvolvimento-e-sustentabilidade-do-territorio-de-irece\/#breadcrumb\"},\"inLanguage\":\"pt-BR\",\"potentialAction\":[{\"@type\":\"ReadAction\",\"target\":[\"https:\/\/faifaculdade.com.br\/portal\/fai-lanca-livro-sobre-desenvolvimento-e-sustentabilidade-do-territorio-de-irece\/\"]}]},{\"@type\":\"ImageObject\",\"inLanguage\":\"pt-BR\",\"@id\":\"https:\/\/faifaculdade.com.br\/portal\/fai-lanca-livro-sobre-desenvolvimento-e-sustentabilidade-do-territorio-de-irece\/#primaryimage\",\"url\":\"https:\/\/faifaculdade.com.br\/portal\/wp-content\/uploads\/2022\/04\/noticia_201712120601.png\",\"contentUrl\":\"https:\/\/faifaculdade.com.br\/portal\/wp-content\/uploads\/2022\/04\/noticia_201712120601.png\",\"width\":900,\"height\":679},{\"@type\":\"BreadcrumbList\",\"@id\":\"https:\/\/faifaculdade.com.br\/portal\/fai-lanca-livro-sobre-desenvolvimento-e-sustentabilidade-do-territorio-de-irece\/#breadcrumb\",\"itemListElement\":[{\"@type\":\"ListItem\",\"position\":1,\"name\":\"In\u00edcio\",\"item\":\"https:\/\/faifaculdade.com.br\/portal\/\"},{\"@type\":\"ListItem\",\"position\":2,\"name\":\"FAI lan\u00e7a livro sobre desenvolvimento e sustentabilidade do Territ\u00f3rio de Irec\u00ea\"}]},{\"@type\":\"WebSite\",\"@id\":\"https:\/\/faifaculdade.com.br\/portal\/#website\",\"url\":\"https:\/\/faifaculdade.com.br\/portal\/\",\"name\":\"FAI - Faculdade Irec\u00ea\",\"description\":\"Portal da Faculdade Irec\u00ea\",\"publisher\":{\"@id\":\"https:\/\/faifaculdade.com.br\/portal\/#organization\"},\"potentialAction\":[{\"@type\":\"SearchAction\",\"target\":{\"@type\":\"EntryPoint\",\"urlTemplate\":\"https:\/\/faifaculdade.com.br\/portal\/?s={search_term_string}\"},\"query-input\":{\"@type\":\"PropertyValueSpecification\",\"valueRequired\":true,\"valueName\":\"search_term_string\"}}],\"inLanguage\":\"pt-BR\"},{\"@type\":\"Organization\",\"@id\":\"https:\/\/faifaculdade.com.br\/portal\/#organization\",\"name\":\"FAI - Faculdade Irec\u00ea\",\"url\":\"https:\/\/faifaculdade.com.br\/portal\/\",\"logo\":{\"@type\":\"ImageObject\",\"inLanguage\":\"pt-BR\",\"@id\":\"https:\/\/faifaculdade.com.br\/portal\/#\/schema\/logo\/image\/\",\"url\":\"https:\/\/faifaculdade.com.br\/portal\/wp-content\/uploads\/2023\/04\/cropped-FAI.png\",\"contentUrl\":\"https:\/\/faifaculdade.com.br\/portal\/wp-content\/uploads\/2023\/04\/cropped-FAI.png\",\"width\":3000,\"height\":1201,\"caption\":\"FAI - Faculdade Irec\u00ea\"},\"image\":{\"@id\":\"https:\/\/faifaculdade.com.br\/portal\/#\/schema\/logo\/image\/\"},\"sameAs\":[\"https:\/\/www.facebook.com\/faifaculdade\",\"https:\/\/www.instagram.com\/faifaculdade\/\"]},{\"@type\":\"Person\",\"@id\":\"https:\/\/faifaculdade.com.br\/portal\/#\/schema\/person\/cd0e880fdb968293d4d102e4acd90aac\",\"name\":\"fai-admin\",\"image\":{\"@type\":\"ImageObject\",\"inLanguage\":\"pt-BR\",\"@id\":\"https:\/\/faifaculdade.com.br\/portal\/#\/schema\/person\/image\/\",\"url\":\"https:\/\/secure.gravatar.com\/avatar\/baf9a0dc93f1d972c87f8d3e9f1151ae6f621afbcdf9d89d4d70411885770c3f?s=96&d=mm&r=g\",\"contentUrl\":\"https:\/\/secure.gravatar.com\/avatar\/baf9a0dc93f1d972c87f8d3e9f1151ae6f621afbcdf9d89d4d70411885770c3f?s=96&d=mm&r=g\",\"caption\":\"fai-admin\"},\"sameAs\":[\"http:\/\/faifaculdade.com.br\"],\"url\":\"https:\/\/faifaculdade.com.br\/portal\/author\/fai-admin\/\"}]}<\/script>\n<!-- \/ Yoast SEO plugin. -->","yoast_head_json":{"title":"FAI lan\u00e7a livro sobre desenvolvimento e sustentabilidade do Territ\u00f3rio de Irec\u00ea - FAI - Faculdade Irec\u00ea","robots":{"index":"index","follow":"follow","max-snippet":"max-snippet:-1","max-image-preview":"max-image-preview:large","max-video-preview":"max-video-preview:-1"},"canonical":"https:\/\/faifaculdade.com.br\/portal\/fai-lanca-livro-sobre-desenvolvimento-e-sustentabilidade-do-territorio-de-irece\/","og_locale":"pt_BR","og_type":"article","og_title":"FAI lan\u00e7a livro sobre desenvolvimento e sustentabilidade do Territ\u00f3rio de Irec\u00ea - FAI - Faculdade Irec\u00ea","og_description":"A Faculdade Irec&ecirc; (FAI) lan&ccedil;ar&aacute; na noite desta ter&ccedil;a-feira, 12, em seu audit&oacute;rio, o livro &ldquo;Territ&oacute;rio de Irec&ecirc;: limita&ccedil;&otilde;es e","og_url":"https:\/\/faifaculdade.com.br\/portal\/fai-lanca-livro-sobre-desenvolvimento-e-sustentabilidade-do-territorio-de-irece\/","og_site_name":"FAI - Faculdade Irec\u00ea","article_publisher":"https:\/\/www.facebook.com\/faifaculdade","article_published_time":"2017-12-12T03:00:00+00:00","og_image":[{"width":900,"height":679,"url":"https:\/\/faifaculdade.com.br\/portal\/wp-content\/uploads\/2022\/04\/noticia_201712120601.png","type":"image\/png"}],"author":"fai-admin","twitter_card":"summary_large_image","twitter_misc":{"Escrito por":"fai-admin","Est. tempo de leitura":"3 minutos"},"schema":{"@context":"https:\/\/schema.org","@graph":[{"@type":"Article","@id":"https:\/\/faifaculdade.com.br\/portal\/fai-lanca-livro-sobre-desenvolvimento-e-sustentabilidade-do-territorio-de-irece\/#article","isPartOf":{"@id":"https:\/\/faifaculdade.com.br\/portal\/fai-lanca-livro-sobre-desenvolvimento-e-sustentabilidade-do-territorio-de-irece\/"},"author":{"name":"fai-admin","@id":"https:\/\/faifaculdade.com.br\/portal\/#\/schema\/person\/cd0e880fdb968293d4d102e4acd90aac"},"headline":"FAI lan\u00e7a livro sobre desenvolvimento e sustentabilidade do Territ\u00f3rio de Irec\u00ea","datePublished":"2017-12-12T03:00:00+00:00","mainEntityOfPage":{"@id":"https:\/\/faifaculdade.com.br\/portal\/fai-lanca-livro-sobre-desenvolvimento-e-sustentabilidade-do-territorio-de-irece\/"},"wordCount":544,"publisher":{"@id":"https:\/\/faifaculdade.com.br\/portal\/#organization"},"image":{"@id":"https:\/\/faifaculdade.com.br\/portal\/fai-lanca-livro-sobre-desenvolvimento-e-sustentabilidade-do-territorio-de-irece\/#primaryimage"},"thumbnailUrl":"https:\/\/faifaculdade.com.br\/portal\/wp-content\/uploads\/2022\/04\/noticia_201712120601.png","articleSection":["Not\u00edcias"],"inLanguage":"pt-BR"},{"@type":"WebPage","@id":"https:\/\/faifaculdade.com.br\/portal\/fai-lanca-livro-sobre-desenvolvimento-e-sustentabilidade-do-territorio-de-irece\/","url":"https:\/\/faifaculdade.com.br\/portal\/fai-lanca-livro-sobre-desenvolvimento-e-sustentabilidade-do-territorio-de-irece\/","name":"FAI lan\u00e7a livro sobre desenvolvimento e sustentabilidade do Territ\u00f3rio de Irec\u00ea - FAI - Faculdade Irec\u00ea","isPartOf":{"@id":"https:\/\/faifaculdade.com.br\/portal\/#website"},"primaryImageOfPage":{"@id":"https:\/\/faifaculdade.com.br\/portal\/fai-lanca-livro-sobre-desenvolvimento-e-sustentabilidade-do-territorio-de-irece\/#primaryimage"},"image":{"@id":"https:\/\/faifaculdade.com.br\/portal\/fai-lanca-livro-sobre-desenvolvimento-e-sustentabilidade-do-territorio-de-irece\/#primaryimage"},"thumbnailUrl":"https:\/\/faifaculdade.com.br\/portal\/wp-content\/uploads\/2022\/04\/noticia_201712120601.png","datePublished":"2017-12-12T03:00:00+00:00","breadcrumb":{"@id":"https:\/\/faifaculdade.com.br\/portal\/fai-lanca-livro-sobre-desenvolvimento-e-sustentabilidade-do-territorio-de-irece\/#breadcrumb"},"inLanguage":"pt-BR","potentialAction":[{"@type":"ReadAction","target":["https:\/\/faifaculdade.com.br\/portal\/fai-lanca-livro-sobre-desenvolvimento-e-sustentabilidade-do-territorio-de-irece\/"]}]},{"@type":"ImageObject","inLanguage":"pt-BR","@id":"https:\/\/faifaculdade.com.br\/portal\/fai-lanca-livro-sobre-desenvolvimento-e-sustentabilidade-do-territorio-de-irece\/#primaryimage","url":"https:\/\/faifaculdade.com.br\/portal\/wp-content\/uploads\/2022\/04\/noticia_201712120601.png","contentUrl":"https:\/\/faifaculdade.com.br\/portal\/wp-content\/uploads\/2022\/04\/noticia_201712120601.png","width":900,"height":679},{"@type":"BreadcrumbList","@id":"https:\/\/faifaculdade.com.br\/portal\/fai-lanca-livro-sobre-desenvolvimento-e-sustentabilidade-do-territorio-de-irece\/#breadcrumb","itemListElement":[{"@type":"ListItem","position":1,"name":"In\u00edcio","item":"https:\/\/faifaculdade.com.br\/portal\/"},{"@type":"ListItem","position":2,"name":"FAI lan\u00e7a livro sobre desenvolvimento e sustentabilidade do Territ\u00f3rio de Irec\u00ea"}]},{"@type":"WebSite","@id":"https:\/\/faifaculdade.com.br\/portal\/#website","url":"https:\/\/faifaculdade.com.br\/portal\/","name":"FAI - Faculdade Irec\u00ea","description":"Portal da Faculdade Irec\u00ea","publisher":{"@id":"https:\/\/faifaculdade.com.br\/portal\/#organization"},"potentialAction":[{"@type":"SearchAction","target":{"@type":"EntryPoint","urlTemplate":"https:\/\/faifaculdade.com.br\/portal\/?s={search_term_string}"},"query-input":{"@type":"PropertyValueSpecification","valueRequired":true,"valueName":"search_term_string"}}],"inLanguage":"pt-BR"},{"@type":"Organization","@id":"https:\/\/faifaculdade.com.br\/portal\/#organization","name":"FAI - Faculdade Irec\u00ea","url":"https:\/\/faifaculdade.com.br\/portal\/","logo":{"@type":"ImageObject","inLanguage":"pt-BR","@id":"https:\/\/faifaculdade.com.br\/portal\/#\/schema\/logo\/image\/","url":"https:\/\/faifaculdade.com.br\/portal\/wp-content\/uploads\/2023\/04\/cropped-FAI.png","contentUrl":"https:\/\/faifaculdade.com.br\/portal\/wp-content\/uploads\/2023\/04\/cropped-FAI.png","width":3000,"height":1201,"caption":"FAI - Faculdade Irec\u00ea"},"image":{"@id":"https:\/\/faifaculdade.com.br\/portal\/#\/schema\/logo\/image\/"},"sameAs":["https:\/\/www.facebook.com\/faifaculdade","https:\/\/www.instagram.com\/faifaculdade\/"]},{"@type":"Person","@id":"https:\/\/faifaculdade.com.br\/portal\/#\/schema\/person\/cd0e880fdb968293d4d102e4acd90aac","name":"fai-admin","image":{"@type":"ImageObject","inLanguage":"pt-BR","@id":"https:\/\/faifaculdade.com.br\/portal\/#\/schema\/person\/image\/","url":"https:\/\/secure.gravatar.com\/avatar\/baf9a0dc93f1d972c87f8d3e9f1151ae6f621afbcdf9d89d4d70411885770c3f?s=96&d=mm&r=g","contentUrl":"https:\/\/secure.gravatar.com\/avatar\/baf9a0dc93f1d972c87f8d3e9f1151ae6f621afbcdf9d89d4d70411885770c3f?s=96&d=mm&r=g","caption":"fai-admin"},"sameAs":["http:\/\/faifaculdade.com.br"],"url":"https:\/\/faifaculdade.com.br\/portal\/author\/fai-admin\/"}]}},"_links":{"self":[{"href":"https:\/\/faifaculdade.com.br\/portal\/wp-json\/wp\/v2\/posts\/649","targetHints":{"allow":["GET"]}}],"collection":[{"href":"https:\/\/faifaculdade.com.br\/portal\/wp-json\/wp\/v2\/posts"}],"about":[{"href":"https:\/\/faifaculdade.com.br\/portal\/wp-json\/wp\/v2\/types\/post"}],"author":[{"embeddable":true,"href":"https:\/\/faifaculdade.com.br\/portal\/wp-json\/wp\/v2\/users\/1"}],"replies":[{"embeddable":true,"href":"https:\/\/faifaculdade.com.br\/portal\/wp-json\/wp\/v2\/comments?post=649"}],"version-history":[{"count":0,"href":"https:\/\/faifaculdade.com.br\/portal\/wp-json\/wp\/v2\/posts\/649\/revisions"}],"wp:featuredmedia":[{"embeddable":true,"href":"https:\/\/faifaculdade.com.br\/portal\/wp-json\/wp\/v2\/media\/650"}],"wp:attachment":[{"href":"https:\/\/faifaculdade.com.br\/portal\/wp-json\/wp\/v2\/media?parent=649"}],"wp:term":[{"taxonomy":"category","embeddable":true,"href":"https:\/\/faifaculdade.com.br\/portal\/wp-json\/wp\/v2\/categories?post=649"},{"taxonomy":"post_tag","embeddable":true,"href":"https:\/\/faifaculdade.com.br\/portal\/wp-json\/wp\/v2\/tags?post=649"}],"curies":[{"name":"wp","href":"https:\/\/api.w.org\/{rel}","templated":true}]}}