{"id":693,"date":"2016-10-18T03:00:00","date_gmt":"2016-10-18T03:00:00","guid":{"rendered":"faifaculdade.com.br\/portal\/index.php\/2016\/10\/18\/congresso-deve-votar-credito-de-r7025-milhoes-para-o-fies-nesta-terca-feira\/"},"modified":"2016-10-18T03:00:00","modified_gmt":"2016-10-18T03:00:00","slug":"congresso-deve-votar-credito-de-r7025-milhoes-para-o-fies-nesta-terca-feira","status":"publish","type":"post","link":"https:\/\/faifaculdade.com.br\/portal\/congresso-deve-votar-credito-de-r7025-milhoes-para-o-fies-nesta-terca-feira\/","title":{"rendered":"Congresso deve votar cr\u00e9dito de R$702,5 milh\u00f5es para o Fies nesta ter\u00e7a-feira"},"content":{"rendered":"<p>O presidente do Senado, Renan Calheiros, <a href=\"http:\/\/ultimosegundo.ig.com.br\/educacao\/2016-10-11\/fies-votacao.html\">convocou sess&atilde;o do Congresso Nacional para a pr&oacute;xima ter&ccedil;a-feira (18), &agrave;s 11 horas<\/a>, com&nbsp;a expectativa de que sejam votados tr&ecirc;s vetos presidenciais e dez projetos de lei do Congresso, entre eles o que libera recursos&nbsp;para o Fundo de Financiamento Estudantil (Fies).<\/p>\n<p>Somente ap&oacute;s a vota&ccedil;&atilde;o dos vetos o Congresso poder&aacute; examinar projetos de cr&eacute;dito suplementar, como &eacute; o caso do Projeto de Lei N&ordm;8. O PL&nbsp;abre cr&eacute;dito suplementar no valor de R$ 1,1 bilh&atilde;o (sendo&nbsp;R$ 702,5 milh&otilde;es para o <strong>Fies<\/strong>), no Or&ccedil;amento Fiscal da Uni&atilde;o, em favor do Minist&eacute;rio da Educa&ccedil;&atilde;o e de Opera&ccedil;&otilde;es Oficiais de Cr&eacute;dito.<\/p>\n<p>&ldquo;O fundamental &eacute; que comecemos essa sess&atilde;o do Congresso Nacional &agrave;s 11 horas, para que at&eacute; o final do dia n&oacute;s tenhamos votado todas as mat&eacute;rias&rdquo;, disse Renan.&nbsp;A oposi&ccedil;&atilde;o j&aacute; antecipou que vai colaborar para garantir logo o repasse, mas destacou que esse dinheiro dos estudantes poderia ter sido liberado por medida provis&oacute;ria.<\/p>\n<p>O <a href=\"http:\/\/ultimosegundo.ig.com.br\/educacao\/2016-09-21\/fies-recursos.html\">montante destinado ao programa de financiamento ser&aacute; utilizado<\/a>&nbsp;para pagar uma d&iacute;vida do governo de R$ 700 milh&otilde;es&nbsp;com a Caixa Econ&ocirc;mica Federal e o Banco do Brasil referente &agrave;s taxas de administra&ccedil;&atilde;o dos contratos. Sem a quita&ccedil;&atilde;o da divida, os bancos n&atilde;o ir&atilde;o liberar os aditamentos referentes ao segundo semestre deste ano, atrasando tamb&eacute;m os pagamentos &agrave;s faculdades, que est&atilde;o sem receber desde agosto.<\/p>\n<p><strong>LEIA MAIS:<\/strong>&nbsp;<a href=\"http:\/\/ultimosegundo.ig.com.br\/educacao\/2016-10-07\/fies-aditamento.html\">MEC libera SisFies para solicita&ccedil;&atilde;o de aditamento pelas faculdades<\/a><\/p>\n<p>Segundo o Sindicato das Mantenedoras de Ensino Superior (Semesp), com a indefini&ccedil;&atilde;o em rela&ccedil;&atilde;o &agrave; aprova&ccedil;&atilde;o do projeto, 1.358 institui&ccedil;&otilde;es particulares de ensino est&atilde;o deixando de receber cerca de R$ 5 bilh&otilde;es referentes ao aditamento de 1.863.731 contratos do Fies, valor utilizado, inclusive, para pagamento de impostos federais.<\/p>\n<h3>Sem recursos<\/h3>\n<p>Algumas <a href=\"http:\/\/ultimosegundo.ig.com.br\/educacao\/2016-10-04\/fies-aditamento.html\">institui&ccedil;&otilde;es privadas de ensino superior t&ecirc;m pensado em medidas<\/a>&nbsp;para driblar a falta de pagamentos&nbsp;e gerado preocupa&ccedil;&atilde;o entre os estudantes. Paulo C&eacute;sar Guedes, de 26 anos, &eacute; aluno de&nbsp;Design Gr&aacute;fico na&nbsp;Escola Superior de Administra&ccedil;&atilde;o, Marketing e Comunica&ccedil;&atilde;o de Santos (ESAMC) e depende do Fies para concluir o curso.&nbsp;<\/p>\n<p>Segundo Guedes, a faculdade chegou a encaminhar e-mails aos alunos avisando que a institui&ccedil;&atilde;o de ensino iria cobrar retroativamente os valores das mensalidades n&atilde;o pagas pelo governo caso os aditamentos n&atilde;o sejam liberados at&eacute; o fim de outubro. &quot;N&atilde;o tenho condi&ccedil;&otilde;es, at&eacute; por este motivo solicitei o financiamento. Creio que, caso eles me cobrem e eu n&atilde;o pague, terei minha matr&iacute;cula trancada&quot;, contou.<\/p>\n<h3>No prazo<\/h3>\n<p>Em nota, o&nbsp;Minist&eacute;rio da Educa&ccedil;&atilde;o (MEC) informou que, segundo os normativos do Fies, os&nbsp;aditamentos devem ocorrer at&eacute; o final do m&ecirc;s de outubro e que os repasses &agrave;s institui&ccedil;&otilde;es de ensino ser&atilde;o efetuados ap&oacute;s a contrata&ccedil;&atilde;o desses instrumentos no agente financeiro.&nbsp;Ainda segundo a norma, a institui&ccedil;&atilde;o n&atilde;o pode impedir a matr&iacute;cula do estudante em fun&ccedil;&atilde;o do prazo regulamentar para a realiza&ccedil;&atilde;o do aditamento.&nbsp;<\/p>\n<ul>\n<\/ul>\n<p>Link deste artigo: <a href=\"http:\/\/ultimosegundo.ig.com.br\/educacao\/2016-10-17\/fies.html\">http:\/\/ultimosegundo.ig.com.br\/educacao\/2016-10-17\/fies.html<\/a><\/p>\n","protected":false},"excerpt":{"rendered":"<p>O presidente do Senado, Renan Calheiros, convocou sess&atilde;o do Congresso Nacional para a pr&oacute;xima ter&ccedil;a-feira (18), &agrave;s 11 horas, com&nbsp;a<\/p>\n","protected":false},"author":1,"featured_media":694,"comment_status":"closed","ping_status":"closed","sticky":false,"template":"","format":"standard","meta":{"_editorskit_title_hidden":false,"_editorskit_reading_time":0,"_editorskit_is_block_options_detached":false,"_editorskit_block_options_position":"{}","footnotes":""},"categories":[25],"tags":[],"class_list":["post-693","post","type-post","status-publish","format-standard","has-post-thumbnail","hentry","category-noticias"],"yoast_head":"<!-- This site is optimized with the Yoast SEO plugin v25.3 - https:\/\/yoast.com\/wordpress\/plugins\/seo\/ -->\n<title>Congresso deve votar cr\u00e9dito de R$702,5 milh\u00f5es para o Fies nesta ter\u00e7a-feira - FAI - Faculdade Irec\u00ea<\/title>\n<meta name=\"robots\" content=\"index, follow, max-snippet:-1, max-image-preview:large, max-video-preview:-1\" \/>\n<link rel=\"canonical\" href=\"https:\/\/faifaculdade.com.br\/portal\/congresso-deve-votar-credito-de-r7025-milhoes-para-o-fies-nesta-terca-feira\/\" \/>\n<meta property=\"og:locale\" content=\"pt_BR\" \/>\n<meta property=\"og:type\" content=\"article\" \/>\n<meta property=\"og:title\" content=\"Congresso deve votar cr\u00e9dito de R$702,5 milh\u00f5es para o Fies nesta ter\u00e7a-feira - FAI - Faculdade Irec\u00ea\" \/>\n<meta property=\"og:description\" content=\"O presidente do Senado, Renan Calheiros, convocou sess&atilde;o do Congresso Nacional para a pr&oacute;xima ter&ccedil;a-feira (18), &agrave;s 11 horas, com&nbsp;a\" \/>\n<meta property=\"og:url\" content=\"https:\/\/faifaculdade.com.br\/portal\/congresso-deve-votar-credito-de-r7025-milhoes-para-o-fies-nesta-terca-feira\/\" \/>\n<meta property=\"og:site_name\" content=\"FAI - Faculdade Irec\u00ea\" \/>\n<meta property=\"article:publisher\" content=\"https:\/\/www.facebook.com\/faifaculdade\" \/>\n<meta property=\"article:published_time\" content=\"2016-10-18T03:00:00+00:00\" \/>\n<meta property=\"og:image\" content=\"https:\/\/faifaculdade.com.br\/portal\/wp-content\/uploads\/2022\/04\/thumb_noticia_201610180809.jpg\" \/>\n\t<meta property=\"og:image:width\" content=\"284\" \/>\n\t<meta property=\"og:image:height\" content=\"178\" \/>\n\t<meta property=\"og:image:type\" content=\"image\/jpeg\" \/>\n<meta name=\"author\" content=\"fai-admin\" \/>\n<meta name=\"twitter:card\" content=\"summary_large_image\" \/>\n<meta name=\"twitter:label1\" content=\"Escrito por\" \/>\n\t<meta name=\"twitter:data1\" content=\"fai-admin\" \/>\n\t<meta name=\"twitter:label2\" content=\"Est. tempo de leitura\" \/>\n\t<meta name=\"twitter:data2\" content=\"3 minutos\" \/>\n<script type=\"application\/ld+json\" class=\"yoast-schema-graph\">{\"@context\":\"https:\/\/schema.org\",\"@graph\":[{\"@type\":\"Article\",\"@id\":\"https:\/\/faifaculdade.com.br\/portal\/congresso-deve-votar-credito-de-r7025-milhoes-para-o-fies-nesta-terca-feira\/#article\",\"isPartOf\":{\"@id\":\"https:\/\/faifaculdade.com.br\/portal\/congresso-deve-votar-credito-de-r7025-milhoes-para-o-fies-nesta-terca-feira\/\"},\"author\":{\"name\":\"fai-admin\",\"@id\":\"https:\/\/faifaculdade.com.br\/portal\/#\/schema\/person\/cd0e880fdb968293d4d102e4acd90aac\"},\"headline\":\"Congresso deve votar cr\u00e9dito de R$702,5 milh\u00f5es para o Fies nesta ter\u00e7a-feira\",\"datePublished\":\"2016-10-18T03:00:00+00:00\",\"mainEntityOfPage\":{\"@id\":\"https:\/\/faifaculdade.com.br\/portal\/congresso-deve-votar-credito-de-r7025-milhoes-para-o-fies-nesta-terca-feira\/\"},\"wordCount\":672,\"publisher\":{\"@id\":\"https:\/\/faifaculdade.com.br\/portal\/#organization\"},\"image\":{\"@id\":\"https:\/\/faifaculdade.com.br\/portal\/congresso-deve-votar-credito-de-r7025-milhoes-para-o-fies-nesta-terca-feira\/#primaryimage\"},\"thumbnailUrl\":\"https:\/\/faifaculdade.com.br\/portal\/wp-content\/uploads\/2022\/04\/thumb_noticia_201610180809.jpg\",\"articleSection\":[\"Not\u00edcias\"],\"inLanguage\":\"pt-BR\"},{\"@type\":\"WebPage\",\"@id\":\"https:\/\/faifaculdade.com.br\/portal\/congresso-deve-votar-credito-de-r7025-milhoes-para-o-fies-nesta-terca-feira\/\",\"url\":\"https:\/\/faifaculdade.com.br\/portal\/congresso-deve-votar-credito-de-r7025-milhoes-para-o-fies-nesta-terca-feira\/\",\"name\":\"Congresso deve votar cr\u00e9dito de R$702,5 milh\u00f5es para o Fies nesta ter\u00e7a-feira - FAI - Faculdade Irec\u00ea\",\"isPartOf\":{\"@id\":\"https:\/\/faifaculdade.com.br\/portal\/#website\"},\"primaryImageOfPage\":{\"@id\":\"https:\/\/faifaculdade.com.br\/portal\/congresso-deve-votar-credito-de-r7025-milhoes-para-o-fies-nesta-terca-feira\/#primaryimage\"},\"image\":{\"@id\":\"https:\/\/faifaculdade.com.br\/portal\/congresso-deve-votar-credito-de-r7025-milhoes-para-o-fies-nesta-terca-feira\/#primaryimage\"},\"thumbnailUrl\":\"https:\/\/faifaculdade.com.br\/portal\/wp-content\/uploads\/2022\/04\/thumb_noticia_201610180809.jpg\",\"datePublished\":\"2016-10-18T03:00:00+00:00\",\"breadcrumb\":{\"@id\":\"https:\/\/faifaculdade.com.br\/portal\/congresso-deve-votar-credito-de-r7025-milhoes-para-o-fies-nesta-terca-feira\/#breadcrumb\"},\"inLanguage\":\"pt-BR\",\"potentialAction\":[{\"@type\":\"ReadAction\",\"target\":[\"https:\/\/faifaculdade.com.br\/portal\/congresso-deve-votar-credito-de-r7025-milhoes-para-o-fies-nesta-terca-feira\/\"]}]},{\"@type\":\"ImageObject\",\"inLanguage\":\"pt-BR\",\"@id\":\"https:\/\/faifaculdade.com.br\/portal\/congresso-deve-votar-credito-de-r7025-milhoes-para-o-fies-nesta-terca-feira\/#primaryimage\",\"url\":\"https:\/\/faifaculdade.com.br\/portal\/wp-content\/uploads\/2022\/04\/thumb_noticia_201610180809.jpg\",\"contentUrl\":\"https:\/\/faifaculdade.com.br\/portal\/wp-content\/uploads\/2022\/04\/thumb_noticia_201610180809.jpg\",\"width\":284,\"height\":178},{\"@type\":\"BreadcrumbList\",\"@id\":\"https:\/\/faifaculdade.com.br\/portal\/congresso-deve-votar-credito-de-r7025-milhoes-para-o-fies-nesta-terca-feira\/#breadcrumb\",\"itemListElement\":[{\"@type\":\"ListItem\",\"position\":1,\"name\":\"In\u00edcio\",\"item\":\"https:\/\/faifaculdade.com.br\/portal\/\"},{\"@type\":\"ListItem\",\"position\":2,\"name\":\"Congresso deve votar cr\u00e9dito de R$702,5 milh\u00f5es para o Fies nesta ter\u00e7a-feira\"}]},{\"@type\":\"WebSite\",\"@id\":\"https:\/\/faifaculdade.com.br\/portal\/#website\",\"url\":\"https:\/\/faifaculdade.com.br\/portal\/\",\"name\":\"FAI - Faculdade Irec\u00ea\",\"description\":\"Portal da Faculdade Irec\u00ea\",\"publisher\":{\"@id\":\"https:\/\/faifaculdade.com.br\/portal\/#organization\"},\"potentialAction\":[{\"@type\":\"SearchAction\",\"target\":{\"@type\":\"EntryPoint\",\"urlTemplate\":\"https:\/\/faifaculdade.com.br\/portal\/?s={search_term_string}\"},\"query-input\":{\"@type\":\"PropertyValueSpecification\",\"valueRequired\":true,\"valueName\":\"search_term_string\"}}],\"inLanguage\":\"pt-BR\"},{\"@type\":\"Organization\",\"@id\":\"https:\/\/faifaculdade.com.br\/portal\/#organization\",\"name\":\"FAI - Faculdade Irec\u00ea\",\"url\":\"https:\/\/faifaculdade.com.br\/portal\/\",\"logo\":{\"@type\":\"ImageObject\",\"inLanguage\":\"pt-BR\",\"@id\":\"https:\/\/faifaculdade.com.br\/portal\/#\/schema\/logo\/image\/\",\"url\":\"https:\/\/faifaculdade.com.br\/portal\/wp-content\/uploads\/2023\/04\/cropped-FAI.png\",\"contentUrl\":\"https:\/\/faifaculdade.com.br\/portal\/wp-content\/uploads\/2023\/04\/cropped-FAI.png\",\"width\":3000,\"height\":1201,\"caption\":\"FAI - Faculdade Irec\u00ea\"},\"image\":{\"@id\":\"https:\/\/faifaculdade.com.br\/portal\/#\/schema\/logo\/image\/\"},\"sameAs\":[\"https:\/\/www.facebook.com\/faifaculdade\",\"https:\/\/www.instagram.com\/faifaculdade\/\"]},{\"@type\":\"Person\",\"@id\":\"https:\/\/faifaculdade.com.br\/portal\/#\/schema\/person\/cd0e880fdb968293d4d102e4acd90aac\",\"name\":\"fai-admin\",\"image\":{\"@type\":\"ImageObject\",\"inLanguage\":\"pt-BR\",\"@id\":\"https:\/\/faifaculdade.com.br\/portal\/#\/schema\/person\/image\/\",\"url\":\"https:\/\/secure.gravatar.com\/avatar\/baf9a0dc93f1d972c87f8d3e9f1151ae6f621afbcdf9d89d4d70411885770c3f?s=96&d=mm&r=g\",\"contentUrl\":\"https:\/\/secure.gravatar.com\/avatar\/baf9a0dc93f1d972c87f8d3e9f1151ae6f621afbcdf9d89d4d70411885770c3f?s=96&d=mm&r=g\",\"caption\":\"fai-admin\"},\"sameAs\":[\"http:\/\/faifaculdade.com.br\"],\"url\":\"https:\/\/faifaculdade.com.br\/portal\/author\/fai-admin\/\"}]}<\/script>\n<!-- \/ Yoast SEO plugin. -->","yoast_head_json":{"title":"Congresso deve votar cr\u00e9dito de R$702,5 milh\u00f5es para o Fies nesta ter\u00e7a-feira - FAI - Faculdade Irec\u00ea","robots":{"index":"index","follow":"follow","max-snippet":"max-snippet:-1","max-image-preview":"max-image-preview:large","max-video-preview":"max-video-preview:-1"},"canonical":"https:\/\/faifaculdade.com.br\/portal\/congresso-deve-votar-credito-de-r7025-milhoes-para-o-fies-nesta-terca-feira\/","og_locale":"pt_BR","og_type":"article","og_title":"Congresso deve votar cr\u00e9dito de R$702,5 milh\u00f5es para o Fies nesta ter\u00e7a-feira - FAI - Faculdade Irec\u00ea","og_description":"O presidente do Senado, Renan Calheiros, convocou sess&atilde;o do Congresso Nacional para a pr&oacute;xima ter&ccedil;a-feira (18), &agrave;s 11 horas, com&nbsp;a","og_url":"https:\/\/faifaculdade.com.br\/portal\/congresso-deve-votar-credito-de-r7025-milhoes-para-o-fies-nesta-terca-feira\/","og_site_name":"FAI - Faculdade Irec\u00ea","article_publisher":"https:\/\/www.facebook.com\/faifaculdade","article_published_time":"2016-10-18T03:00:00+00:00","og_image":[{"width":284,"height":178,"url":"https:\/\/faifaculdade.com.br\/portal\/wp-content\/uploads\/2022\/04\/thumb_noticia_201610180809.jpg","type":"image\/jpeg"}],"author":"fai-admin","twitter_card":"summary_large_image","twitter_misc":{"Escrito por":"fai-admin","Est. tempo de leitura":"3 minutos"},"schema":{"@context":"https:\/\/schema.org","@graph":[{"@type":"Article","@id":"https:\/\/faifaculdade.com.br\/portal\/congresso-deve-votar-credito-de-r7025-milhoes-para-o-fies-nesta-terca-feira\/#article","isPartOf":{"@id":"https:\/\/faifaculdade.com.br\/portal\/congresso-deve-votar-credito-de-r7025-milhoes-para-o-fies-nesta-terca-feira\/"},"author":{"name":"fai-admin","@id":"https:\/\/faifaculdade.com.br\/portal\/#\/schema\/person\/cd0e880fdb968293d4d102e4acd90aac"},"headline":"Congresso deve votar cr\u00e9dito de R$702,5 milh\u00f5es para o Fies nesta ter\u00e7a-feira","datePublished":"2016-10-18T03:00:00+00:00","mainEntityOfPage":{"@id":"https:\/\/faifaculdade.com.br\/portal\/congresso-deve-votar-credito-de-r7025-milhoes-para-o-fies-nesta-terca-feira\/"},"wordCount":672,"publisher":{"@id":"https:\/\/faifaculdade.com.br\/portal\/#organization"},"image":{"@id":"https:\/\/faifaculdade.com.br\/portal\/congresso-deve-votar-credito-de-r7025-milhoes-para-o-fies-nesta-terca-feira\/#primaryimage"},"thumbnailUrl":"https:\/\/faifaculdade.com.br\/portal\/wp-content\/uploads\/2022\/04\/thumb_noticia_201610180809.jpg","articleSection":["Not\u00edcias"],"inLanguage":"pt-BR"},{"@type":"WebPage","@id":"https:\/\/faifaculdade.com.br\/portal\/congresso-deve-votar-credito-de-r7025-milhoes-para-o-fies-nesta-terca-feira\/","url":"https:\/\/faifaculdade.com.br\/portal\/congresso-deve-votar-credito-de-r7025-milhoes-para-o-fies-nesta-terca-feira\/","name":"Congresso deve votar cr\u00e9dito de R$702,5 milh\u00f5es para o Fies nesta ter\u00e7a-feira - FAI - Faculdade Irec\u00ea","isPartOf":{"@id":"https:\/\/faifaculdade.com.br\/portal\/#website"},"primaryImageOfPage":{"@id":"https:\/\/faifaculdade.com.br\/portal\/congresso-deve-votar-credito-de-r7025-milhoes-para-o-fies-nesta-terca-feira\/#primaryimage"},"image":{"@id":"https:\/\/faifaculdade.com.br\/portal\/congresso-deve-votar-credito-de-r7025-milhoes-para-o-fies-nesta-terca-feira\/#primaryimage"},"thumbnailUrl":"https:\/\/faifaculdade.com.br\/portal\/wp-content\/uploads\/2022\/04\/thumb_noticia_201610180809.jpg","datePublished":"2016-10-18T03:00:00+00:00","breadcrumb":{"@id":"https:\/\/faifaculdade.com.br\/portal\/congresso-deve-votar-credito-de-r7025-milhoes-para-o-fies-nesta-terca-feira\/#breadcrumb"},"inLanguage":"pt-BR","potentialAction":[{"@type":"ReadAction","target":["https:\/\/faifaculdade.com.br\/portal\/congresso-deve-votar-credito-de-r7025-milhoes-para-o-fies-nesta-terca-feira\/"]}]},{"@type":"ImageObject","inLanguage":"pt-BR","@id":"https:\/\/faifaculdade.com.br\/portal\/congresso-deve-votar-credito-de-r7025-milhoes-para-o-fies-nesta-terca-feira\/#primaryimage","url":"https:\/\/faifaculdade.com.br\/portal\/wp-content\/uploads\/2022\/04\/thumb_noticia_201610180809.jpg","contentUrl":"https:\/\/faifaculdade.com.br\/portal\/wp-content\/uploads\/2022\/04\/thumb_noticia_201610180809.jpg","width":284,"height":178},{"@type":"BreadcrumbList","@id":"https:\/\/faifaculdade.com.br\/portal\/congresso-deve-votar-credito-de-r7025-milhoes-para-o-fies-nesta-terca-feira\/#breadcrumb","itemListElement":[{"@type":"ListItem","position":1,"name":"In\u00edcio","item":"https:\/\/faifaculdade.com.br\/portal\/"},{"@type":"ListItem","position":2,"name":"Congresso deve votar cr\u00e9dito de R$702,5 milh\u00f5es para o Fies nesta ter\u00e7a-feira"}]},{"@type":"WebSite","@id":"https:\/\/faifaculdade.com.br\/portal\/#website","url":"https:\/\/faifaculdade.com.br\/portal\/","name":"FAI - Faculdade Irec\u00ea","description":"Portal da Faculdade Irec\u00ea","publisher":{"@id":"https:\/\/faifaculdade.com.br\/portal\/#organization"},"potentialAction":[{"@type":"SearchAction","target":{"@type":"EntryPoint","urlTemplate":"https:\/\/faifaculdade.com.br\/portal\/?s={search_term_string}"},"query-input":{"@type":"PropertyValueSpecification","valueRequired":true,"valueName":"search_term_string"}}],"inLanguage":"pt-BR"},{"@type":"Organization","@id":"https:\/\/faifaculdade.com.br\/portal\/#organization","name":"FAI - Faculdade Irec\u00ea","url":"https:\/\/faifaculdade.com.br\/portal\/","logo":{"@type":"ImageObject","inLanguage":"pt-BR","@id":"https:\/\/faifaculdade.com.br\/portal\/#\/schema\/logo\/image\/","url":"https:\/\/faifaculdade.com.br\/portal\/wp-content\/uploads\/2023\/04\/cropped-FAI.png","contentUrl":"https:\/\/faifaculdade.com.br\/portal\/wp-content\/uploads\/2023\/04\/cropped-FAI.png","width":3000,"height":1201,"caption":"FAI - Faculdade Irec\u00ea"},"image":{"@id":"https:\/\/faifaculdade.com.br\/portal\/#\/schema\/logo\/image\/"},"sameAs":["https:\/\/www.facebook.com\/faifaculdade","https:\/\/www.instagram.com\/faifaculdade\/"]},{"@type":"Person","@id":"https:\/\/faifaculdade.com.br\/portal\/#\/schema\/person\/cd0e880fdb968293d4d102e4acd90aac","name":"fai-admin","image":{"@type":"ImageObject","inLanguage":"pt-BR","@id":"https:\/\/faifaculdade.com.br\/portal\/#\/schema\/person\/image\/","url":"https:\/\/secure.gravatar.com\/avatar\/baf9a0dc93f1d972c87f8d3e9f1151ae6f621afbcdf9d89d4d70411885770c3f?s=96&d=mm&r=g","contentUrl":"https:\/\/secure.gravatar.com\/avatar\/baf9a0dc93f1d972c87f8d3e9f1151ae6f621afbcdf9d89d4d70411885770c3f?s=96&d=mm&r=g","caption":"fai-admin"},"sameAs":["http:\/\/faifaculdade.com.br"],"url":"https:\/\/faifaculdade.com.br\/portal\/author\/fai-admin\/"}]}},"_links":{"self":[{"href":"https:\/\/faifaculdade.com.br\/portal\/wp-json\/wp\/v2\/posts\/693","targetHints":{"allow":["GET"]}}],"collection":[{"href":"https:\/\/faifaculdade.com.br\/portal\/wp-json\/wp\/v2\/posts"}],"about":[{"href":"https:\/\/faifaculdade.com.br\/portal\/wp-json\/wp\/v2\/types\/post"}],"author":[{"embeddable":true,"href":"https:\/\/faifaculdade.com.br\/portal\/wp-json\/wp\/v2\/users\/1"}],"replies":[{"embeddable":true,"href":"https:\/\/faifaculdade.com.br\/portal\/wp-json\/wp\/v2\/comments?post=693"}],"version-history":[{"count":0,"href":"https:\/\/faifaculdade.com.br\/portal\/wp-json\/wp\/v2\/posts\/693\/revisions"}],"wp:featuredmedia":[{"embeddable":true,"href":"https:\/\/faifaculdade.com.br\/portal\/wp-json\/wp\/v2\/media\/694"}],"wp:attachment":[{"href":"https:\/\/faifaculdade.com.br\/portal\/wp-json\/wp\/v2\/media?parent=693"}],"wp:term":[{"taxonomy":"category","embeddable":true,"href":"https:\/\/faifaculdade.com.br\/portal\/wp-json\/wp\/v2\/categories?post=693"},{"taxonomy":"post_tag","embeddable":true,"href":"https:\/\/faifaculdade.com.br\/portal\/wp-json\/wp\/v2\/tags?post=693"}],"curies":[{"name":"wp","href":"https:\/\/api.w.org\/{rel}","templated":true}]}}