{"id":776,"date":"2017-08-28T03:00:00","date_gmt":"2017-08-28T03:00:00","guid":{"rendered":"faifaculdade.com.br\/portal\/index.php\/2017\/08\/28\/17o-congresso-nacional-de-iniciacao-cientifica\/"},"modified":"2017-08-28T03:00:00","modified_gmt":"2017-08-28T03:00:00","slug":"17o-congresso-nacional-de-iniciacao-cientifica","status":"publish","type":"post","link":"https:\/\/faifaculdade.com.br\/portal\/17o-congresso-nacional-de-iniciacao-cientifica\/","title":{"rendered":"17\u00ba  Congresso Nacional de Inicia\u00e7\u00e3o Cient\u00edfica"},"content":{"rendered":"<p>Realizado pelo Semesp &ndash; Sindicato das Mantenedoras de Ensino Superior &ndash; desde 2001, o Congresso Nacional de Inicia&ccedil;&atilde;o Cient&iacute;fica &ndash; CONIC-SEMESP tem como objetivo identificar talentos, estimular a produ&ccedil;&atilde;o de conte&uacute;do cient&iacute;fico al&eacute;m de viabilizar na pr&aacute;tica os projetos apresentados pelos alunos, por meio do exerc&iacute;cio da criatividade e de conhecimentos adquiridos.<\/p>\n<p>O Conic-Semesp apoia o desenvolvimento intelectual cont&iacute;nuo dos alunos do Ensino Superior, incentiva a pesquisa, a arte e a cultura e busca facilitar o contato com o que h&aacute; de mais novo no mercado, ao mesmo tempo em que promove visibilidade e valor aos trabalhos apresentados.<\/p>\n<p>Para os professores-pesquisadores e para as pr&oacute;prias Institui&ccedil;&otilde;es de Ensino Superior (IES), o evento representa um est&iacute;mulo ao engajamento dos estudantes de gradua&ccedil;&atilde;o no processo de investiga&ccedil;&atilde;o cient&iacute;fica, o que contribui para a forma&ccedil;&atilde;o de profissionais cada vez mais qualificados para o mercado de trabalho. Al&eacute;m disso, a contribui&ccedil;&atilde;o cient&iacute;fica agrega para as IES um inestim&aacute;vel valor social e institucional.<\/p>\n<p>S&atilde;o aceitos trabalhos de qualquer tema e &aacute;rea do conhecimento inscritos por estudantes regularmente matriculados em cursos de gradua&ccedil;&atilde;o de institui&ccedil;&otilde;es de ensino superior p&uacute;blicas ou privadas. Al&eacute;m dos pr&ecirc;mios para os melhores trabalhos das cinco &aacute;reas do conhecimento, nas categorias Conclu&iacute;do e Em Andamento, e o Pr&ecirc;mio Especial para o melhor trabalho Conclu&iacute;do, o Congresso contar&aacute; novamente com o Pr&ecirc;mio de Incentivo &agrave; Preserva&ccedil;&atilde;o Ambiental.<\/p>\n<p>Para solicitar a isen&ccedil;&atilde;o de taxa de inscri&ccedil;&atilde;o do congresso, todos os autores cadastrados dever&atilde;o comprovar a participa&ccedil;&atilde;o no ProUni ou Fies atrav&eacute;s de documenta&ccedil;&atilde;o espec&iacute;fica, conforme o item 5.5 do regulamento. Se a op&ccedil;&atilde;o de isen&ccedil;&atilde;o por ProUni\/Fies for marcada na hora da inscri&ccedil;&atilde;o, o trabalho ficar&aacute; pendente at&eacute; todos os documentos serem enviados. Fique atento!<\/p>\n<p>*Fonte: http:\/\/www.semesp.org.br\/site\/eventos\/conic&nbsp;<\/p>\n<p>**Mais informa&ccedil;&otilde;es: conic-semesp.org.br<\/p>\n","protected":false},"excerpt":{"rendered":"<p>Realizado pelo Semesp &ndash; Sindicato das Mantenedoras de Ensino Superior &ndash; desde 2001, o Congresso Nacional de Inicia&ccedil;&atilde;o Cient&iacute;fica &ndash;<\/p>\n","protected":false},"author":1,"featured_media":777,"comment_status":"closed","ping_status":"closed","sticky":false,"template":"","format":"standard","meta":{"_editorskit_title_hidden":false,"_editorskit_reading_time":0,"_editorskit_is_block_options_detached":false,"_editorskit_block_options_position":"{}","footnotes":""},"categories":[25],"tags":[],"class_list":["post-776","post","type-post","status-publish","format-standard","has-post-thumbnail","hentry","category-noticias"],"yoast_head":"<!-- This site is optimized with the Yoast SEO plugin v25.3 - https:\/\/yoast.com\/wordpress\/plugins\/seo\/ -->\n<title>17\u00ba Congresso Nacional de Inicia\u00e7\u00e3o Cient\u00edfica - FAI - Faculdade Irec\u00ea<\/title>\n<meta name=\"robots\" content=\"index, follow, max-snippet:-1, max-image-preview:large, max-video-preview:-1\" \/>\n<link rel=\"canonical\" href=\"https:\/\/faifaculdade.com.br\/portal\/17o-congresso-nacional-de-iniciacao-cientifica\/\" \/>\n<meta property=\"og:locale\" content=\"pt_BR\" \/>\n<meta property=\"og:type\" content=\"article\" \/>\n<meta property=\"og:title\" content=\"17\u00ba Congresso Nacional de Inicia\u00e7\u00e3o Cient\u00edfica - FAI - Faculdade Irec\u00ea\" \/>\n<meta property=\"og:description\" content=\"Realizado pelo Semesp &ndash; Sindicato das Mantenedoras de Ensino Superior &ndash; desde 2001, o Congresso Nacional de Inicia&ccedil;&atilde;o Cient&iacute;fica &ndash;\" \/>\n<meta property=\"og:url\" content=\"https:\/\/faifaculdade.com.br\/portal\/17o-congresso-nacional-de-iniciacao-cientifica\/\" \/>\n<meta property=\"og:site_name\" content=\"FAI - Faculdade Irec\u00ea\" \/>\n<meta property=\"article:publisher\" content=\"https:\/\/www.facebook.com\/faifaculdade\" \/>\n<meta property=\"article:published_time\" content=\"2017-08-28T03:00:00+00:00\" \/>\n<meta property=\"og:image\" content=\"https:\/\/faifaculdade.com.br\/portal\/wp-content\/uploads\/2022\/04\/noticia_201708280721.jpg\" \/>\n\t<meta property=\"og:image:width\" content=\"900\" \/>\n\t<meta property=\"og:image:height\" content=\"675\" \/>\n\t<meta property=\"og:image:type\" content=\"image\/jpeg\" \/>\n<meta name=\"author\" content=\"fai-admin\" \/>\n<meta name=\"twitter:card\" content=\"summary_large_image\" \/>\n<meta name=\"twitter:label1\" content=\"Escrito por\" \/>\n\t<meta name=\"twitter:data1\" content=\"fai-admin\" \/>\n\t<meta name=\"twitter:label2\" content=\"Est. tempo de leitura\" \/>\n\t<meta name=\"twitter:data2\" content=\"2 minutos\" \/>\n<script type=\"application\/ld+json\" class=\"yoast-schema-graph\">{\"@context\":\"https:\/\/schema.org\",\"@graph\":[{\"@type\":\"Article\",\"@id\":\"https:\/\/faifaculdade.com.br\/portal\/17o-congresso-nacional-de-iniciacao-cientifica\/#article\",\"isPartOf\":{\"@id\":\"https:\/\/faifaculdade.com.br\/portal\/17o-congresso-nacional-de-iniciacao-cientifica\/\"},\"author\":{\"name\":\"fai-admin\",\"@id\":\"https:\/\/faifaculdade.com.br\/portal\/#\/schema\/person\/cd0e880fdb968293d4d102e4acd90aac\"},\"headline\":\"17\u00ba Congresso Nacional de Inicia\u00e7\u00e3o Cient\u00edfica\",\"datePublished\":\"2017-08-28T03:00:00+00:00\",\"mainEntityOfPage\":{\"@id\":\"https:\/\/faifaculdade.com.br\/portal\/17o-congresso-nacional-de-iniciacao-cientifica\/\"},\"wordCount\":410,\"publisher\":{\"@id\":\"https:\/\/faifaculdade.com.br\/portal\/#organization\"},\"image\":{\"@id\":\"https:\/\/faifaculdade.com.br\/portal\/17o-congresso-nacional-de-iniciacao-cientifica\/#primaryimage\"},\"thumbnailUrl\":\"https:\/\/faifaculdade.com.br\/portal\/wp-content\/uploads\/2022\/04\/noticia_201708280721.jpg\",\"articleSection\":[\"Not\u00edcias\"],\"inLanguage\":\"pt-BR\"},{\"@type\":\"WebPage\",\"@id\":\"https:\/\/faifaculdade.com.br\/portal\/17o-congresso-nacional-de-iniciacao-cientifica\/\",\"url\":\"https:\/\/faifaculdade.com.br\/portal\/17o-congresso-nacional-de-iniciacao-cientifica\/\",\"name\":\"17\u00ba Congresso Nacional de Inicia\u00e7\u00e3o Cient\u00edfica - FAI - Faculdade Irec\u00ea\",\"isPartOf\":{\"@id\":\"https:\/\/faifaculdade.com.br\/portal\/#website\"},\"primaryImageOfPage\":{\"@id\":\"https:\/\/faifaculdade.com.br\/portal\/17o-congresso-nacional-de-iniciacao-cientifica\/#primaryimage\"},\"image\":{\"@id\":\"https:\/\/faifaculdade.com.br\/portal\/17o-congresso-nacional-de-iniciacao-cientifica\/#primaryimage\"},\"thumbnailUrl\":\"https:\/\/faifaculdade.com.br\/portal\/wp-content\/uploads\/2022\/04\/noticia_201708280721.jpg\",\"datePublished\":\"2017-08-28T03:00:00+00:00\",\"breadcrumb\":{\"@id\":\"https:\/\/faifaculdade.com.br\/portal\/17o-congresso-nacional-de-iniciacao-cientifica\/#breadcrumb\"},\"inLanguage\":\"pt-BR\",\"potentialAction\":[{\"@type\":\"ReadAction\",\"target\":[\"https:\/\/faifaculdade.com.br\/portal\/17o-congresso-nacional-de-iniciacao-cientifica\/\"]}]},{\"@type\":\"ImageObject\",\"inLanguage\":\"pt-BR\",\"@id\":\"https:\/\/faifaculdade.com.br\/portal\/17o-congresso-nacional-de-iniciacao-cientifica\/#primaryimage\",\"url\":\"https:\/\/faifaculdade.com.br\/portal\/wp-content\/uploads\/2022\/04\/noticia_201708280721.jpg\",\"contentUrl\":\"https:\/\/faifaculdade.com.br\/portal\/wp-content\/uploads\/2022\/04\/noticia_201708280721.jpg\",\"width\":900,\"height\":675},{\"@type\":\"BreadcrumbList\",\"@id\":\"https:\/\/faifaculdade.com.br\/portal\/17o-congresso-nacional-de-iniciacao-cientifica\/#breadcrumb\",\"itemListElement\":[{\"@type\":\"ListItem\",\"position\":1,\"name\":\"In\u00edcio\",\"item\":\"https:\/\/faifaculdade.com.br\/portal\/\"},{\"@type\":\"ListItem\",\"position\":2,\"name\":\"17\u00ba Congresso Nacional de Inicia\u00e7\u00e3o Cient\u00edfica\"}]},{\"@type\":\"WebSite\",\"@id\":\"https:\/\/faifaculdade.com.br\/portal\/#website\",\"url\":\"https:\/\/faifaculdade.com.br\/portal\/\",\"name\":\"FAI - Faculdade Irec\u00ea\",\"description\":\"Portal da Faculdade Irec\u00ea\",\"publisher\":{\"@id\":\"https:\/\/faifaculdade.com.br\/portal\/#organization\"},\"potentialAction\":[{\"@type\":\"SearchAction\",\"target\":{\"@type\":\"EntryPoint\",\"urlTemplate\":\"https:\/\/faifaculdade.com.br\/portal\/?s={search_term_string}\"},\"query-input\":{\"@type\":\"PropertyValueSpecification\",\"valueRequired\":true,\"valueName\":\"search_term_string\"}}],\"inLanguage\":\"pt-BR\"},{\"@type\":\"Organization\",\"@id\":\"https:\/\/faifaculdade.com.br\/portal\/#organization\",\"name\":\"FAI - Faculdade Irec\u00ea\",\"url\":\"https:\/\/faifaculdade.com.br\/portal\/\",\"logo\":{\"@type\":\"ImageObject\",\"inLanguage\":\"pt-BR\",\"@id\":\"https:\/\/faifaculdade.com.br\/portal\/#\/schema\/logo\/image\/\",\"url\":\"https:\/\/faifaculdade.com.br\/portal\/wp-content\/uploads\/2023\/04\/cropped-FAI.png\",\"contentUrl\":\"https:\/\/faifaculdade.com.br\/portal\/wp-content\/uploads\/2023\/04\/cropped-FAI.png\",\"width\":3000,\"height\":1201,\"caption\":\"FAI - Faculdade Irec\u00ea\"},\"image\":{\"@id\":\"https:\/\/faifaculdade.com.br\/portal\/#\/schema\/logo\/image\/\"},\"sameAs\":[\"https:\/\/www.facebook.com\/faifaculdade\",\"https:\/\/www.instagram.com\/faifaculdade\/\"]},{\"@type\":\"Person\",\"@id\":\"https:\/\/faifaculdade.com.br\/portal\/#\/schema\/person\/cd0e880fdb968293d4d102e4acd90aac\",\"name\":\"fai-admin\",\"image\":{\"@type\":\"ImageObject\",\"inLanguage\":\"pt-BR\",\"@id\":\"https:\/\/faifaculdade.com.br\/portal\/#\/schema\/person\/image\/\",\"url\":\"https:\/\/secure.gravatar.com\/avatar\/baf9a0dc93f1d972c87f8d3e9f1151ae6f621afbcdf9d89d4d70411885770c3f?s=96&d=mm&r=g\",\"contentUrl\":\"https:\/\/secure.gravatar.com\/avatar\/baf9a0dc93f1d972c87f8d3e9f1151ae6f621afbcdf9d89d4d70411885770c3f?s=96&d=mm&r=g\",\"caption\":\"fai-admin\"},\"sameAs\":[\"http:\/\/faifaculdade.com.br\"],\"url\":\"https:\/\/faifaculdade.com.br\/portal\/author\/fai-admin\/\"}]}<\/script>\n<!-- \/ Yoast SEO plugin. -->","yoast_head_json":{"title":"17\u00ba Congresso Nacional de Inicia\u00e7\u00e3o Cient\u00edfica - FAI - Faculdade Irec\u00ea","robots":{"index":"index","follow":"follow","max-snippet":"max-snippet:-1","max-image-preview":"max-image-preview:large","max-video-preview":"max-video-preview:-1"},"canonical":"https:\/\/faifaculdade.com.br\/portal\/17o-congresso-nacional-de-iniciacao-cientifica\/","og_locale":"pt_BR","og_type":"article","og_title":"17\u00ba Congresso Nacional de Inicia\u00e7\u00e3o Cient\u00edfica - FAI - Faculdade Irec\u00ea","og_description":"Realizado pelo Semesp &ndash; Sindicato das Mantenedoras de Ensino Superior &ndash; desde 2001, o Congresso Nacional de Inicia&ccedil;&atilde;o Cient&iacute;fica &ndash;","og_url":"https:\/\/faifaculdade.com.br\/portal\/17o-congresso-nacional-de-iniciacao-cientifica\/","og_site_name":"FAI - Faculdade Irec\u00ea","article_publisher":"https:\/\/www.facebook.com\/faifaculdade","article_published_time":"2017-08-28T03:00:00+00:00","og_image":[{"width":900,"height":675,"url":"https:\/\/faifaculdade.com.br\/portal\/wp-content\/uploads\/2022\/04\/noticia_201708280721.jpg","type":"image\/jpeg"}],"author":"fai-admin","twitter_card":"summary_large_image","twitter_misc":{"Escrito por":"fai-admin","Est. tempo de leitura":"2 minutos"},"schema":{"@context":"https:\/\/schema.org","@graph":[{"@type":"Article","@id":"https:\/\/faifaculdade.com.br\/portal\/17o-congresso-nacional-de-iniciacao-cientifica\/#article","isPartOf":{"@id":"https:\/\/faifaculdade.com.br\/portal\/17o-congresso-nacional-de-iniciacao-cientifica\/"},"author":{"name":"fai-admin","@id":"https:\/\/faifaculdade.com.br\/portal\/#\/schema\/person\/cd0e880fdb968293d4d102e4acd90aac"},"headline":"17\u00ba Congresso Nacional de Inicia\u00e7\u00e3o Cient\u00edfica","datePublished":"2017-08-28T03:00:00+00:00","mainEntityOfPage":{"@id":"https:\/\/faifaculdade.com.br\/portal\/17o-congresso-nacional-de-iniciacao-cientifica\/"},"wordCount":410,"publisher":{"@id":"https:\/\/faifaculdade.com.br\/portal\/#organization"},"image":{"@id":"https:\/\/faifaculdade.com.br\/portal\/17o-congresso-nacional-de-iniciacao-cientifica\/#primaryimage"},"thumbnailUrl":"https:\/\/faifaculdade.com.br\/portal\/wp-content\/uploads\/2022\/04\/noticia_201708280721.jpg","articleSection":["Not\u00edcias"],"inLanguage":"pt-BR"},{"@type":"WebPage","@id":"https:\/\/faifaculdade.com.br\/portal\/17o-congresso-nacional-de-iniciacao-cientifica\/","url":"https:\/\/faifaculdade.com.br\/portal\/17o-congresso-nacional-de-iniciacao-cientifica\/","name":"17\u00ba Congresso Nacional de Inicia\u00e7\u00e3o Cient\u00edfica - FAI - Faculdade Irec\u00ea","isPartOf":{"@id":"https:\/\/faifaculdade.com.br\/portal\/#website"},"primaryImageOfPage":{"@id":"https:\/\/faifaculdade.com.br\/portal\/17o-congresso-nacional-de-iniciacao-cientifica\/#primaryimage"},"image":{"@id":"https:\/\/faifaculdade.com.br\/portal\/17o-congresso-nacional-de-iniciacao-cientifica\/#primaryimage"},"thumbnailUrl":"https:\/\/faifaculdade.com.br\/portal\/wp-content\/uploads\/2022\/04\/noticia_201708280721.jpg","datePublished":"2017-08-28T03:00:00+00:00","breadcrumb":{"@id":"https:\/\/faifaculdade.com.br\/portal\/17o-congresso-nacional-de-iniciacao-cientifica\/#breadcrumb"},"inLanguage":"pt-BR","potentialAction":[{"@type":"ReadAction","target":["https:\/\/faifaculdade.com.br\/portal\/17o-congresso-nacional-de-iniciacao-cientifica\/"]}]},{"@type":"ImageObject","inLanguage":"pt-BR","@id":"https:\/\/faifaculdade.com.br\/portal\/17o-congresso-nacional-de-iniciacao-cientifica\/#primaryimage","url":"https:\/\/faifaculdade.com.br\/portal\/wp-content\/uploads\/2022\/04\/noticia_201708280721.jpg","contentUrl":"https:\/\/faifaculdade.com.br\/portal\/wp-content\/uploads\/2022\/04\/noticia_201708280721.jpg","width":900,"height":675},{"@type":"BreadcrumbList","@id":"https:\/\/faifaculdade.com.br\/portal\/17o-congresso-nacional-de-iniciacao-cientifica\/#breadcrumb","itemListElement":[{"@type":"ListItem","position":1,"name":"In\u00edcio","item":"https:\/\/faifaculdade.com.br\/portal\/"},{"@type":"ListItem","position":2,"name":"17\u00ba Congresso Nacional de Inicia\u00e7\u00e3o Cient\u00edfica"}]},{"@type":"WebSite","@id":"https:\/\/faifaculdade.com.br\/portal\/#website","url":"https:\/\/faifaculdade.com.br\/portal\/","name":"FAI - Faculdade Irec\u00ea","description":"Portal da Faculdade Irec\u00ea","publisher":{"@id":"https:\/\/faifaculdade.com.br\/portal\/#organization"},"potentialAction":[{"@type":"SearchAction","target":{"@type":"EntryPoint","urlTemplate":"https:\/\/faifaculdade.com.br\/portal\/?s={search_term_string}"},"query-input":{"@type":"PropertyValueSpecification","valueRequired":true,"valueName":"search_term_string"}}],"inLanguage":"pt-BR"},{"@type":"Organization","@id":"https:\/\/faifaculdade.com.br\/portal\/#organization","name":"FAI - Faculdade Irec\u00ea","url":"https:\/\/faifaculdade.com.br\/portal\/","logo":{"@type":"ImageObject","inLanguage":"pt-BR","@id":"https:\/\/faifaculdade.com.br\/portal\/#\/schema\/logo\/image\/","url":"https:\/\/faifaculdade.com.br\/portal\/wp-content\/uploads\/2023\/04\/cropped-FAI.png","contentUrl":"https:\/\/faifaculdade.com.br\/portal\/wp-content\/uploads\/2023\/04\/cropped-FAI.png","width":3000,"height":1201,"caption":"FAI - Faculdade Irec\u00ea"},"image":{"@id":"https:\/\/faifaculdade.com.br\/portal\/#\/schema\/logo\/image\/"},"sameAs":["https:\/\/www.facebook.com\/faifaculdade","https:\/\/www.instagram.com\/faifaculdade\/"]},{"@type":"Person","@id":"https:\/\/faifaculdade.com.br\/portal\/#\/schema\/person\/cd0e880fdb968293d4d102e4acd90aac","name":"fai-admin","image":{"@type":"ImageObject","inLanguage":"pt-BR","@id":"https:\/\/faifaculdade.com.br\/portal\/#\/schema\/person\/image\/","url":"https:\/\/secure.gravatar.com\/avatar\/baf9a0dc93f1d972c87f8d3e9f1151ae6f621afbcdf9d89d4d70411885770c3f?s=96&d=mm&r=g","contentUrl":"https:\/\/secure.gravatar.com\/avatar\/baf9a0dc93f1d972c87f8d3e9f1151ae6f621afbcdf9d89d4d70411885770c3f?s=96&d=mm&r=g","caption":"fai-admin"},"sameAs":["http:\/\/faifaculdade.com.br"],"url":"https:\/\/faifaculdade.com.br\/portal\/author\/fai-admin\/"}]}},"_links":{"self":[{"href":"https:\/\/faifaculdade.com.br\/portal\/wp-json\/wp\/v2\/posts\/776","targetHints":{"allow":["GET"]}}],"collection":[{"href":"https:\/\/faifaculdade.com.br\/portal\/wp-json\/wp\/v2\/posts"}],"about":[{"href":"https:\/\/faifaculdade.com.br\/portal\/wp-json\/wp\/v2\/types\/post"}],"author":[{"embeddable":true,"href":"https:\/\/faifaculdade.com.br\/portal\/wp-json\/wp\/v2\/users\/1"}],"replies":[{"embeddable":true,"href":"https:\/\/faifaculdade.com.br\/portal\/wp-json\/wp\/v2\/comments?post=776"}],"version-history":[{"count":0,"href":"https:\/\/faifaculdade.com.br\/portal\/wp-json\/wp\/v2\/posts\/776\/revisions"}],"wp:featuredmedia":[{"embeddable":true,"href":"https:\/\/faifaculdade.com.br\/portal\/wp-json\/wp\/v2\/media\/777"}],"wp:attachment":[{"href":"https:\/\/faifaculdade.com.br\/portal\/wp-json\/wp\/v2\/media?parent=776"}],"wp:term":[{"taxonomy":"category","embeddable":true,"href":"https:\/\/faifaculdade.com.br\/portal\/wp-json\/wp\/v2\/categories?post=776"},{"taxonomy":"post_tag","embeddable":true,"href":"https:\/\/faifaculdade.com.br\/portal\/wp-json\/wp\/v2\/tags?post=776"}],"curies":[{"name":"wp","href":"https:\/\/api.w.org\/{rel}","templated":true}]}}