{"id":994,"date":"2018-10-31T03:00:00","date_gmt":"2018-10-31T03:00:00","guid":{"rendered":"faifaculdade.com.br\/portal\/index.php\/2018\/10\/31\/ministro-da-educacao-anuncia-prazo-para-estudantes-renegociarem-divida-com-fies\/"},"modified":"2018-10-31T03:00:00","modified_gmt":"2018-10-31T03:00:00","slug":"ministro-da-educacao-anuncia-prazo-para-estudantes-renegociarem-divida-com-fies","status":"publish","type":"post","link":"https:\/\/faifaculdade.com.br\/portal\/ministro-da-educacao-anuncia-prazo-para-estudantes-renegociarem-divida-com-fies\/","title":{"rendered":"MINISTRO DA EDUCA\u00c7\u00c3O ANUNCIA PRAZO PARA ESTUDANTES RENEGOCIAREM D\u00cdVIDA COM FIES"},"content":{"rendered":"<p style=\"text-align:right\">Por Elida Oliveira, G1<\/p>\n<p style=\"text-align:right\">31\/10\/2018<\/p>\n<p><big>O ministro da Educa&ccedil;&atilde;o, Rossieli Soares, anunciou na manh&atilde; desta quarta-feira (31) que mais de 500 mil estudantes com inadimpl&ecirc;ncia no pagamento do Financiamento Estudantil (Fies) poder&atilde;o renegociar suas d&iacute;vidas.<\/big><\/p>\n<p><big>O n&uacute;mero se refere ao grupo de estudantes que est&atilde;o com mais de 90 dias de atraso no pagamento das parcelas e ter&atilde;o at&eacute; 31 de dezembro de 2019 para regularizarem a situa&ccedil;&atilde;o.<\/big><\/p>\n<p><big>&ldquo;Aprovamos uma resolu&ccedil;&atilde;o que ser&aacute; publicada amanh&atilde; permitindo a renegocia&ccedil;&atilde;o para mais de 500 mil estudantes que est&atilde;o inadimplentes no Fies. &Eacute; muito importante, porque esses estudantes est&atilde;o com mais de 90 dias de atraso, com muitas dificuldades, provavelmente alguns procurando empregos, outros com dificuldades financeiras na fam&iacute;liai, enfim. Esta renegocia&ccedil;&atilde;o ter&aacute; prazo de permiss&atilde;o at&eacute; dia 31 de dezembro de 2019 [para] os estudantes poderem procurar a institui&ccedil;&atilde;o financiadora (Caixa Econ&ocirc;mica, Banco do Brasil, principalmente), para fazer a renegocia&ccedil;&atilde;o&rdquo;, disse.<\/big><\/p>\n<p><big>O an&uacute;ncio foi feito em Bras&iacute;lia durante a coletiva do Minist&eacute;rio da Educa&ccedil;&atilde;o (MEC) e do Instituto Nacional de Estudos e Pesquisas Educacionais An&iacute;sio Teixeira (Inep), sobre o Exame Nacional do Ensino M&eacute;dio (Enem), marcado para este domingo (4).<\/big><\/p>\n<p><big>Segundo Soares, a resolu&ccedil;&atilde;o foi aprovada durante reuni&atilde;o com o Comit&ecirc; Gestor do Fies.<\/big><\/p>\n<p><big>A resolu&ccedil;&atilde;o dever&aacute; ser publicada nesta quinta (1&ordm;), de acordo com Soares e, em breve, ser&aacute; lan&ccedil;ado o edital com mais informa&ccedil;&otilde;es para esta renegocia&ccedil;&atilde;o.<\/big><\/p>\n<p><strong><big>O que &eacute; o Fies?<\/big><\/strong><\/p>\n<p><big>O programa oferece financiamento para estudantes cursarem o ensino superior em universidades privadas. S&atilde;o duas modalidades:<\/big><\/p>\n<p><big><strong>Fies: <\/strong>Candidatos cuja renda familiar per capita seja de at&eacute; 3 sal&aacute;rios m&iacute;nimos. Nesse tipo de financiamento, o pagamento ser&aacute; feito com juros zero.<\/big><\/p>\n<p><big>Caso o estudante se encaixe nessa faixa de renda, s&oacute; poder&aacute; participar do <strong>P-Fies<\/strong> se n&atilde;o houver vaga para o curso desejado na primeira modalidade.<\/big><\/p>\n<p><big>Os candidatos aprovados no Fies dever&atilde;o pagar durante o curso, mensalmente, uma taxa de coparticipa&ccedil;&atilde;o. Ap&oacute;s a conclus&atilde;o da gradua&ccedil;&atilde;o, o estudante quitar&aacute; a d&iacute;vida de acordo com sua realidade financeira. A parcela a ser paga por m&ecirc;s depender&aacute; de sua renda.<\/big><\/p>\n<p>\n<big><strong>P-Fies: <\/strong>Candidatos cuja renda familiar per capita esteja entre 3 e 5 sal&aacute;rios m&iacute;nimos. Nessa modalidade, o financiamento &eacute; feito por condi&ccedil;&otilde;es definidas pelo agente financeiro operador de cr&eacute;dito (banco).<\/big><\/p>\n<p><strong><big>Para se inscrever no Fies, &eacute; necess&aacute;rio:<\/big><\/strong><\/p>\n<ul>\n<li><big>ter participado do Enem a partir da edi&ccedil;&atilde;o de 2010 e obtido m&eacute;dia aritm&eacute;tica das notas nas provas igual ou superior a 450 (quatrocentos e cinquenta) pontos e nota na reda&ccedil;&atilde;o superior a 0 (zero).<\/big><\/li>\n<li><big>possuir renda familiar mensal bruta per capita de: a) at&eacute; 3 (tr&ecirc;s) sal&aacute;rios m&iacute;nimos, na modalidade de financiamento do Fies; b) de 3 (tr&ecirc;s) a 5 (cinco) sal&aacute;rios m&iacute;nimos, na modalidade de financiamento do P-Fies (quando o agente financeiro &eacute; o banco).<\/big><\/li>\n<\/ul>\n<p><big>Aqueles candidatos que j&aacute; s&atilde;o bolsistas parciais do Programa Universidade para Todos (Prouni) podem buscar uma vaga no Fies para financiar os 50% da mensalidade.<\/big><\/p>\n<p><big>N&atilde;o &eacute; permitido que um estudante use o Prouni em uma universidade e o Fies em outra, ao mesmo tempo.<\/big><\/p>\n<p>&nbsp;<\/p>\n<p>Link da mat&eacute;ria original:&nbsp;https:\/\/g1.globo.com\/educacao\/noticia\/2018\/10\/31\/ministro-da-educacao-anuncia-prazo-para-estudantes-renegociarem-divida-com-fies.ghtml<\/p>\n","protected":false},"excerpt":{"rendered":"<p>Por Elida Oliveira, G1 31\/10\/2018 O ministro da Educa&ccedil;&atilde;o, Rossieli Soares, anunciou na manh&atilde; desta quarta-feira (31) que mais de<\/p>\n","protected":false},"author":1,"featured_media":995,"comment_status":"closed","ping_status":"closed","sticky":false,"template":"","format":"standard","meta":{"_editorskit_title_hidden":false,"_editorskit_reading_time":0,"_editorskit_is_block_options_detached":false,"_editorskit_block_options_position":"{}","footnotes":""},"categories":[25],"tags":[],"class_list":["post-994","post","type-post","status-publish","format-standard","has-post-thumbnail","hentry","category-noticias"],"yoast_head":"<!-- This site is optimized with the Yoast SEO plugin v25.3 - https:\/\/yoast.com\/wordpress\/plugins\/seo\/ -->\n<title>MINISTRO DA EDUCA\u00c7\u00c3O ANUNCIA PRAZO PARA ESTUDANTES RENEGOCIAREM D\u00cdVIDA COM FIES - FAI - Faculdade Irec\u00ea<\/title>\n<meta name=\"robots\" content=\"index, follow, max-snippet:-1, max-image-preview:large, max-video-preview:-1\" \/>\n<link rel=\"canonical\" href=\"https:\/\/faifaculdade.com.br\/portal\/ministro-da-educacao-anuncia-prazo-para-estudantes-renegociarem-divida-com-fies\/\" \/>\n<meta property=\"og:locale\" content=\"pt_BR\" \/>\n<meta property=\"og:type\" content=\"article\" \/>\n<meta property=\"og:title\" content=\"MINISTRO DA EDUCA\u00c7\u00c3O ANUNCIA PRAZO PARA ESTUDANTES RENEGOCIAREM D\u00cdVIDA COM FIES - FAI - Faculdade Irec\u00ea\" \/>\n<meta property=\"og:description\" content=\"Por Elida Oliveira, G1 31\/10\/2018 O ministro da Educa&ccedil;&atilde;o, Rossieli Soares, anunciou na manh&atilde; desta quarta-feira (31) que mais de\" \/>\n<meta property=\"og:url\" content=\"https:\/\/faifaculdade.com.br\/portal\/ministro-da-educacao-anuncia-prazo-para-estudantes-renegociarem-divida-com-fies\/\" \/>\n<meta property=\"og:site_name\" content=\"FAI - Faculdade Irec\u00ea\" \/>\n<meta property=\"article:publisher\" content=\"https:\/\/www.facebook.com\/faifaculdade\" \/>\n<meta property=\"article:published_time\" content=\"2018-10-31T03:00:00+00:00\" \/>\n<meta property=\"og:image\" content=\"https:\/\/faifaculdade.com.br\/portal\/wp-content\/uploads\/2022\/04\/noticia_201810310640.png\" \/>\n\t<meta property=\"og:image:width\" content=\"900\" \/>\n\t<meta property=\"og:image:height\" content=\"900\" \/>\n\t<meta property=\"og:image:type\" content=\"image\/png\" \/>\n<meta name=\"author\" content=\"fai-admin\" \/>\n<meta name=\"twitter:card\" content=\"summary_large_image\" \/>\n<meta name=\"twitter:label1\" content=\"Escrito por\" \/>\n\t<meta name=\"twitter:data1\" content=\"fai-admin\" \/>\n\t<meta name=\"twitter:label2\" content=\"Est. tempo de leitura\" \/>\n\t<meta name=\"twitter:data2\" content=\"3 minutos\" \/>\n<script type=\"application\/ld+json\" class=\"yoast-schema-graph\">{\"@context\":\"https:\/\/schema.org\",\"@graph\":[{\"@type\":\"Article\",\"@id\":\"https:\/\/faifaculdade.com.br\/portal\/ministro-da-educacao-anuncia-prazo-para-estudantes-renegociarem-divida-com-fies\/#article\",\"isPartOf\":{\"@id\":\"https:\/\/faifaculdade.com.br\/portal\/ministro-da-educacao-anuncia-prazo-para-estudantes-renegociarem-divida-com-fies\/\"},\"author\":{\"name\":\"fai-admin\",\"@id\":\"https:\/\/faifaculdade.com.br\/portal\/#\/schema\/person\/cd0e880fdb968293d4d102e4acd90aac\"},\"headline\":\"MINISTRO DA EDUCA\u00c7\u00c3O ANUNCIA PRAZO PARA ESTUDANTES RENEGOCIAREM D\u00cdVIDA COM FIES\",\"datePublished\":\"2018-10-31T03:00:00+00:00\",\"mainEntityOfPage\":{\"@id\":\"https:\/\/faifaculdade.com.br\/portal\/ministro-da-educacao-anuncia-prazo-para-estudantes-renegociarem-divida-com-fies\/\"},\"wordCount\":658,\"publisher\":{\"@id\":\"https:\/\/faifaculdade.com.br\/portal\/#organization\"},\"image\":{\"@id\":\"https:\/\/faifaculdade.com.br\/portal\/ministro-da-educacao-anuncia-prazo-para-estudantes-renegociarem-divida-com-fies\/#primaryimage\"},\"thumbnailUrl\":\"https:\/\/faifaculdade.com.br\/portal\/wp-content\/uploads\/2022\/04\/noticia_201810310640.png\",\"articleSection\":[\"Not\u00edcias\"],\"inLanguage\":\"pt-BR\"},{\"@type\":\"WebPage\",\"@id\":\"https:\/\/faifaculdade.com.br\/portal\/ministro-da-educacao-anuncia-prazo-para-estudantes-renegociarem-divida-com-fies\/\",\"url\":\"https:\/\/faifaculdade.com.br\/portal\/ministro-da-educacao-anuncia-prazo-para-estudantes-renegociarem-divida-com-fies\/\",\"name\":\"MINISTRO DA EDUCA\u00c7\u00c3O ANUNCIA PRAZO PARA ESTUDANTES RENEGOCIAREM D\u00cdVIDA COM FIES - FAI - Faculdade Irec\u00ea\",\"isPartOf\":{\"@id\":\"https:\/\/faifaculdade.com.br\/portal\/#website\"},\"primaryImageOfPage\":{\"@id\":\"https:\/\/faifaculdade.com.br\/portal\/ministro-da-educacao-anuncia-prazo-para-estudantes-renegociarem-divida-com-fies\/#primaryimage\"},\"image\":{\"@id\":\"https:\/\/faifaculdade.com.br\/portal\/ministro-da-educacao-anuncia-prazo-para-estudantes-renegociarem-divida-com-fies\/#primaryimage\"},\"thumbnailUrl\":\"https:\/\/faifaculdade.com.br\/portal\/wp-content\/uploads\/2022\/04\/noticia_201810310640.png\",\"datePublished\":\"2018-10-31T03:00:00+00:00\",\"breadcrumb\":{\"@id\":\"https:\/\/faifaculdade.com.br\/portal\/ministro-da-educacao-anuncia-prazo-para-estudantes-renegociarem-divida-com-fies\/#breadcrumb\"},\"inLanguage\":\"pt-BR\",\"potentialAction\":[{\"@type\":\"ReadAction\",\"target\":[\"https:\/\/faifaculdade.com.br\/portal\/ministro-da-educacao-anuncia-prazo-para-estudantes-renegociarem-divida-com-fies\/\"]}]},{\"@type\":\"ImageObject\",\"inLanguage\":\"pt-BR\",\"@id\":\"https:\/\/faifaculdade.com.br\/portal\/ministro-da-educacao-anuncia-prazo-para-estudantes-renegociarem-divida-com-fies\/#primaryimage\",\"url\":\"https:\/\/faifaculdade.com.br\/portal\/wp-content\/uploads\/2022\/04\/noticia_201810310640.png\",\"contentUrl\":\"https:\/\/faifaculdade.com.br\/portal\/wp-content\/uploads\/2022\/04\/noticia_201810310640.png\",\"width\":900,\"height\":900},{\"@type\":\"BreadcrumbList\",\"@id\":\"https:\/\/faifaculdade.com.br\/portal\/ministro-da-educacao-anuncia-prazo-para-estudantes-renegociarem-divida-com-fies\/#breadcrumb\",\"itemListElement\":[{\"@type\":\"ListItem\",\"position\":1,\"name\":\"In\u00edcio\",\"item\":\"https:\/\/faifaculdade.com.br\/portal\/\"},{\"@type\":\"ListItem\",\"position\":2,\"name\":\"MINISTRO DA EDUCA\u00c7\u00c3O ANUNCIA PRAZO PARA ESTUDANTES RENEGOCIAREM D\u00cdVIDA COM FIES\"}]},{\"@type\":\"WebSite\",\"@id\":\"https:\/\/faifaculdade.com.br\/portal\/#website\",\"url\":\"https:\/\/faifaculdade.com.br\/portal\/\",\"name\":\"FAI - Faculdade Irec\u00ea\",\"description\":\"Portal da Faculdade Irec\u00ea\",\"publisher\":{\"@id\":\"https:\/\/faifaculdade.com.br\/portal\/#organization\"},\"potentialAction\":[{\"@type\":\"SearchAction\",\"target\":{\"@type\":\"EntryPoint\",\"urlTemplate\":\"https:\/\/faifaculdade.com.br\/portal\/?s={search_term_string}\"},\"query-input\":{\"@type\":\"PropertyValueSpecification\",\"valueRequired\":true,\"valueName\":\"search_term_string\"}}],\"inLanguage\":\"pt-BR\"},{\"@type\":\"Organization\",\"@id\":\"https:\/\/faifaculdade.com.br\/portal\/#organization\",\"name\":\"FAI - Faculdade Irec\u00ea\",\"url\":\"https:\/\/faifaculdade.com.br\/portal\/\",\"logo\":{\"@type\":\"ImageObject\",\"inLanguage\":\"pt-BR\",\"@id\":\"https:\/\/faifaculdade.com.br\/portal\/#\/schema\/logo\/image\/\",\"url\":\"https:\/\/faifaculdade.com.br\/portal\/wp-content\/uploads\/2023\/04\/cropped-FAI.png\",\"contentUrl\":\"https:\/\/faifaculdade.com.br\/portal\/wp-content\/uploads\/2023\/04\/cropped-FAI.png\",\"width\":3000,\"height\":1201,\"caption\":\"FAI - Faculdade Irec\u00ea\"},\"image\":{\"@id\":\"https:\/\/faifaculdade.com.br\/portal\/#\/schema\/logo\/image\/\"},\"sameAs\":[\"https:\/\/www.facebook.com\/faifaculdade\",\"https:\/\/www.instagram.com\/faifaculdade\/\"]},{\"@type\":\"Person\",\"@id\":\"https:\/\/faifaculdade.com.br\/portal\/#\/schema\/person\/cd0e880fdb968293d4d102e4acd90aac\",\"name\":\"fai-admin\",\"image\":{\"@type\":\"ImageObject\",\"inLanguage\":\"pt-BR\",\"@id\":\"https:\/\/faifaculdade.com.br\/portal\/#\/schema\/person\/image\/\",\"url\":\"https:\/\/secure.gravatar.com\/avatar\/baf9a0dc93f1d972c87f8d3e9f1151ae6f621afbcdf9d89d4d70411885770c3f?s=96&d=mm&r=g\",\"contentUrl\":\"https:\/\/secure.gravatar.com\/avatar\/baf9a0dc93f1d972c87f8d3e9f1151ae6f621afbcdf9d89d4d70411885770c3f?s=96&d=mm&r=g\",\"caption\":\"fai-admin\"},\"sameAs\":[\"http:\/\/faifaculdade.com.br\"],\"url\":\"https:\/\/faifaculdade.com.br\/portal\/author\/fai-admin\/\"}]}<\/script>\n<!-- \/ Yoast SEO plugin. -->","yoast_head_json":{"title":"MINISTRO DA EDUCA\u00c7\u00c3O ANUNCIA PRAZO PARA ESTUDANTES RENEGOCIAREM D\u00cdVIDA COM FIES - FAI - Faculdade Irec\u00ea","robots":{"index":"index","follow":"follow","max-snippet":"max-snippet:-1","max-image-preview":"max-image-preview:large","max-video-preview":"max-video-preview:-1"},"canonical":"https:\/\/faifaculdade.com.br\/portal\/ministro-da-educacao-anuncia-prazo-para-estudantes-renegociarem-divida-com-fies\/","og_locale":"pt_BR","og_type":"article","og_title":"MINISTRO DA EDUCA\u00c7\u00c3O ANUNCIA PRAZO PARA ESTUDANTES RENEGOCIAREM D\u00cdVIDA COM FIES - FAI - Faculdade Irec\u00ea","og_description":"Por Elida Oliveira, G1 31\/10\/2018 O ministro da Educa&ccedil;&atilde;o, Rossieli Soares, anunciou na manh&atilde; desta quarta-feira (31) que mais de","og_url":"https:\/\/faifaculdade.com.br\/portal\/ministro-da-educacao-anuncia-prazo-para-estudantes-renegociarem-divida-com-fies\/","og_site_name":"FAI - Faculdade Irec\u00ea","article_publisher":"https:\/\/www.facebook.com\/faifaculdade","article_published_time":"2018-10-31T03:00:00+00:00","og_image":[{"width":900,"height":900,"url":"https:\/\/faifaculdade.com.br\/portal\/wp-content\/uploads\/2022\/04\/noticia_201810310640.png","type":"image\/png"}],"author":"fai-admin","twitter_card":"summary_large_image","twitter_misc":{"Escrito por":"fai-admin","Est. tempo de leitura":"3 minutos"},"schema":{"@context":"https:\/\/schema.org","@graph":[{"@type":"Article","@id":"https:\/\/faifaculdade.com.br\/portal\/ministro-da-educacao-anuncia-prazo-para-estudantes-renegociarem-divida-com-fies\/#article","isPartOf":{"@id":"https:\/\/faifaculdade.com.br\/portal\/ministro-da-educacao-anuncia-prazo-para-estudantes-renegociarem-divida-com-fies\/"},"author":{"name":"fai-admin","@id":"https:\/\/faifaculdade.com.br\/portal\/#\/schema\/person\/cd0e880fdb968293d4d102e4acd90aac"},"headline":"MINISTRO DA EDUCA\u00c7\u00c3O ANUNCIA PRAZO PARA ESTUDANTES RENEGOCIAREM D\u00cdVIDA COM FIES","datePublished":"2018-10-31T03:00:00+00:00","mainEntityOfPage":{"@id":"https:\/\/faifaculdade.com.br\/portal\/ministro-da-educacao-anuncia-prazo-para-estudantes-renegociarem-divida-com-fies\/"},"wordCount":658,"publisher":{"@id":"https:\/\/faifaculdade.com.br\/portal\/#organization"},"image":{"@id":"https:\/\/faifaculdade.com.br\/portal\/ministro-da-educacao-anuncia-prazo-para-estudantes-renegociarem-divida-com-fies\/#primaryimage"},"thumbnailUrl":"https:\/\/faifaculdade.com.br\/portal\/wp-content\/uploads\/2022\/04\/noticia_201810310640.png","articleSection":["Not\u00edcias"],"inLanguage":"pt-BR"},{"@type":"WebPage","@id":"https:\/\/faifaculdade.com.br\/portal\/ministro-da-educacao-anuncia-prazo-para-estudantes-renegociarem-divida-com-fies\/","url":"https:\/\/faifaculdade.com.br\/portal\/ministro-da-educacao-anuncia-prazo-para-estudantes-renegociarem-divida-com-fies\/","name":"MINISTRO DA EDUCA\u00c7\u00c3O ANUNCIA PRAZO PARA ESTUDANTES RENEGOCIAREM D\u00cdVIDA COM FIES - FAI - Faculdade Irec\u00ea","isPartOf":{"@id":"https:\/\/faifaculdade.com.br\/portal\/#website"},"primaryImageOfPage":{"@id":"https:\/\/faifaculdade.com.br\/portal\/ministro-da-educacao-anuncia-prazo-para-estudantes-renegociarem-divida-com-fies\/#primaryimage"},"image":{"@id":"https:\/\/faifaculdade.com.br\/portal\/ministro-da-educacao-anuncia-prazo-para-estudantes-renegociarem-divida-com-fies\/#primaryimage"},"thumbnailUrl":"https:\/\/faifaculdade.com.br\/portal\/wp-content\/uploads\/2022\/04\/noticia_201810310640.png","datePublished":"2018-10-31T03:00:00+00:00","breadcrumb":{"@id":"https:\/\/faifaculdade.com.br\/portal\/ministro-da-educacao-anuncia-prazo-para-estudantes-renegociarem-divida-com-fies\/#breadcrumb"},"inLanguage":"pt-BR","potentialAction":[{"@type":"ReadAction","target":["https:\/\/faifaculdade.com.br\/portal\/ministro-da-educacao-anuncia-prazo-para-estudantes-renegociarem-divida-com-fies\/"]}]},{"@type":"ImageObject","inLanguage":"pt-BR","@id":"https:\/\/faifaculdade.com.br\/portal\/ministro-da-educacao-anuncia-prazo-para-estudantes-renegociarem-divida-com-fies\/#primaryimage","url":"https:\/\/faifaculdade.com.br\/portal\/wp-content\/uploads\/2022\/04\/noticia_201810310640.png","contentUrl":"https:\/\/faifaculdade.com.br\/portal\/wp-content\/uploads\/2022\/04\/noticia_201810310640.png","width":900,"height":900},{"@type":"BreadcrumbList","@id":"https:\/\/faifaculdade.com.br\/portal\/ministro-da-educacao-anuncia-prazo-para-estudantes-renegociarem-divida-com-fies\/#breadcrumb","itemListElement":[{"@type":"ListItem","position":1,"name":"In\u00edcio","item":"https:\/\/faifaculdade.com.br\/portal\/"},{"@type":"ListItem","position":2,"name":"MINISTRO DA EDUCA\u00c7\u00c3O ANUNCIA PRAZO PARA ESTUDANTES RENEGOCIAREM D\u00cdVIDA COM FIES"}]},{"@type":"WebSite","@id":"https:\/\/faifaculdade.com.br\/portal\/#website","url":"https:\/\/faifaculdade.com.br\/portal\/","name":"FAI - Faculdade Irec\u00ea","description":"Portal da Faculdade Irec\u00ea","publisher":{"@id":"https:\/\/faifaculdade.com.br\/portal\/#organization"},"potentialAction":[{"@type":"SearchAction","target":{"@type":"EntryPoint","urlTemplate":"https:\/\/faifaculdade.com.br\/portal\/?s={search_term_string}"},"query-input":{"@type":"PropertyValueSpecification","valueRequired":true,"valueName":"search_term_string"}}],"inLanguage":"pt-BR"},{"@type":"Organization","@id":"https:\/\/faifaculdade.com.br\/portal\/#organization","name":"FAI - Faculdade Irec\u00ea","url":"https:\/\/faifaculdade.com.br\/portal\/","logo":{"@type":"ImageObject","inLanguage":"pt-BR","@id":"https:\/\/faifaculdade.com.br\/portal\/#\/schema\/logo\/image\/","url":"https:\/\/faifaculdade.com.br\/portal\/wp-content\/uploads\/2023\/04\/cropped-FAI.png","contentUrl":"https:\/\/faifaculdade.com.br\/portal\/wp-content\/uploads\/2023\/04\/cropped-FAI.png","width":3000,"height":1201,"caption":"FAI - Faculdade Irec\u00ea"},"image":{"@id":"https:\/\/faifaculdade.com.br\/portal\/#\/schema\/logo\/image\/"},"sameAs":["https:\/\/www.facebook.com\/faifaculdade","https:\/\/www.instagram.com\/faifaculdade\/"]},{"@type":"Person","@id":"https:\/\/faifaculdade.com.br\/portal\/#\/schema\/person\/cd0e880fdb968293d4d102e4acd90aac","name":"fai-admin","image":{"@type":"ImageObject","inLanguage":"pt-BR","@id":"https:\/\/faifaculdade.com.br\/portal\/#\/schema\/person\/image\/","url":"https:\/\/secure.gravatar.com\/avatar\/baf9a0dc93f1d972c87f8d3e9f1151ae6f621afbcdf9d89d4d70411885770c3f?s=96&d=mm&r=g","contentUrl":"https:\/\/secure.gravatar.com\/avatar\/baf9a0dc93f1d972c87f8d3e9f1151ae6f621afbcdf9d89d4d70411885770c3f?s=96&d=mm&r=g","caption":"fai-admin"},"sameAs":["http:\/\/faifaculdade.com.br"],"url":"https:\/\/faifaculdade.com.br\/portal\/author\/fai-admin\/"}]}},"_links":{"self":[{"href":"https:\/\/faifaculdade.com.br\/portal\/wp-json\/wp\/v2\/posts\/994","targetHints":{"allow":["GET"]}}],"collection":[{"href":"https:\/\/faifaculdade.com.br\/portal\/wp-json\/wp\/v2\/posts"}],"about":[{"href":"https:\/\/faifaculdade.com.br\/portal\/wp-json\/wp\/v2\/types\/post"}],"author":[{"embeddable":true,"href":"https:\/\/faifaculdade.com.br\/portal\/wp-json\/wp\/v2\/users\/1"}],"replies":[{"embeddable":true,"href":"https:\/\/faifaculdade.com.br\/portal\/wp-json\/wp\/v2\/comments?post=994"}],"version-history":[{"count":0,"href":"https:\/\/faifaculdade.com.br\/portal\/wp-json\/wp\/v2\/posts\/994\/revisions"}],"wp:featuredmedia":[{"embeddable":true,"href":"https:\/\/faifaculdade.com.br\/portal\/wp-json\/wp\/v2\/media\/995"}],"wp:attachment":[{"href":"https:\/\/faifaculdade.com.br\/portal\/wp-json\/wp\/v2\/media?parent=994"}],"wp:term":[{"taxonomy":"category","embeddable":true,"href":"https:\/\/faifaculdade.com.br\/portal\/wp-json\/wp\/v2\/categories?post=994"},{"taxonomy":"post_tag","embeddable":true,"href":"https:\/\/faifaculdade.com.br\/portal\/wp-json\/wp\/v2\/tags?post=994"}],"curies":[{"name":"wp","href":"https:\/\/api.w.org\/{rel}","templated":true}]}}